{"id":3871,"date":"2017-03-17T08:37:24","date_gmt":"2017-03-17T07:37:24","guid":{"rendered":"http:\/\/blogs.diariovasco.com\/apartirdelos50\/?p=3871"},"modified":"2017-03-17T10:44:24","modified_gmt":"2017-03-17T09:44:24","slug":"excursion-solitaria","status":"publish","type":"post","link":"https:\/\/blogs.diariovasco.com\/apartirdelos50\/2017\/03\/17\/excursion-solitaria\/","title":{"rendered":"Excursi\u00f3n solitaria"},"content":{"rendered":"<p>&nbsp;<\/p>\n<p><span style=\"font-size: large;\">\u00a0<a href=\"\/apartirdelos50\/wp-content\/uploads\/sites\/19\/2017\/03\/Hendaya-Marzo-20171-1.jpeg\"><img loading=\"lazy\" class=\"aligncenter size-full wp-image-3873\" title=\"Hendaya Marzo 2017\" src=\"\/apartirdelos50\/wp-content\/uploads\/sites\/19\/2017\/03\/Hendaya-Marzo-20171-1.jpeg\" alt=\"\" width=\"1008\" height=\"756\" srcset=\"https:\/\/static-blogs.diariovasco.com\/wp-content\/uploads\/sites\/19\/2017\/03\/Hendaya-Marzo-20171-1.jpeg 1008w, https:\/\/static-blogs.diariovasco.com\/wp-content\/uploads\/sites\/19\/2017\/03\/Hendaya-Marzo-20171-1-300x225.jpeg 300w, https:\/\/static-blogs.diariovasco.com\/wp-content\/uploads\/sites\/19\/2017\/03\/Hendaya-Marzo-20171-1-768x576.jpeg 768w\" sizes=\"(max-width: 1008px) 100vw, 1008px\" \/><\/a><\/span><\/p>\n<p><span style=\"font-size: large;\">De repente se ocult\u00f3 el invierno y sali\u00f3 al escenario un falso veranillo. Todo fue af\u00e1n de buscar sandalias y camisetas y ver si no estaba caducada la \u00faltima protecci\u00f3n solar. El aire c\u00e1lido empujaba fuera de las paredes, de cualquier tipo de paredes. <\/span><\/p>\n<p><span style=\"font-size: large;\">A tan s\u00f3lo una veintena de kil\u00f3metros el sol sigue siendo el mismo, pero la \u201cfrontera\u201d no es nada sutil. Han quitado las barreras para acceder a ese \u201cotro mundo\u201d que, tantos a\u00f1os despu\u00e9s de visitarlo, nos sigue pareciendo peculiar. Hablo del pa\u00eds franc\u00e9s que, aunque aqu\u00ed se le llame \u201cvasco-franc\u00e9s\u201d tiene mucho m\u00e1s de lo segundo que de lo primero. <\/span><\/p>\n<p><span style=\"font-size: large;\">Aprecio agradecida el silencio de sus calles a partir del mediod\u00eda, ese momento de locura de hormiguero que hay en mi ciudad y que desaparece en \u201cel otro lado\u201d. Placer donde los haya pasear por la arena de una largu\u00edsima playa \u201cabandonada\u201d por quienes tienen por costumbre y necesidad comer dos horas antes que lo que marca mi costumbre y necesidad. <\/span><\/p>\n<p><span style=\"font-size: large;\">\u00a0<a href=\"\/apartirdelos50\/wp-content\/uploads\/sites\/19\/2017\/03\/Hendaya-Marzo-2017-1-1.jpeg\"><img loading=\"lazy\" class=\"alignleft size-medium wp-image-3874\" title=\"Hendaya Marzo 2017-1\" src=\"\/apartirdelos50\/wp-content\/uploads\/sites\/19\/2017\/03\/Hendaya-Marzo-2017-1-1.jpg\" alt=\"\" width=\"300\" height=\"225\" \/><\/a><\/span><\/p>\n<p><span style=\"font-size: large;\">Esas dos horas que nos regala \u201cla France\u201d mientras ellos hacen la pausa de mediod\u00eda a los que todav\u00eda no tenemos ganas de comer. Esa desbandada feliz de paseos y parques y calles y jardines. Regalo para el visitante que se convierte moment\u00e1neamente en due\u00f1o y se\u00f1or del territorio liberado a la carrera de quienes cierran puertas y ventanas para sentarse a la mesa.<\/span><\/p>\n<p><span style=\"font-size: large;\">\u00a0<\/span><\/p>\n<p><span style=\"font-size: large;\">Mojo mis pies en el agua fr\u00eda del mes de marzo. A\u00a0la derecha, el oc\u00e9ano reventando con fuerza me arrastra\u00a0la vista hasta el horizonte subyug\u00e1ndome el tiempo de pasear por la orilla hasta donde el agua se mezcla con las rocas. Siento el placer de dirigir mi vista ahora hacia la izquierda y seguir disfrutando mientras mis piernas se cansan de caminar por la arena y mi coraz\u00f3n descansa.<\/span><\/p>\n<p><span style=\"font-size: large;\">\u00a0<a href=\"\/apartirdelos50\/wp-content\/uploads\/sites\/19\/2017\/03\/Hendaya-Marzo-2017-5-1.jpeg\"><img loading=\"lazy\" class=\"alignright size-medium wp-image-3876\" title=\"Hendaya Marzo 2017-5\" src=\"\/apartirdelos50\/wp-content\/uploads\/sites\/19\/2017\/03\/Hendaya-Marzo-2017-5-1.jpg\" alt=\"\" width=\"300\" height=\"224\" \/><\/a><\/span><\/p>\n<p><span style=\"font-size: large;\">Camino en solitario para no distraer\u00a0el pensamiento conversando. \u00a1Ay si yo encontrara con quien caminar en silencio cuando hace falta callar! Dej\u00e9 de lado y con dolor a quien cre\u00eda que la compa\u00f1\u00eda consiste en no dejar de hablar; comentarlo todo, poner palabras a la emoci\u00f3n, una especie de \u201cbanda sonora\u201d que no cesa y distrae de lo verdaderamente importante: la naturaleza, el pensamiento, la paz.<\/span><\/p>\n<p><span style=\"font-size: large;\">\u00a0<\/span><\/p>\n<p><span style=\"font-size: large;\">Dos horas intensas por la orilla del mar. Y luego, bajo los \u00e1rboles acogedores, mirando a la bah\u00eda calma, cuando ya todos vuelven a sus afanes despu\u00e9s del par\u00f3n del mediod\u00eda, calmar el hambre y la sed con la satisfacci\u00f3n del \u201cdeber cumplido\u201d.<\/span><\/p>\n<p><span style=\"font-size: large;\">Ellos, los franceses, vienen a mi ciudad a disfrutar con el gent\u00edo de los comercios, a atiborrarse de comida diferente a la suya en las barras de los bares; buscan la sorpresa \u2013una y otra vez- de un pueblo tan cercano y tan diferente que come cuando ellos ya han hecho la digesti\u00f3n, que descansa y hace la siesta mientras ellos se afanan veloces para \u201cconciliar\u201d y acabar sus jornadas lo antes posible para cenar a la hora de la merienda e irse a dormir cuando \u201clos otros\u201d comienzan a cenar.<\/span><\/p>\n<p><span style=\"font-size: large;\">\u00a0<a href=\"\/apartirdelos50\/wp-content\/uploads\/sites\/19\/2017\/03\/Hendaya-Marzo-2017-4-1.jpeg\"><img loading=\"lazy\" class=\"alignleft size-medium wp-image-3877\" title=\"Hendaya Marzo 2017-4\" src=\"\/apartirdelos50\/wp-content\/uploads\/sites\/19\/2017\/03\/Hendaya-Marzo-2017-4-1.jpg\" alt=\"\" width=\"300\" height=\"225\" \/><\/a><\/span><\/p>\n<p><span style=\"font-size: large;\">Y no hay tanta libertad de elecci\u00f3n, los horarios vitales vienen impuestos de f\u00e1brica, en cada familia se imponen con la educaci\u00f3n, y esa impronta es para toda la vida, ni se cambia ni nadie quiere cambiarla por eso, mi gran placer es ir cuando ellos no est\u00e1n y volver cuando ellos reaparecen.<\/span><\/p>\n<p><span style=\"font-size: large;\">\u00a0<\/span><\/p>\n<p><span style=\"font-size: large;\">Igual es una actitud ante la vida, la m\u00eda, de escaparme de los reba\u00f1os, de huir de multitudes, sin desprecio pero con insistencia. Con el ruido no me escucho, en el tumulto no me siento; la br\u00fajula interna se me vuelve loca, mis pasos se tornan indecisos. Necesito y quiero notar mi conexi\u00f3n con la naturaleza y lo que hay \u201cpor ah\u00ed arriba\u201d de forma n\u00edtida. Es como la m\u00fasica, que me arrebata en la soledad del hogar invadi\u00e9ndome con libertad y me pone nerviosa comparti\u00e9ndola con una multitud vociferante o que tose y cuchichea en forzadas posturas del patio de butacas.<\/span><\/p>\n<p><span style=\"font-size: large;\">\u00a0<a href=\"\/apartirdelos50\/wp-content\/uploads\/sites\/19\/2017\/03\/Hendaya-Marzo-2017-21-1.jpeg\"><img loading=\"lazy\" class=\"alignleft size-medium wp-image-3879\" title=\"Hendaya Marzo 2017-2\" src=\"\/apartirdelos50\/wp-content\/uploads\/sites\/19\/2017\/03\/Hendaya-Marzo-2017-21-1.jpg\" alt=\"\" width=\"225\" height=\"300\" \/><\/a><\/span><\/p>\n<p><span style=\"font-size: large;\">La belleza est\u00e1 ah\u00ed, al alcance de\u00a0la mano, y para disfrutarla no es menester tener alguien al lado. Tan s\u00f3lo tengo que desperezarme e ir donde est\u00e1\u2026esper\u00e1ndome.<\/span><\/p>\n<p><span style=\"font-size: large;\">\u00a0<\/span><span style=\"font-size: large;\">En fin.<\/span><\/p>\n<p><span style=\"font-size: large;\">\u00a0<\/span><span style=\"font-size: large;\">LaAlquimista<\/span><\/p>\n<p><span style=\"font-size: large;\"><a href=\"https:\/\/www.facebook.com\/laalquimistaapartirdelos50\/\" rel=\"external nofollow\"><span style=\"color: #0000ff;\">https:\/\/www.facebook.com\/laalquimistaapartirdelos50\/<\/span><\/a><\/span><\/p>\n<p><span style=\"font-size: large;\">\u00a0<\/span><\/p>\n<p><span style=\"font-size: large;\">Por si alguien desea contactar:<\/span><\/p>\n<p><span style=\"font-size: large;\">apartirdeloscincuenta@gmail.com<\/span><\/p>\n<p>Fotos. Cecilia Casado<\/p>\n<!-- AddThis Advanced Settings generic via filter on the_content --><!-- AddThis Share Buttons generic via filter on the_content -->","protected":false},"excerpt":{"rendered":"<p>&nbsp; \u00a0 De repente se ocult\u00f3 el invierno y sali\u00f3 al escenario un falso veranillo. Todo fue af\u00e1n de buscar sandalias y camisetas y ver si no estaba caducada la \u00faltima protecci\u00f3n solar. El aire c\u00e1lido empujaba fuera de las paredes, de cualquier tipo de paredes. A tan s\u00f3lo una veintena de kil\u00f3metros el sol [&hellip;]<!-- AddThis Advanced Settings generic via filter on get_the_excerpt --><!-- AddThis Share Buttons generic via filter on get_the_excerpt --><\/p>\n","protected":false},"author":34,"featured_media":0,"comment_status":"open","ping_status":"closed","sticky":false,"template":"","format":"standard","meta":[],"categories":[3],"tags":[],"_links":{"self":[{"href":"https:\/\/blogs.diariovasco.com\/apartirdelos50\/wp-json\/wp\/v2\/posts\/3871"}],"collection":[{"href":"https:\/\/blogs.diariovasco.com\/apartirdelos50\/wp-json\/wp\/v2\/posts"}],"about":[{"href":"https:\/\/blogs.diariovasco.com\/apartirdelos50\/wp-json\/wp\/v2\/types\/post"}],"author":[{"embeddable":true,"href":"https:\/\/blogs.diariovasco.com\/apartirdelos50\/wp-json\/wp\/v2\/users\/34"}],"replies":[{"embeddable":true,"href":"https:\/\/blogs.diariovasco.com\/apartirdelos50\/wp-json\/wp\/v2\/comments?post=3871"}],"version-history":[{"count":1,"href":"https:\/\/blogs.diariovasco.com\/apartirdelos50\/wp-json\/wp\/v2\/posts\/3871\/revisions"}],"predecessor-version":[{"id":3880,"href":"https:\/\/blogs.diariovasco.com\/apartirdelos50\/wp-json\/wp\/v2\/posts\/3871\/revisions\/3880"}],"wp:attachment":[{"href":"https:\/\/blogs.diariovasco.com\/apartirdelos50\/wp-json\/wp\/v2\/media?parent=3871"}],"wp:term":[{"taxonomy":"category","embeddable":true,"href":"https:\/\/blogs.diariovasco.com\/apartirdelos50\/wp-json\/wp\/v2\/categories?post=3871"},{"taxonomy":"post_tag","embeddable":true,"href":"https:\/\/blogs.diariovasco.com\/apartirdelos50\/wp-json\/wp\/v2\/tags?post=3871"}],"curies":[{"name":"wp","href":"https:\/\/api.w.org\/{rel}","templated":true}]}}