{"id":4384,"date":"2017-12-18T09:15:08","date_gmt":"2017-12-18T08:15:08","guid":{"rendered":"http:\/\/blogs.diariovasco.com\/apartirdelos50\/?p=4384"},"modified":"2017-12-10T20:06:17","modified_gmt":"2017-12-10T19:06:17","slug":"reflexion-del-lunes-cada-oveja-con-su-pareja","status":"publish","type":"post","link":"https:\/\/blogs.diariovasco.com\/apartirdelos50\/2017\/12\/18\/reflexion-del-lunes-cada-oveja-con-su-pareja\/","title":{"rendered":"Reflexi\u00f3n del lunes. &#8220;Cada oveja con su pareja&#8221;"},"content":{"rendered":"<div><\/div>\n<div>\u00a0<img loading=\"lazy\" class=\"alignnone size-medium\" src=\"\/\/www.pekelandia.com\/wp-content\/uploads\/2011\/01\/cada-oveja-con-su-pareja.jpg\" alt=\"\" width=\"448\" height=\"238\" \/><\/div>\n<div>Creo que a los de mi generaci\u00f3n nos lo dijeron de mil maneras para que tuvi\u00e9ramos presente la lecci\u00f3n: que cada oveja ten\u00eda que ir con su pareja y todo lo que fuera salirse de ah\u00ed llevaba a crear situaciones problem\u00e1ticas y de dif\u00edcil soluci\u00f3n. Se refer\u00edan \u2013padres, educadores y sociedad en general- a convencernos a los j\u00f3venes que ten\u00edamos que encontrar nuestro acomodo en el mundo en el entorno de nuestra misma \u201cclase social\u201d.<\/div>\n<div>Unos ni se lo cuestionaron \u2013posici\u00f3n c\u00f3moda- y otros tuvimos la primera oportunidad de poner en funcionamiento la maquinaria de pensar \u2013posici\u00f3n inc\u00f3moda-.<br \/>\nTan disparejo era que una se\u00f1orita de buena familia se casara con un obrero \u2013antes se dec\u00eda \u201cobrero\u201d, con conciencia de clase, nada de \u201ctrabajador\u201d- como que un universitario se emparejara con una chica sin estudios, aunque se hac\u00edan ambas cosas \u2013sobre todo por la v\u00eda del embarazo imprevisto- y luego acababan la mayor\u00eda de las historias como el rosario de la aurora. Pero ah\u00ed donde las familias \u2013y la sociedad- intentaban mantener un criterio clasista (porque tanto desprecio encubierto hab\u00eda en una direcci\u00f3n como en otra), a los que ten\u00edamos quince a\u00f1os en el 68 nos sali\u00f3 una vena rebelde que nos estuvo dando la lata durante unos cuantos lustros con desiguales resultados.<\/div>\n<div><\/div>\n<div>Afortunadamente, a pocos de mis amigos les importa ya que sus hijos realicen la coyunda con gente de apellidos m\u00e1s o menos largos, primando el contento y el equilibrio emocional de los v\u00e1stagos por encima de otras consideraciones m\u00e1s mundanas. Y esto cogi\u00e9ndolo con pinzas, que de todo hay todav\u00eda en la vi\u00f1a del Se\u00f1or y a ver a qu\u00e9 madre o padre le va a molestar que su reto\u00f1o del alma se junte con alguien que, adem\u00e1s de ser \u201cbuena persona\u201d, sea un triunfador en ciernes\u2026<\/div>\n<div><\/div>\n<div>Sin embargo, nosotros los que tenemos m\u00e1s de cincuenta a\u00f1os y jugamos en su d\u00eda a ser j\u00f3venes rebeldes \u2013porque aqu\u00ed era rid\u00edculo intentar ser \u201cenfant terrible\u201d- nos vemos abocados a recolocar el list\u00f3n.<\/div>\n<div><\/div>\n<div>Despu\u00e9s de lo visto, haciendo balance de lo vivido, igual vamos a tener que darle la raz\u00f3n a la abuela que dec\u00eda aquello de \u201ccada oveja con su pareja\u201d, porque\u2026 \u00bfQui\u00e9n podr\u00e1 aguantar a estas alturas, cuando hay cada vez menos por vivir, compartir el tiempo y los sue\u00f1os que quedan con alguien que no entienda la vida como uno mismo? \u00bfC\u00f3mo resisten relaciones a\u00f1ejas entre una persona alegre y una persona triste? \u00bfEn qu\u00e9 basarse para dormir al lado de alguien que no comparte nuestro proyecto vital o incluso que no tiene ninguno?<\/div>\n<div><\/div>\n<div>\u00bfQu\u00e9 ser\u00eda de mi vida, c\u00f3mo me mantendr\u00eda risue\u00f1a y moderadamente feliz si no pudiera compartir con mis allegados las inquietudes que me espolean? Si me gusta el arte, la cultura, leer y escribir, viajar y so\u00f1ar, el silencio y la reflexi\u00f3n, sentir la naturaleza y la sangre corriendo por mis venas\u2026 \u00bfcon qui\u00e9n sino con personas que tengan la misma inquietud, el mismo inter\u00e9s, puedo sentirme a gusto y tranquila?<\/div>\n<div><\/div>\n<div>De sabios \u2013dicen- es rectificar; as\u00ed que me voy a plantear muy en serio el tema ahora que todav\u00eda puedo plante\u00e1rmelo. Cada oveja con su pareja y lo dem\u00e1s son ganas de pasarlo mal\u2026 el tiempo que queda por vivir.<\/div>\n<div><\/div>\n<div>Felices los felices.<\/div>\n<div><\/div>\n<div>LaAlquimista<\/div>\n<div>Por si alguien desea contactar:<\/div>\n<div>apartirdeloscincuenta@gmail.com<\/div>\n<div><\/div>\n<!-- AddThis Advanced Settings generic via filter on the_content --><!-- AddThis Share Buttons generic via filter on the_content -->","protected":false},"excerpt":{"rendered":"<p>\u00a0 Creo que a los de mi generaci\u00f3n nos lo dijeron de mil maneras para que tuvi\u00e9ramos presente la lecci\u00f3n: que cada oveja ten\u00eda que ir con su pareja y todo lo que fuera salirse de ah\u00ed llevaba a crear situaciones problem\u00e1ticas y de dif\u00edcil soluci\u00f3n. Se refer\u00edan \u2013padres, educadores y sociedad en general- a [&hellip;]<!-- AddThis Advanced Settings generic via filter on get_the_excerpt --><!-- AddThis Share Buttons generic via filter on get_the_excerpt --><\/p>\n","protected":false},"author":34,"featured_media":0,"comment_status":"open","ping_status":"closed","sticky":false,"template":"","format":"standard","meta":[],"categories":[1],"tags":[],"_links":{"self":[{"href":"https:\/\/blogs.diariovasco.com\/apartirdelos50\/wp-json\/wp\/v2\/posts\/4384"}],"collection":[{"href":"https:\/\/blogs.diariovasco.com\/apartirdelos50\/wp-json\/wp\/v2\/posts"}],"about":[{"href":"https:\/\/blogs.diariovasco.com\/apartirdelos50\/wp-json\/wp\/v2\/types\/post"}],"author":[{"embeddable":true,"href":"https:\/\/blogs.diariovasco.com\/apartirdelos50\/wp-json\/wp\/v2\/users\/34"}],"replies":[{"embeddable":true,"href":"https:\/\/blogs.diariovasco.com\/apartirdelos50\/wp-json\/wp\/v2\/comments?post=4384"}],"version-history":[{"count":3,"href":"https:\/\/blogs.diariovasco.com\/apartirdelos50\/wp-json\/wp\/v2\/posts\/4384\/revisions"}],"predecessor-version":[{"id":4388,"href":"https:\/\/blogs.diariovasco.com\/apartirdelos50\/wp-json\/wp\/v2\/posts\/4384\/revisions\/4388"}],"wp:attachment":[{"href":"https:\/\/blogs.diariovasco.com\/apartirdelos50\/wp-json\/wp\/v2\/media?parent=4384"}],"wp:term":[{"taxonomy":"category","embeddable":true,"href":"https:\/\/blogs.diariovasco.com\/apartirdelos50\/wp-json\/wp\/v2\/categories?post=4384"},{"taxonomy":"post_tag","embeddable":true,"href":"https:\/\/blogs.diariovasco.com\/apartirdelos50\/wp-json\/wp\/v2\/tags?post=4384"}],"curies":[{"name":"wp","href":"https:\/\/api.w.org\/{rel}","templated":true}]}}