{"id":4601,"date":"2018-03-23T08:53:03","date_gmt":"2018-03-23T07:53:03","guid":{"rendered":"http:\/\/blogs.diariovasco.com\/apartirdelos50\/?p=4601"},"modified":"2018-03-23T09:13:37","modified_gmt":"2018-03-23T08:13:37","slug":"por-que-viajamos-realmente","status":"publish","type":"post","link":"https:\/\/blogs.diariovasco.com\/apartirdelos50\/2018\/03\/23\/por-que-viajamos-realmente\/","title":{"rendered":"\u00bfPor qu\u00e9 viajamos realmente?"},"content":{"rendered":"<p><a href=\"https:\/\/static-blogs.diariovasco.com\/wp-content\/uploads\/sites\/19\/2018\/03\/India-tren-nocturno-Delhi-Udaipur.jpeg\"><img loading=\"lazy\" class=\"aligncenter size-full wp-image-4605\" src=\"https:\/\/static-blogs.diariovasco.com\/wp-content\/uploads\/sites\/19\/2018\/03\/India-tren-nocturno-Delhi-Udaipur.jpeg\" alt=\"india-tren-nocturno-delhi-udaipur\" width=\"1600\" height=\"1200\" srcset=\"https:\/\/static-blogs.diariovasco.com\/wp-content\/uploads\/sites\/19\/2018\/03\/India-tren-nocturno-Delhi-Udaipur.jpeg 1600w, https:\/\/static-blogs.diariovasco.com\/wp-content\/uploads\/sites\/19\/2018\/03\/India-tren-nocturno-Delhi-Udaipur-300x225.jpeg 300w, https:\/\/static-blogs.diariovasco.com\/wp-content\/uploads\/sites\/19\/2018\/03\/India-tren-nocturno-Delhi-Udaipur-768x576.jpeg 768w, https:\/\/static-blogs.diariovasco.com\/wp-content\/uploads\/sites\/19\/2018\/03\/India-tren-nocturno-Delhi-Udaipur-1024x768.jpeg 1024w\" sizes=\"(max-width: 1600px) 100vw, 1600px\" \/><\/a><\/p>\n<p>&nbsp;<\/p>\n<p>Mi querida amiga <em>Eva la Aventurera<\/em> lo deja bien claro cada vez que le pregunto por qu\u00e9 viaja continuamente: <em>\u201cPorque<\/em> <em>no puedo hacer otra cosa<\/em>\u201d y yo interpreto -a mi manera- que es que lleva el viaje en la sangre, como hemat\u00edes o un virus a\u00f1adido, cualquiera sabe, porque lo suyo no suele ser lo habitual en estos tiempos.<\/p>\n<p><strong>El acto de viajar ya no est\u00e1 ligado ni siquiera \u00edntimamente al hecho en s\u00ed del descubrimiento, ni tan siquiera a una necesidad de conocer lugares nuevos para que ayuden a ampliar nuestra peque\u00f1a mente \u2013siempre provinciana. Ya no es el \u201cViaje a Itaca\u201d que nos contaba Kavafis, ni se le da importancia a la vivencia de lo recorrido sino que se ans\u00eda llegar a destino, lo m\u00e1s r\u00e1pido posible, poniendo entre par\u00e9ntesis la experiencia vital que transcurre entre que se sale de casa con la vida a cuestas y se presenta en destino el pasaporte para que lo selle un aburrido funcionario.<\/strong><\/p>\n<p>Se viaja como premio, como aliciente, como forma y manera de rellenar los d\u00edas de asueto que deja el calendario laboral. Se viaja para contar que se ha viajado, para abrumar y aburrir a quienes no pudieron \u2013o no quisieron- acompa\u00f1arnos en el viaje y para quienes inventamos la supuesta necesidad de conocer \u2013a trav\u00e9s de fotos en el m\u00f3vil- los lugares ex\u00f3ticos, distantes o simplemente diferentes que hemos visitado.<\/p>\n<p><strong>Se viaja como huida hacia delante, dando un portazo a la precariedad que queda detr\u00e1s y sustituy\u00e9ndola durante unos d\u00edas o semanas de manera absurdamente ef\u00edmera por prisas, cansancio, estr\u00e9s. Porque los viajes de ahora apuran horarios, obligan a madrugadas en aeropuertos, a despertares bruscos cuando el cuerpo quiere seguir durmiendo, a ingerir alimentos invasores, a escuchar sonidos desconocidos, en una babel aceptada sin reparo alguno y de la que no recordaremos apenas nada.<\/strong><\/p>\n<p>Se viaja porque forma parte de un estatus socio-econ\u00f3mico, alardeando de los destinos visitados \u2013que no conocidos en profundidad- y de las millas a\u00e9reas acumuladas. Se viaja sin hablar con los aut\u00f3ctonos por miedo o por inexistencia de un lenguaje com\u00fan, sin integrarse porque no vale la pena y adem\u00e1s no da la gana, pernoctando las m\u00e1s de las veces en hoteles de mucha m\u00e1s categor\u00eda que la casa de uno, (qui\u00e9n no quisiera dormir siempre en una cama de dos metros situada en el medio de una habitaci\u00f3n de veinte, con un ba\u00f1o de m\u00e1rmol y suaves toallas renovadas a diario.)<\/p>\n<p><strong>Se viaja para jugar a vivir un poco mejor durante unos d\u00edas o semanas, para gastar un dinero que nos sobra \u2013es evidente que sobra- y volver a la rutina con unos destellos de supuesta felicidad que sirvan para difuminar las sombras grises de la cotidianeidad.<\/strong><\/p>\n<p>Deber\u00edamos cambiar el verbo viajar por el verbo \u201cturistear\u201d, puesto que cada vez quedan menos viajeros, absorbidos, aplastados por las masas de turistas que, como marabunta de insectos, invade monumentos, palacios, museos, jardines, ciudades lejanas.<\/p>\n<p><strong>En el reciente viaje a India hubo d\u00edas en los que no saqu\u00e9 ni una sola fotograf\u00eda del \u201cpintoresco paisaje\u201d, qued\u00e1ndome absorta en el \u201cpaisanaje\u201d, pensando qu\u00e9 sentir\u00edan, c\u00f3mo vivir\u00edan su imparable tr\u00e1fago, sin verme ni dedicarme ni un solo segundo de sus vidas, indiferentes a mi atenci\u00f3n, sin ofrecerme el m\u00ednimo valor de una palabra o sonrisa como no fuera para conseguir algo que yo tuviera en demas\u00eda y ellos anhelaran, dinero casi siempre; el mundo no cambia porque no cambiamos los seres humanos.<\/strong><\/p>\n<p>Mi padre nunca tuvo inter\u00e9s alguno por viajar. Dec\u00eda que sin esp\u00edritu aventurero genuino es absurdo moverse del sof\u00e1 de la sala, que para eso estaban los libros y la imaginaci\u00f3n, \u201ccompa\u00f1eros de viaje\u201d con los que hab\u00eda conocido remotas culturas y aprendido grandes lecciones\u2026 de la forma m\u00e1s c\u00f3moda posible.<\/p>\n<p><strong>Siempre pens\u00e9 que le faltaba un cierto empuje vital, pero ahora, cuando tengo la edad que \u00e9l ten\u00eda cuando me daba estas \u201clecciones\u201d puedo comprenderle mucho mejor. A fin de cuentas, para vivir y saber no hace falta moverse demasiado, basta con una quietud mental y una tranquilidad emocional y esas se tienen o no se tienen\u2026se viaje o no se viaje.<\/strong><\/p>\n<p>Felices los felices.<\/p>\n<p>LaAlquimista<\/p>\n<p>Por si alguien desea contactar:<\/p>\n<p>apartirdeloscincuenta@gmail.com<\/p>\n<p>** Foto: Cecilia Casado. Estaci\u00f3n de Udaipur. India.<\/p>\n<!-- AddThis Advanced Settings generic via filter on the_content --><!-- AddThis Share Buttons generic via filter on the_content -->","protected":false},"excerpt":{"rendered":"<p>&nbsp; Mi querida amiga Eva la Aventurera lo deja bien claro cada vez que le pregunto por qu\u00e9 viaja continuamente: \u201cPorque no puedo hacer otra cosa\u201d y yo interpreto -a mi manera- que es que lleva el viaje en la sangre, como hemat\u00edes o un virus a\u00f1adido, cualquiera sabe, porque lo suyo no suele ser [&hellip;]<!-- AddThis Advanced Settings generic via filter on get_the_excerpt --><!-- AddThis Share Buttons generic via filter on get_the_excerpt --><\/p>\n","protected":false},"author":34,"featured_media":0,"comment_status":"open","ping_status":"closed","sticky":false,"template":"","format":"standard","meta":[],"categories":[1],"tags":[],"_links":{"self":[{"href":"https:\/\/blogs.diariovasco.com\/apartirdelos50\/wp-json\/wp\/v2\/posts\/4601"}],"collection":[{"href":"https:\/\/blogs.diariovasco.com\/apartirdelos50\/wp-json\/wp\/v2\/posts"}],"about":[{"href":"https:\/\/blogs.diariovasco.com\/apartirdelos50\/wp-json\/wp\/v2\/types\/post"}],"author":[{"embeddable":true,"href":"https:\/\/blogs.diariovasco.com\/apartirdelos50\/wp-json\/wp\/v2\/users\/34"}],"replies":[{"embeddable":true,"href":"https:\/\/blogs.diariovasco.com\/apartirdelos50\/wp-json\/wp\/v2\/comments?post=4601"}],"version-history":[{"count":6,"href":"https:\/\/blogs.diariovasco.com\/apartirdelos50\/wp-json\/wp\/v2\/posts\/4601\/revisions"}],"predecessor-version":[{"id":4617,"href":"https:\/\/blogs.diariovasco.com\/apartirdelos50\/wp-json\/wp\/v2\/posts\/4601\/revisions\/4617"}],"wp:attachment":[{"href":"https:\/\/blogs.diariovasco.com\/apartirdelos50\/wp-json\/wp\/v2\/media?parent=4601"}],"wp:term":[{"taxonomy":"category","embeddable":true,"href":"https:\/\/blogs.diariovasco.com\/apartirdelos50\/wp-json\/wp\/v2\/categories?post=4601"},{"taxonomy":"post_tag","embeddable":true,"href":"https:\/\/blogs.diariovasco.com\/apartirdelos50\/wp-json\/wp\/v2\/tags?post=4601"}],"curies":[{"name":"wp","href":"https:\/\/api.w.org\/{rel}","templated":true}]}}