{"id":5099,"date":"2018-08-15T08:45:40","date_gmt":"2018-08-15T07:45:40","guid":{"rendered":"https:\/\/blogs.diariovasco.com\/apartirdelos50\/?p=5099"},"modified":"2018-08-16T08:59:02","modified_gmt":"2018-08-16T07:59:02","slug":"yo-voy-donde-me-quieren","status":"publish","type":"post","link":"https:\/\/blogs.diariovasco.com\/apartirdelos50\/2018\/08\/15\/yo-voy-donde-me-quieren\/","title":{"rendered":"Yo voy donde me quieren"},"content":{"rendered":"<p><u><a href=\"https:\/\/static-blogs.diariovasco.com\/wp-content\/uploads\/sites\/19\/2017\/05\/Corazon-x1.jpeg\"><img loading=\"lazy\" class=\"aligncenter size-full wp-image-3963\" src=\"https:\/\/static-blogs.diariovasco.com\/wp-content\/uploads\/sites\/19\/2017\/05\/Corazon-x1.jpeg\" alt=\"Corazon x\" width=\"605\" height=\"454\" srcset=\"https:\/\/static-blogs.diariovasco.com\/wp-content\/uploads\/sites\/19\/2017\/05\/Corazon-x1.jpeg 605w, https:\/\/static-blogs.diariovasco.com\/wp-content\/uploads\/sites\/19\/2017\/05\/Corazon-x1-300x225.jpeg 300w\" sizes=\"(max-width: 605px) 100vw, 605px\" \/><\/a><\/u><\/p>\n<p><strong>\u00a1Qu\u00e9 bueno es estar solo cuando a uno le apetece y qu\u00e9 placer cuando compartimos con los dem\u00e1s de buen grado los dos polos del universo emocional entre los que oscila la vida\u2026! Creo sinceramente que no hay nada mejor que encontrarse a gusto dentro del propio pellejo en cualquiera de estas situaciones.<\/strong><\/p>\n<p>Pero ese equilibrio feliz casi siempre suele estar en precario hasta que uno se toma la molestia \u2013molestia enorme, ardua y trabajosa- de saber cu\u00e1l es \u201cel sitio\u201d que le corresponde. Porque asaz molesto es quedarse solo cuando lo que se desea es estar con otros y mejor ni hablamos de esa <em>\u201csoledad<\/em> <em>en compa\u00f1\u00eda<\/em>\u201d que tantas veces asalta al individuo justo cuando m\u00e1s rodeado de gente est\u00e1.<\/p>\n<p><strong>\u00bfCu\u00e1l es el truco para no patinar en el dif\u00edcil tema de las relaciones personales? \u00bfC\u00f3mo saber realmente si nos aceptan los dem\u00e1s cuando tant\u00edsimas veces somos nosotros mismos los que nos sentimos inc\u00f3modos con la presencia ajena? \u00bfMe creo que estas personas son mis amigos de verdad o es un parip\u00e9?<\/strong><\/p>\n<p><strong>M\u00e1s de una y de dos veces me he pegado un buen batacazo creyendo que alguien valoraba mi compa\u00f1\u00eda para descubrir \u2013casi siempre de forma traicionera- que me llamaban \u201cpor compromiso\u201d. En lo amistoso y en lo familiar, que aqu\u00ed en todas partes cuecen habas y en mi casa a calderadas. As\u00ed que bien harta de no poder distinguir claramente las intenciones del personal, decid\u00ed que ya tan s\u00f3lo ir\u00eda adonde me quisieran.<\/strong><\/p>\n<p><em><strong>\u00c1ngela<\/strong><\/em> vive en Madrid y nos conocemos desde hace muchos a\u00f1os gracias a comunes intereses de crecimiento personal y ganas de aprendizaje emocional compartido. A veces ha venido a Donosti y yo tambi\u00e9n he recalado en su casa estando de paso por la capital del reino, pero nos vemos una vez al a\u00f1o m\u00e1s o menos aunque mantenemos el trato con largas e interesantes llamadas de voz (s\u00ed, por tel\u00e9fono, qu\u00e9 cosas).<\/p>\n<p><em><strong>\u00c1ngela<\/strong><\/em> me ha invitado a pasar una semana en Madrid, en su casa, compartiendo lo que tiene con generosidad exenta de cualquier inter\u00e9s que no sea el de disfrutar de nuestra mutua y amistosa compa\u00f1\u00eda.<\/p>\n<p><strong>Es mi regalito de verano. Y se lo digo antes de desplazarme, se lo expreso antes de saber los planes estupendos que ha preparado para las dos, porque para m\u00ed tiene much\u00edsimo valor que alguien me quiera y solicite mi compa\u00f1\u00eda sin que exista ning\u00fan inter\u00e9s espurio de por medio.<\/strong><\/p>\n<p><em>-\u201cPero bueno<\/em> \u2013me apostillaba alguien que no s\u00e9 si entiende la situaci\u00f3n- <em>\u00bfa qu\u00e9 vas a ir a Madrid en pleno mes de Agosto con el calor que hace?\u201d<\/em>. Pues a qu\u00e9 voy a ir, alma de c\u00e1ntaro, a ver a mi amiga <strong>\u00c1ngela<\/strong>, en Madrid o en Alcantarilla de Abajo, que parece que valga m\u00e1s el decorado de la tarta que el amor con el que se ha hecho el bizcocho que lleva dentro.<\/p>\n<p><strong>Porque no siempre van a ser los mejores planes los que ideamos por el propio inter\u00e9s, liando a quien ande cerca \u2013amigos o familiares- para que nos \u201cacompa\u00f1en\u201d en unas vacaciones que por encima de todo tienen como fin el \u00a0disfrute personal.<\/strong><\/p>\n<p>Esta vez voy donde me quieren, a compartir y no en busca de aventuras ni fotos ex\u00f3ticas. Y para que haya un buen equilibrio me tomo la semana de vacaciones, dejo en casa el pc (nuevo) y aparco mi vida virtual\/paralela para dedicarme \u00fanicamente a algo tan diferente y hermoso como disfrutar compartiendo la parte real de la amistad.<\/p>\n<p><strong>Mi perrillo y mis plantas quedan en buenas manos as\u00ed que me voy el viernes y volver\u00e9 al blog el d\u00eda 27 con muchas cosas que contar y el \u00e1nimo por las nubes; de eso estoy segura. Mientras tanto\u2026<\/strong><\/p>\n<p><a href=\"https:\/\/static-blogs.diariovasco.com\/wp-content\/uploads\/sites\/19\/2018\/08\/Cecilia-QMEC-Julio-2.jpeg\"><img loading=\"lazy\" class=\"aligncenter size-large wp-image-5107\" src=\"https:\/\/static-blogs.diariovasco.com\/wp-content\/uploads\/sites\/19\/2018\/08\/Cecilia-QMEC-Julio-2-768x1024.jpeg\" alt=\"cecilia-qmec-julio-2\" width=\"768\" height=\"1024\" srcset=\"https:\/\/static-blogs.diariovasco.com\/wp-content\/uploads\/sites\/19\/2018\/08\/Cecilia-QMEC-Julio-2-768x1024.jpeg 768w, https:\/\/static-blogs.diariovasco.com\/wp-content\/uploads\/sites\/19\/2018\/08\/Cecilia-QMEC-Julio-2-225x300.jpeg 225w, https:\/\/static-blogs.diariovasco.com\/wp-content\/uploads\/sites\/19\/2018\/08\/Cecilia-QMEC-Julio-2.jpeg 1664w\" sizes=\"(max-width: 768px) 100vw, 768px\" \/><\/a><\/p>\n<p>&nbsp;<\/p>\n<p>&nbsp;<\/p>\n<p>***Foto dedicada a Franmaria. No es de lo mejor porque estoy trabajando y es lo que es, pero la intenci\u00f3n cuenta. (Demasiado maquillaje por los focos, es inevitable)<\/p>\n<p>&nbsp;<\/p>\n<p>\u00a1Felices los felices!<\/p>\n<p>LaAlquimista<\/p>\n<p>Por si alguien desea contactar:<\/p>\n<p>apartirdeloscincuenta@gmail.com<\/p>\n<p>&nbsp;<\/p>\n<p>&nbsp;<\/p>\n<p>&nbsp;<\/p>\n<p>&nbsp;<\/p>\n<p>&nbsp;<\/p>\n<p>&nbsp;<\/p>\n<!-- AddThis Advanced Settings generic via filter on the_content --><!-- AddThis Share Buttons generic via filter on the_content -->","protected":false},"excerpt":{"rendered":"<p>\u00a1Qu\u00e9 bueno es estar solo cuando a uno le apetece y qu\u00e9 placer cuando compartimos con los dem\u00e1s de buen grado los dos polos del universo emocional entre los que oscila la vida\u2026! Creo sinceramente que no hay nada mejor que encontrarse a gusto dentro del propio pellejo en cualquiera de estas situaciones. Pero ese [&hellip;]<!-- AddThis Advanced Settings generic via filter on get_the_excerpt --><!-- AddThis Share Buttons generic via filter on get_the_excerpt --><\/p>\n","protected":false},"author":34,"featured_media":0,"comment_status":"open","ping_status":"closed","sticky":false,"template":"","format":"standard","meta":[],"categories":[9],"tags":[126,125],"_links":{"self":[{"href":"https:\/\/blogs.diariovasco.com\/apartirdelos50\/wp-json\/wp\/v2\/posts\/5099"}],"collection":[{"href":"https:\/\/blogs.diariovasco.com\/apartirdelos50\/wp-json\/wp\/v2\/posts"}],"about":[{"href":"https:\/\/blogs.diariovasco.com\/apartirdelos50\/wp-json\/wp\/v2\/types\/post"}],"author":[{"embeddable":true,"href":"https:\/\/blogs.diariovasco.com\/apartirdelos50\/wp-json\/wp\/v2\/users\/34"}],"replies":[{"embeddable":true,"href":"https:\/\/blogs.diariovasco.com\/apartirdelos50\/wp-json\/wp\/v2\/comments?post=5099"}],"version-history":[{"count":5,"href":"https:\/\/blogs.diariovasco.com\/apartirdelos50\/wp-json\/wp\/v2\/posts\/5099\/revisions"}],"predecessor-version":[{"id":5108,"href":"https:\/\/blogs.diariovasco.com\/apartirdelos50\/wp-json\/wp\/v2\/posts\/5099\/revisions\/5108"}],"wp:attachment":[{"href":"https:\/\/blogs.diariovasco.com\/apartirdelos50\/wp-json\/wp\/v2\/media?parent=5099"}],"wp:term":[{"taxonomy":"category","embeddable":true,"href":"https:\/\/blogs.diariovasco.com\/apartirdelos50\/wp-json\/wp\/v2\/categories?post=5099"},{"taxonomy":"post_tag","embeddable":true,"href":"https:\/\/blogs.diariovasco.com\/apartirdelos50\/wp-json\/wp\/v2\/tags?post=5099"}],"curies":[{"name":"wp","href":"https:\/\/api.w.org\/{rel}","templated":true}]}}