{"id":5203,"date":"2018-09-19T07:26:35","date_gmt":"2018-09-19T06:26:35","guid":{"rendered":"https:\/\/blogs.diariovasco.com\/apartirdelos50\/?p=5203"},"modified":"2018-09-20T16:46:56","modified_gmt":"2018-09-20T15:46:56","slug":"berlin-final-de-verano","status":"publish","type":"post","link":"https:\/\/blogs.diariovasco.com\/apartirdelos50\/2018\/09\/19\/berlin-final-de-verano\/","title":{"rendered":"Berl\u00edn, final de verano"},"content":{"rendered":"<p><a href=\"https:\/\/static-blogs.diariovasco.com\/wp-content\/uploads\/sites\/19\/2018\/09\/BErlin-Puente-bonito.jpeg\"><img loading=\"lazy\" class=\"aligncenter size-full wp-image-5205\" src=\"https:\/\/static-blogs.diariovasco.com\/wp-content\/uploads\/sites\/19\/2018\/09\/BErlin-Puente-bonito.jpeg\" alt=\"berlin-puente-bonito\" width=\"1008\" height=\"756\" srcset=\"https:\/\/static-blogs.diariovasco.com\/wp-content\/uploads\/sites\/19\/2018\/09\/BErlin-Puente-bonito.jpeg 1008w, https:\/\/static-blogs.diariovasco.com\/wp-content\/uploads\/sites\/19\/2018\/09\/BErlin-Puente-bonito-300x225.jpeg 300w, https:\/\/static-blogs.diariovasco.com\/wp-content\/uploads\/sites\/19\/2018\/09\/BErlin-Puente-bonito-768x576.jpeg 768w\" sizes=\"(max-width: 1008px) 100vw, 1008px\" \/><\/a><\/p>\n<p>&nbsp;<\/p>\n<p><strong>La primera vez que vine a Berlin, nevaba. La segunda, llov\u00eda y, por fin tengo a los hados de mi parte y un sol radiante me despierta en mi primera jornada berlinesa. Adem\u00e1s es mi cumplea\u00f1os.<\/strong><\/p>\n<p><a href=\"https:\/\/static-blogs.diariovasco.com\/wp-content\/uploads\/sites\/19\/2018\/09\/Berlin-cumplea\u00f1os.jpeg\"><img loading=\"lazy\" class=\"alignright size-medium wp-image-5207\" src=\"https:\/\/static-blogs.diariovasco.com\/wp-content\/uploads\/sites\/19\/2018\/09\/Berlin-cumplea\u00f1os-225x300.jpeg\" alt=\"berlin-cumpleanos\" width=\"225\" height=\"300\" srcset=\"https:\/\/static-blogs.diariovasco.com\/wp-content\/uploads\/sites\/19\/2018\/09\/Berlin-cumplea\u00f1os-225x300.jpeg 225w, https:\/\/static-blogs.diariovasco.com\/wp-content\/uploads\/sites\/19\/2018\/09\/Berlin-cumplea\u00f1os.jpeg 756w\" sizes=\"(max-width: 225px) 100vw, 225px\" \/><\/a><\/p>\n<p>Ya hace tiempo que decid\u00ed tomar conciencia de que lo que es verdaderamente importante para m\u00ed, aquellas cosas que han logrado escalar un lugar prioritario en mi vida, deben mantenerse ah\u00ed, inc\u00f3lumes en su valor y el deseo que comportan. As\u00ed pues, el d\u00eda comienza lleno de la peque\u00f1a gloria que nos acompa\u00f1\u00f3 cuando \u00e9ramos ni\u00f1os y llev\u00e1bamos caramelos al colegio para, de esa dulce manera, pregonar a nuestros compa\u00f1eros de pupitre que agradecer\u00edamos el peque\u00f1o homenaje de prestarnos una singular atenci\u00f3n durante unas horas, ese d\u00eda.<\/p>\n<p><strong>Hemos ido creciendo -a lo largo, a lo ancho y quiz\u00e1s en lo profundo- pero todav\u00eda guardamos en alg\u00fan rinconcito libre de telara\u00f1as el recuerdo, el deseo de vivir este d\u00eda como \u201calgo especial\u201d.<\/strong><\/p>\n<p><a href=\"https:\/\/static-blogs.diariovasco.com\/wp-content\/uploads\/sites\/19\/2018\/09\/Berlin-Sans-souci.jpeg\"><img loading=\"lazy\" class=\"alignleft size-medium wp-image-5208\" src=\"https:\/\/static-blogs.diariovasco.com\/wp-content\/uploads\/sites\/19\/2018\/09\/Berlin-Sans-souci-300x225.jpeg\" alt=\"berlin-sans-souci\" width=\"300\" height=\"225\" srcset=\"https:\/\/static-blogs.diariovasco.com\/wp-content\/uploads\/sites\/19\/2018\/09\/Berlin-Sans-souci-300x225.jpeg 300w, https:\/\/static-blogs.diariovasco.com\/wp-content\/uploads\/sites\/19\/2018\/09\/Berlin-Sans-souci-768x576.jpeg 768w, https:\/\/static-blogs.diariovasco.com\/wp-content\/uploads\/sites\/19\/2018\/09\/Berlin-Sans-souci.jpeg 1008w\" sizes=\"(max-width: 300px) 100vw, 300px\" \/><\/a><\/p>\n<p>De mis tiempos so\u00f1adores guardo el deseo de visitar el palacio de Sans Souci, -nombre franc\u00e9s que significa \u201csin preocupaciones\u201d- el del gran Federico, rey de Prusia, imitaci\u00f3n o quiz\u00e1s germano remedo del de Versalles. La vecina ciudad de Potsdam, nos recibe con el esplendor dorado del verano tard\u00edo y es un placer recorrer sus calles hasta los jardines del entorno palaciego.<\/p>\n<p><strong>Es tan hermoso el palacio y rococ\u00f3 la decoraci\u00f3n de sus aposentos que salta a la vista una especial sensibilidad art\u00edstica del rey Federico. La respuesta est\u00e1 en su reprimida homosexualidad impensable en una \u00e9poca \u2013quiz\u00e1s todav\u00eda como la nuestra- donde las razones de estado prevalec\u00edan sobre el estado de los sentimientos.\u00a0 <\/strong><a href=\"https:\/\/www.abc.es\/historia\/abci-terrible-infancia-federico-grande-principe-humillado-asalto-europa-201702060108_noticia.html\" rel=\"external nofollow\">https:\/\/www.abc.es\/historia\/abci-terrible-infancia-federico-grande-principe-humillado-asalto-europa-201702060108_noticia.html<\/a><\/p>\n<p><a href=\"https:\/\/static-blogs.diariovasco.com\/wp-content\/uploads\/sites\/19\/2018\/09\/Berlin-Sans-souci-Cecilia.jpg\"><img loading=\"lazy\" class=\"alignright size-medium wp-image-5209\" src=\"https:\/\/static-blogs.diariovasco.com\/wp-content\/uploads\/sites\/19\/2018\/09\/Berlin-Sans-souci-Cecilia-300x225.jpg\" alt=\"berlin-sans-souci-cecilia\" width=\"300\" height=\"225\" srcset=\"https:\/\/static-blogs.diariovasco.com\/wp-content\/uploads\/sites\/19\/2018\/09\/Berlin-Sans-souci-Cecilia-300x225.jpg 300w, https:\/\/static-blogs.diariovasco.com\/wp-content\/uploads\/sites\/19\/2018\/09\/Berlin-Sans-souci-Cecilia.jpg 720w\" sizes=\"(max-width: 300px) 100vw, 300px\" \/><\/a><\/p>\n<p><strong><em>(An\u00e9cdotas prescindibles):<\/em><\/strong><\/p>\n<p>(1) Contenta por ser ya una senior(a) voy preparando el DNI para justificar el descuento al que a partir de hoy, voy a ser eventualmente acreedora en monumentos y museos. Muy amablemente empujan en la taquilla mi gozo al pozo inform\u00e1ndome de que tan s\u00f3lo estudiantes y desempleados tienen derecho a un precio especial. Parece ser que es una \u201cmala costumbre espa\u00f1ola\u201d la de preferenciar a jubilados mayores de 65 a\u00f1os, as\u00ed que con mi macarr\u00f3nico alem\u00e1n digo que \u201cJa, ja\u201d y bajo la cabeza mientras abono los 12\u20ac de rigor. No pasa nada\u2026es que me hac\u00eda ilusi\u00f3n\u2026<\/p>\n<p><a href=\"https:\/\/static-blogs.diariovasco.com\/wp-content\/uploads\/sites\/19\/2018\/09\/Berlin-San-souci-3.jpeg\"><img loading=\"lazy\" class=\"alignleft size-medium wp-image-5210\" src=\"https:\/\/static-blogs.diariovasco.com\/wp-content\/uploads\/sites\/19\/2018\/09\/Berlin-San-souci-3-300x225.jpeg\" alt=\"berlin-san-souci-3\" width=\"300\" height=\"225\" srcset=\"https:\/\/static-blogs.diariovasco.com\/wp-content\/uploads\/sites\/19\/2018\/09\/Berlin-San-souci-3-300x225.jpeg 300w, https:\/\/static-blogs.diariovasco.com\/wp-content\/uploads\/sites\/19\/2018\/09\/Berlin-San-souci-3.jpeg 700w\" sizes=\"(max-width: 300px) 100vw, 300px\" \/><\/a><\/p>\n<p>(2) Al terminar la visita auto-guiada de menos de una hora pregunto por los ba\u00f1os, haciendo honor al prejuicio de que a partir de cierta edad se es asiduo de dichos aposentos -aunque el motivo sea la ingesta de much\u00edsima agua para atemperar el calor reinante. Con la misma amabilidad con que me dijeron que no hab\u00eda descuento especial, me soltaron a bocajarro que no hab\u00eda servicios para el p\u00fablico visitante en el palacio, pero s\u00ed unos aseos ubicados en el parque circundante, aunque \u201cde pago\u201d.\u00a0Con la alegr\u00eda que nos caracteriza a quienes andan eventualmente acuciados por temas de ri\u00f1\u00f3n o vejiga, nos fuimos en procesi\u00f3n multicolor el grupo de visitantes.<\/p>\n<p><a href=\"https:\/\/static-blogs.diariovasco.com\/wp-content\/uploads\/sites\/19\/2018\/09\/BErlin-Sans-souci-salchichas.jpeg\"><img loading=\"lazy\" class=\"alignright size-medium wp-image-5211\" src=\"https:\/\/static-blogs.diariovasco.com\/wp-content\/uploads\/sites\/19\/2018\/09\/BErlin-Sans-souci-salchichas-225x300.jpeg\" alt=\"berlin-sans-souci-salchichas\" width=\"225\" height=\"300\" srcset=\"https:\/\/static-blogs.diariovasco.com\/wp-content\/uploads\/sites\/19\/2018\/09\/BErlin-Sans-souci-salchichas-225x300.jpeg 225w, https:\/\/static-blogs.diariovasco.com\/wp-content\/uploads\/sites\/19\/2018\/09\/BErlin-Sans-souci-salchichas-768x1024.jpeg 768w, https:\/\/static-blogs.diariovasco.com\/wp-content\/uploads\/sites\/19\/2018\/09\/BErlin-Sans-souci-salchichas.jpeg 908w\" sizes=\"(max-width: 225px) 100vw, 225px\" \/><\/a><\/p>\n<p>(3) Al estar bien lejos del centro de Potsdam el conjunto palaciego decidimos reponer fuerzas en un merendero al aire libre con las \u00fanicas viandas disponibles (salchichas de dos tipos y patatas de dos tipos) servidas en plato de pl\u00e1stico con cubiertos de pl\u00e1stico. Supuse que a este lugar id\u00edlico no hab\u00edan llegado todav\u00eda las normas europeas sobre la econom\u00eda generalizada por decreto-ley de material pl\u00e1stico.<\/p>\n<p>&nbsp;<\/p>\n<p>&nbsp;<\/p>\n<p><strong>Una jornada especial, cari\u00f1osa, acalorada y con mucho calor de todo tipo para terminarla con una cena de cumplea\u00f1os en un acogedor restaurante; cena temprana porque en Alemania estamos y hay que acogerse a los horarios especiales que impone la gastronom\u00eda local. Afortunadamente en casa \u201cla barra\u201d es libre y no cierra hasta que decidamos\u00a0 los \u201cclientes\u201d.<\/strong><\/p>\n<p><a href=\"https:\/\/static-blogs.diariovasco.com\/wp-content\/uploads\/sites\/19\/2018\/09\/Berlin-Sans-souci-Amanda-et-moi.jpeg\"><img loading=\"lazy\" class=\"alignleft size-medium wp-image-5212\" src=\"https:\/\/static-blogs.diariovasco.com\/wp-content\/uploads\/sites\/19\/2018\/09\/Berlin-Sans-souci-Amanda-et-moi-300x225.jpeg\" alt=\"berlin-sans-souci-amanda-et-moi\" width=\"300\" height=\"225\" srcset=\"https:\/\/static-blogs.diariovasco.com\/wp-content\/uploads\/sites\/19\/2018\/09\/Berlin-Sans-souci-Amanda-et-moi-300x225.jpeg 300w, https:\/\/static-blogs.diariovasco.com\/wp-content\/uploads\/sites\/19\/2018\/09\/Berlin-Sans-souci-Amanda-et-moi.jpeg 680w\" sizes=\"(max-width: 300px) 100vw, 300px\" \/><\/a>Duermo tranquila y felizmente acogida en este entorno familiar y protector. Son sensaciones que ten\u00eda casi olvidadas porque cuando los pajarillos vuelan del nido suele establecerse que \u00e9ste vuelva a abrir sus puertas para acogerlos en visitas espor\u00e1dicas, pero de repente se cuela un aire fresco por la ventana y mi hija me dice que \u201cme quiere mimar\u201d y yo no s\u00e9 si echarme a llorar o a saltar de la alegr\u00eda.<\/p>\n<p><strong>Las relaciones madre\/hija han sido siempre especialmente \u201cconflictivas\u201d y se han gastado torrentes de tinta de todos los colores para estudiarlas o escudri\u00f1arlas. Mi relaci\u00f3n de amor con mis hijas ha estado marcada \u2013inexorablemente- por la primigenia relaci\u00f3n de mi madre conmigo.<\/strong><\/p>\n<p>Y cuento esto porque precisamente tres d\u00edas antes de mi partida hacia Berlin mi madre sufri\u00f3 un percance que le llev\u00f3 a estar ingresada durante varios d\u00edas en un hospital temiendo los m\u00e9dicos que la cuesti\u00f3n fuera irreversible. Ya le dije: \u201c<em>Mam\u00e1, por favor, no me regales por mi cumplea\u00f1os<\/em> <em>un funeral\u201d.<\/em> Y se re\u00eda y me dec\u00eda que\u2026 <em>\u201cno depend\u00eda de ella\u201d\u2026<\/em>obviamente.<\/p>\n<p><em>\u00a0<\/em>As\u00ed que he podido disfrutar de Berl\u00edn y de mi hija y yerno con toda tranquilidad y fijarme en las peque\u00f1as cosas cotidianas que suscitan mis reflexiones \u201cen zapatillas\u201d.<\/p>\n<p>Felices los felices.<\/p>\n<p>LaAlquimista<\/p>\n<p>Fotos: Cecilia Casado<\/p>\n<p>Por si alguien desea contactar:<\/p>\n<p>apartirdeloscincuenta@gmail.com<\/p>\n<!-- AddThis Advanced Settings generic via filter on the_content --><!-- AddThis Share Buttons generic via filter on the_content -->","protected":false},"excerpt":{"rendered":"<p>&nbsp; La primera vez que vine a Berlin, nevaba. La segunda, llov\u00eda y, por fin tengo a los hados de mi parte y un sol radiante me despierta en mi primera jornada berlinesa. Adem\u00e1s es mi cumplea\u00f1os. Ya hace tiempo que decid\u00ed tomar conciencia de que lo que es verdaderamente importante para m\u00ed, aquellas cosas [&hellip;]<!-- AddThis Advanced Settings generic via filter on get_the_excerpt --><!-- AddThis Share Buttons generic via filter on get_the_excerpt --><\/p>\n","protected":false},"author":34,"featured_media":0,"comment_status":"open","ping_status":"closed","sticky":false,"template":"","format":"standard","meta":[],"categories":[24,2],"tags":[140,141],"_links":{"self":[{"href":"https:\/\/blogs.diariovasco.com\/apartirdelos50\/wp-json\/wp\/v2\/posts\/5203"}],"collection":[{"href":"https:\/\/blogs.diariovasco.com\/apartirdelos50\/wp-json\/wp\/v2\/posts"}],"about":[{"href":"https:\/\/blogs.diariovasco.com\/apartirdelos50\/wp-json\/wp\/v2\/types\/post"}],"author":[{"embeddable":true,"href":"https:\/\/blogs.diariovasco.com\/apartirdelos50\/wp-json\/wp\/v2\/users\/34"}],"replies":[{"embeddable":true,"href":"https:\/\/blogs.diariovasco.com\/apartirdelos50\/wp-json\/wp\/v2\/comments?post=5203"}],"version-history":[{"count":4,"href":"https:\/\/blogs.diariovasco.com\/apartirdelos50\/wp-json\/wp\/v2\/posts\/5203\/revisions"}],"predecessor-version":[{"id":5232,"href":"https:\/\/blogs.diariovasco.com\/apartirdelos50\/wp-json\/wp\/v2\/posts\/5203\/revisions\/5232"}],"wp:attachment":[{"href":"https:\/\/blogs.diariovasco.com\/apartirdelos50\/wp-json\/wp\/v2\/media?parent=5203"}],"wp:term":[{"taxonomy":"category","embeddable":true,"href":"https:\/\/blogs.diariovasco.com\/apartirdelos50\/wp-json\/wp\/v2\/categories?post=5203"},{"taxonomy":"post_tag","embeddable":true,"href":"https:\/\/blogs.diariovasco.com\/apartirdelos50\/wp-json\/wp\/v2\/tags?post=5203"}],"curies":[{"name":"wp","href":"https:\/\/api.w.org\/{rel}","templated":true}]}}