{"id":5580,"date":"2019-01-02T08:19:49","date_gmt":"2019-01-02T07:19:49","guid":{"rendered":"https:\/\/blogs.diariovasco.com\/apartirdelos50\/?p=5580"},"modified":"2019-01-02T08:25:17","modified_gmt":"2019-01-02T07:25:17","slug":"5580","status":"publish","type":"post","link":"https:\/\/blogs.diariovasco.com\/apartirdelos50\/2019\/01\/02\/5580\/","title":{"rendered":"Me la sopla el A\u00f1o Nuevo"},"content":{"rendered":"<p><a href=\"https:\/\/static-blogs.diariovasco.com\/wp-content\/uploads\/sites\/19\/2019\/01\/Todo-me-da-igual.jpg\"><img loading=\"lazy\" class=\"aligncenter size-full wp-image-5583\" src=\"https:\/\/static-blogs.diariovasco.com\/wp-content\/uploads\/sites\/19\/2019\/01\/Todo-me-da-igual.jpg\" alt=\"todo-me-da-igual\" width=\"500\" height=\"312\" srcset=\"https:\/\/static-blogs.diariovasco.com\/wp-content\/uploads\/sites\/19\/2019\/01\/Todo-me-da-igual.jpg 500w, https:\/\/static-blogs.diariovasco.com\/wp-content\/uploads\/sites\/19\/2019\/01\/Todo-me-da-igual-300x187.jpg 300w\" sizes=\"(max-width: 500px) 100vw, 500px\" \/><\/a><\/p>\n<p><strong>Vale que me he tomado las doce uvas y toda la parafernalia adyacente, que he brindado y contestado a todos los memes recibidos en las \u00faltimas horas del a\u00f1o pasado. Vale que estoy agradecida por haber tenido con quien compartir esos momentos tan saturados de \u201ccarga social\u201d e incluso confesar\u00e9 que no me perd\u00ed el bikini de la Pedroche y estuvimos haciendo c\u00e1balas sobre cu\u00e1nto dinero le tienen que pagar a esta chica para que haga el rid\u00edculo \u2013a mi entender- delante de medio pa\u00eds, llegando a la conclusi\u00f3n de que ser\u00e1 por la vanidad y las cosas del ego y quien pillara ese chollo.<\/strong><\/p>\n<p>Vale que he hecho el Balance Fin de A\u00f1o y puesto al d\u00eda mis cuentas emocionales, diciendo \u201cte quiero\u201d a quienes quiero y \u201cadi\u00f3s\u201d a quienes ten\u00eda que dec\u00edrselo. Vale que he perdonado muchas cosas y, por el mismo precio, me he perdonado tambi\u00e9n a m\u00ed misma. Incluso he aprovechado para dar las gracias por todo lo bueno recibido y por las ense\u00f1anzas de lo que me pareci\u00f3 \u201cmalo\u201d en su momento.<\/p>\n<p><strong>Y despu\u00e9s de todo esto y de tomarme un par de copas de cava con unos cuantos bombones de esos que se deshacen en la boca\u2026he puesto punto final.<\/strong><\/p>\n<p>No necesito hacer prop\u00f3sitos de A\u00f1o Nuevo para serles infiel antes del mes de marzo. Ni buscar billetes baratos para viajar a alg\u00fan destino que me falta en el \u00e1lbum de fotos. (Thoreau dec\u00eda que \u201cviajar es de bobos\u201d porque nada se deja atr\u00e1s y aunque estoy de acuerdo con la segunda parte de la sentencia, probablemente vuelva a hacer de \u201cboba\u201d en alg\u00fan momento no previsto del futuro).<\/p>\n<p><strong><a href=\"https:\/\/static-blogs.diariovasco.com\/wp-content\/uploads\/sites\/19\/2018\/12\/A-partir-de-los-50-2.jpg\"><img loading=\"lazy\" class=\"alignright size-medium wp-image-5513\" src=\"https:\/\/static-blogs.diariovasco.com\/wp-content\/uploads\/sites\/19\/2018\/12\/A-partir-de-los-50-2-300x300.jpg\" alt=\"a-partir-de-los-50-2\" width=\"300\" height=\"300\" srcset=\"https:\/\/static-blogs.diariovasco.com\/wp-content\/uploads\/sites\/19\/2018\/12\/A-partir-de-los-50-2-300x300.jpg 300w, https:\/\/static-blogs.diariovasco.com\/wp-content\/uploads\/sites\/19\/2018\/12\/A-partir-de-los-50-2-150x150.jpg 150w, https:\/\/static-blogs.diariovasco.com\/wp-content\/uploads\/sites\/19\/2018\/12\/A-partir-de-los-50-2.jpg 423w\" sizes=\"(max-width: 300px) 100vw, 300px\" \/><\/a>Me da exactamente igual pesar diez kilos m\u00e1s de lo que he le\u00eddo en alguna tabla que deber\u00eda pesar de acuerdo a mi estatura y mi edad; no tienen ni idea de lo que dicen esos \u201csabios\u201d de la antropometr\u00eda porque obvian el factor emocional y la condici\u00f3n de la psique humana. Y, adem\u00e1s, como ya conozco los idiomas que me apetec\u00eda conocer no tengo que meterme en trabajos de H\u00e9rcules que ya son un fiasco antes de empezarlos. (\u00bfQui\u00e9n en su sano juicio necesita aprender ingl\u00e9s a partir de cierta edad?)<\/strong><\/p>\n<p>As\u00ed que aterrizo en una ma\u00f1ana fr\u00eda tirando a g\u00e9lida en la que el mundo parece haberse parado (me refiero al d\u00eda de ayer) porque es 1 de Enero y alguien nos ha hecho creer en alg\u00fan momento que \u201cempieza una nueva vida\u201d. Pamplinas.<\/p>\n<p><strong>Todo va a seguir igual tirando a peor, me temo. El desamor seguir\u00e1 ah\u00ed y tambi\u00e9n se quedar\u00e1n inm\u00f3viles las garrapatas emocionales que cada uno lleva adheridas en el alma o en el coraz\u00f3n o como se llame ese rinc\u00f3n oscuro que todos tenemos dentro lleno de bichos no catalogados.<\/strong><\/p>\n<p>Me da exactamente igual que el calendario estrene un paisaje nevado o que se avecinen las rebajas. La cosa es inamovible, no seamos ilusos. Los mismos (malos) pol\u00edticos y (peores) gobernantes. La misma maldad empujando a miles de seres humanos a huir hacia adelante sin saber que les espera una muerte \u201cl\u00edquida\u201d y una gran incomprensi\u00f3n.<\/p>\n<p><strong>Algunos estar\u00e1n contentos en lo privado, quiz\u00e1s los que tengan planes de futuro para el a\u00f1o 2019 y la suerte de que no venga un tsunami y se los lleve por delante. Seguramente siguen en pie los felices que son felices porque han decidido no pensar m\u00e1s o mirar hacia otro lado, pero por mucha energ\u00eda positiva que se proyecte o se intente acumular el mundo es el que es y la realidad no tiene final interactivo opcional para doblegarlo a nuestro gusto y conveniencia.<\/strong><\/p>\n<p>As\u00ed que este a\u00f1o, para variar, voy a hacer un punto y seguido y continuar con lo que estaba haciendo antes de ayer: es decir, vivir con la mayor conciencia posible de que estoy viviendo. Que cualquier d\u00eda se acaba el duro y lo mismo no nos damos ni cuenta.<\/p>\n<p><strong><a href=\"https:\/\/static-blogs.diariovasco.com\/wp-content\/uploads\/sites\/19\/2018\/11\/A-partir-de-los-50-4.jpg\"><img loading=\"lazy\" class=\"alignleft size-medium wp-image-5466\" src=\"https:\/\/static-blogs.diariovasco.com\/wp-content\/uploads\/sites\/19\/2018\/11\/A-partir-de-los-50-4-300x225.jpg\" alt=\"a-partir-de-los-50\" width=\"300\" height=\"225\" srcset=\"https:\/\/static-blogs.diariovasco.com\/wp-content\/uploads\/sites\/19\/2018\/11\/A-partir-de-los-50-4-300x225.jpg 300w, https:\/\/static-blogs.diariovasco.com\/wp-content\/uploads\/sites\/19\/2018\/11\/A-partir-de-los-50-4-768x576.jpg 768w, https:\/\/static-blogs.diariovasco.com\/wp-content\/uploads\/sites\/19\/2018\/11\/A-partir-de-los-50-4.jpg 816w\" sizes=\"(max-width: 300px) 100vw, 300px\" \/><\/a>Felices los felices y tambi\u00e9n los que ten\u00e9is prop\u00f3sitos brillantes para este nuevo a\u00f1o.<\/strong><\/p>\n<p>Y el amor de siempre para ti, pap\u00e1, en el aniversario de cuando saliste de tu figura carnal para convertirte en luz que me gu\u00eda desde la \u201cestrellita cari\u00f1osa\u201d que mis ni\u00f1as y yo tan bien conocemos.<\/p>\n<p>LaAlquimista<\/p>\n<p>Por si alguien desea contactar:<\/p>\n<p>apartirdeloscincuenta@gmail<\/p>\n<!-- AddThis Advanced Settings generic via filter on the_content --><!-- AddThis Share Buttons generic via filter on the_content -->","protected":false},"excerpt":{"rendered":"<p>Vale que me he tomado las doce uvas y toda la parafernalia adyacente, que he brindado y contestado a todos los memes recibidos en las \u00faltimas horas del a\u00f1o pasado. Vale que estoy agradecida por haber tenido con quien compartir esos momentos tan saturados de \u201ccarga social\u201d e incluso confesar\u00e9 que no me perd\u00ed el [&hellip;]<!-- AddThis Advanced Settings generic via filter on get_the_excerpt --><!-- AddThis Share Buttons generic via filter on get_the_excerpt --><\/p>\n","protected":false},"author":34,"featured_media":0,"comment_status":"open","ping_status":"closed","sticky":false,"template":"","format":"standard","meta":[],"categories":[1],"tags":[],"_links":{"self":[{"href":"https:\/\/blogs.diariovasco.com\/apartirdelos50\/wp-json\/wp\/v2\/posts\/5580"}],"collection":[{"href":"https:\/\/blogs.diariovasco.com\/apartirdelos50\/wp-json\/wp\/v2\/posts"}],"about":[{"href":"https:\/\/blogs.diariovasco.com\/apartirdelos50\/wp-json\/wp\/v2\/types\/post"}],"author":[{"embeddable":true,"href":"https:\/\/blogs.diariovasco.com\/apartirdelos50\/wp-json\/wp\/v2\/users\/34"}],"replies":[{"embeddable":true,"href":"https:\/\/blogs.diariovasco.com\/apartirdelos50\/wp-json\/wp\/v2\/comments?post=5580"}],"version-history":[{"count":3,"href":"https:\/\/blogs.diariovasco.com\/apartirdelos50\/wp-json\/wp\/v2\/posts\/5580\/revisions"}],"predecessor-version":[{"id":5584,"href":"https:\/\/blogs.diariovasco.com\/apartirdelos50\/wp-json\/wp\/v2\/posts\/5580\/revisions\/5584"}],"wp:attachment":[{"href":"https:\/\/blogs.diariovasco.com\/apartirdelos50\/wp-json\/wp\/v2\/media?parent=5580"}],"wp:term":[{"taxonomy":"category","embeddable":true,"href":"https:\/\/blogs.diariovasco.com\/apartirdelos50\/wp-json\/wp\/v2\/categories?post=5580"},{"taxonomy":"post_tag","embeddable":true,"href":"https:\/\/blogs.diariovasco.com\/apartirdelos50\/wp-json\/wp\/v2\/tags?post=5580"}],"curies":[{"name":"wp","href":"https:\/\/api.w.org\/{rel}","templated":true}]}}