{"id":5647,"date":"2019-01-23T08:35:25","date_gmt":"2019-01-23T07:35:25","guid":{"rendered":"https:\/\/blogs.diariovasco.com\/apartirdelos50\/?p=5647"},"modified":"2019-01-21T09:14:43","modified_gmt":"2019-01-21T08:14:43","slug":"si-las-cosas-no-me-salen-como-quiero","status":"publish","type":"post","link":"https:\/\/blogs.diariovasco.com\/apartirdelos50\/2019\/01\/23\/si-las-cosas-no-me-salen-como-quiero\/","title":{"rendered":"Si las cosas no me salen como quiero"},"content":{"rendered":"<p><a href=\"https:\/\/static-blogs.diariovasco.com\/wp-content\/uploads\/sites\/19\/2019\/01\/Frustracion.jpg\"><img loading=\"lazy\" class=\"aligncenter size-full wp-image-5648\" src=\"https:\/\/static-blogs.diariovasco.com\/wp-content\/uploads\/sites\/19\/2019\/01\/Frustracion.jpg\" alt=\"frustracion\" width=\"538\" height=\"363\" srcset=\"https:\/\/static-blogs.diariovasco.com\/wp-content\/uploads\/sites\/19\/2019\/01\/Frustracion.jpg 538w, https:\/\/static-blogs.diariovasco.com\/wp-content\/uploads\/sites\/19\/2019\/01\/Frustracion-300x202.jpg 300w\" sizes=\"(max-width: 538px) 100vw, 538px\" \/><\/a><\/p>\n<p><strong>Cuando las cosas no salen como uno quiere lo normal es \u00a0llevarse un disgustazo o cabrearse como un mono. Hay quien se lanza a llorar o a gritar o incluso se deprime y se queda como atontado ante la \u201cinjusticia\u201d del asunto. Me ha tocado recorrer todos esos caminos en alguna ocasi\u00f3n, lo confieso con m\u00e1s pena que gloria, todo hay que decirlo.<\/strong><\/p>\n<p>Cuando las cosas no salen como yo quiero, recuerdo que tengo mente y coraz\u00f3n, pero no varita m\u00e1gica. Que los dem\u00e1s viven la vida con sus propios deseos, afanes y criterios y no con los m\u00edos. Que lo que es bueno para m\u00ed quiz\u00e1s sea una estupidez para otras personas y, sobre todo y por encima de todo, que si algo me es negado seguramente sea por una buena raz\u00f3n.<\/p>\n<p><strong>Soy de esas personas que creen a pies juntillas que cuando un amor se acaba es porque otro mejor est\u00e1 esperando a la vuelta de la esquina\u2026 aunque tenga que estar \u201cvigilando\u201d esa esquina durante meses.<\/strong><\/p>\n<p>Cuando me pongo enferma me digo a m\u00ed misma que es el momento perfecto para aprovechar el par\u00f3n y leer los libros atrasados\u2026 aunque la fiebre me suba hasta el \u00e1tico y los ojos me hagan chiribitas.<\/p>\n<p><strong>Si pierdo la cartera me da por pensar que es porque ha llegado el momento de comprar otra nueva\u2026 siempre que con la cartera no haya desaparecido la Visa. Cuando el m\u00f3vil est\u00e1 mudo, me consuelo pensando que as\u00ed no llegar\u00e1 ninguna mala noticia\u2026 aunque me pierda un encuentro o un buen momento compartido. Y cuando un amigo me falla me reafirmo en que ser\u00e1 porque no era tan amigo\u2026 aunque me adulara de vez en cuando y no se olvidara de mi cumplea\u00f1os.<\/strong><\/p>\n<p><a href=\"https:\/\/static-blogs.diariovasco.com\/wp-content\/uploads\/sites\/19\/2019\/01\/A-partir-de-los-50-1.jpg\"><img loading=\"lazy\" class=\"alignleft size-medium wp-image-5635\" src=\"https:\/\/static-blogs.diariovasco.com\/wp-content\/uploads\/sites\/19\/2019\/01\/A-partir-de-los-50-1-300x225.jpg\" alt=\"a-partir-de-los-50\" width=\"300\" height=\"225\" srcset=\"https:\/\/static-blogs.diariovasco.com\/wp-content\/uploads\/sites\/19\/2019\/01\/A-partir-de-los-50-1-300x225.jpg 300w, https:\/\/static-blogs.diariovasco.com\/wp-content\/uploads\/sites\/19\/2019\/01\/A-partir-de-los-50-1-768x576.jpg 768w, https:\/\/static-blogs.diariovasco.com\/wp-content\/uploads\/sites\/19\/2019\/01\/A-partir-de-los-50-1.jpg 816w\" sizes=\"(max-width: 300px) 100vw, 300px\" \/><\/a>Tambi\u00e9n he comprendido que la mayor ventaja de dormir sola es que me permite estirarme todo lo que quiera aunque no se me escapa que si duermo acompa\u00f1ada tengo una raci\u00f3n extra de calorcito, por lo menos en invierno.<\/p>\n<p>&nbsp;<\/p>\n<p><strong>En definitiva, una ingenua positivista, aunque de rigor cient\u00edfico, m\u00e1s bien poco, tirando a muy poco. Con el tiempo he ido esforz\u00e1ndome para que todo \u2013o <em>casi<\/em> todo- me parezca <em>casi<\/em> bien y <em>casi<\/em> he conseguido quejarme menos de mi \u201cmala suerte\u201d.<\/strong><\/p>\n<p>Digamos que me centro m\u00e1s y con m\u00e1s consciencia en disfrutar de cada minuto en que estoy en paz ya que son much\u00edsimos los momentos, las ocasiones y las posibilidades de sentirse bien con una misma sin estar d\u00e1ndole vueltas al mag\u00edn rastreando problemas hipot\u00e9ticos o por venir.<\/p>\n<p><strong>No (pre)ocup\u00e1ndome de los pleitos ajenos, ni cotorreando ni cotilleando sobre c\u00f3mo, cu\u00e1ndo y por qu\u00e9 hace el pr\u00f3jimo sus componendas que a m\u00ed ni me van ni me vienen aunque se empe\u00f1en \u2013que se empe\u00f1an- en meterme en sus tejemanejes.<\/strong><\/p>\n<p><a href=\"https:\/\/static-blogs.diariovasco.com\/wp-content\/uploads\/sites\/19\/2019\/01\/A-partir-de-los-50-2-1.jpg\"><img loading=\"lazy\" class=\"alignright size-medium wp-image-5651\" src=\"https:\/\/static-blogs.diariovasco.com\/wp-content\/uploads\/sites\/19\/2019\/01\/A-partir-de-los-50-2-1-300x300.jpg\" alt=\"a-partir-de-los-50-2\" width=\"300\" height=\"300\" srcset=\"https:\/\/static-blogs.diariovasco.com\/wp-content\/uploads\/sites\/19\/2019\/01\/A-partir-de-los-50-2-1-300x300.jpg 300w, https:\/\/static-blogs.diariovasco.com\/wp-content\/uploads\/sites\/19\/2019\/01\/A-partir-de-los-50-2-1-150x150.jpg 150w, https:\/\/static-blogs.diariovasco.com\/wp-content\/uploads\/sites\/19\/2019\/01\/A-partir-de-los-50-2-1.jpg 423w\" sizes=\"(max-width: 300px) 100vw, 300px\" \/><\/a>Y cuando consigo que no me salpiquen esas aguas, las cosas empiezan a salir \u201ccomo yo quiero\u201d; es decir, tranquilas, sosegadas, \u2013como ahora- escribiendo mientras doy sorbos \u00a0a una infusi\u00f3n arom\u00e1tica y mi perrillo descansa cerca de la ventana bajo las nubes que ocultan los tenues rayos de sol del invierno.<\/p>\n<p>&nbsp;<\/p>\n<p><strong>Porque las cosas no me han salido como yo quer\u00eda y a pesar de ello\u2026sigo siendo feliz. Uno a cero a mi favor.<\/strong><\/p>\n<p>Felices los felices.<\/p>\n<p>LaAlquimista<\/p>\n<p>Por si alguien desea contactar:<\/p>\n<p>apartirdeloscincuenta@gmail.com<\/p>\n<p>&nbsp;<\/p>\n<p>&nbsp;<\/p>\n<!-- AddThis Advanced Settings generic via filter on the_content --><!-- AddThis Share Buttons generic via filter on the_content -->","protected":false},"excerpt":{"rendered":"<p>Cuando las cosas no salen como uno quiere lo normal es \u00a0llevarse un disgustazo o cabrearse como un mono. Hay quien se lanza a llorar o a gritar o incluso se deprime y se queda como atontado ante la \u201cinjusticia\u201d del asunto. Me ha tocado recorrer todos esos caminos en alguna ocasi\u00f3n, lo confieso con [&hellip;]<!-- AddThis Advanced Settings generic via filter on get_the_excerpt --><!-- AddThis Share Buttons generic via filter on get_the_excerpt --><\/p>\n","protected":false},"author":34,"featured_media":0,"comment_status":"open","ping_status":"closed","sticky":false,"template":"","format":"standard","meta":[],"categories":[9,2],"tags":[262,264,263],"_links":{"self":[{"href":"https:\/\/blogs.diariovasco.com\/apartirdelos50\/wp-json\/wp\/v2\/posts\/5647"}],"collection":[{"href":"https:\/\/blogs.diariovasco.com\/apartirdelos50\/wp-json\/wp\/v2\/posts"}],"about":[{"href":"https:\/\/blogs.diariovasco.com\/apartirdelos50\/wp-json\/wp\/v2\/types\/post"}],"author":[{"embeddable":true,"href":"https:\/\/blogs.diariovasco.com\/apartirdelos50\/wp-json\/wp\/v2\/users\/34"}],"replies":[{"embeddable":true,"href":"https:\/\/blogs.diariovasco.com\/apartirdelos50\/wp-json\/wp\/v2\/comments?post=5647"}],"version-history":[{"count":3,"href":"https:\/\/blogs.diariovasco.com\/apartirdelos50\/wp-json\/wp\/v2\/posts\/5647\/revisions"}],"predecessor-version":[{"id":5652,"href":"https:\/\/blogs.diariovasco.com\/apartirdelos50\/wp-json\/wp\/v2\/posts\/5647\/revisions\/5652"}],"wp:attachment":[{"href":"https:\/\/blogs.diariovasco.com\/apartirdelos50\/wp-json\/wp\/v2\/media?parent=5647"}],"wp:term":[{"taxonomy":"category","embeddable":true,"href":"https:\/\/blogs.diariovasco.com\/apartirdelos50\/wp-json\/wp\/v2\/categories?post=5647"},{"taxonomy":"post_tag","embeddable":true,"href":"https:\/\/blogs.diariovasco.com\/apartirdelos50\/wp-json\/wp\/v2\/tags?post=5647"}],"curies":[{"name":"wp","href":"https:\/\/api.w.org\/{rel}","templated":true}]}}