{"id":5667,"date":"2019-01-30T08:18:14","date_gmt":"2019-01-30T07:18:14","guid":{"rendered":"https:\/\/blogs.diariovasco.com\/apartirdelos50\/?p=5667"},"modified":"2019-01-30T08:18:59","modified_gmt":"2019-01-30T07:18:59","slug":"lecturas-de-invierno","status":"publish","type":"post","link":"https:\/\/blogs.diariovasco.com\/apartirdelos50\/2019\/01\/30\/lecturas-de-invierno\/","title":{"rendered":"Lecturas de invierno"},"content":{"rendered":"<p><a href=\"https:\/\/static-blogs.diariovasco.com\/wp-content\/uploads\/sites\/19\/2019\/01\/Lecturas-de-invierno.jpg\"><img loading=\"lazy\" class=\"aligncenter size-full wp-image-5668\" src=\"https:\/\/static-blogs.diariovasco.com\/wp-content\/uploads\/sites\/19\/2019\/01\/Lecturas-de-invierno.jpg\" alt=\"lecturas-de-invierno\" width=\"852\" height=\"480\" srcset=\"https:\/\/static-blogs.diariovasco.com\/wp-content\/uploads\/sites\/19\/2019\/01\/Lecturas-de-invierno.jpg 852w, https:\/\/static-blogs.diariovasco.com\/wp-content\/uploads\/sites\/19\/2019\/01\/Lecturas-de-invierno-300x169.jpg 300w, https:\/\/static-blogs.diariovasco.com\/wp-content\/uploads\/sites\/19\/2019\/01\/Lecturas-de-invierno-768x433.jpg 768w\" sizes=\"(max-width: 852px) 100vw, 852px\" \/><\/a><\/p>\n<p><strong>Los d\u00edas cortos y fr\u00edos del invierno invitan al recogimiento hogare\u00f1o y a la lectura sosegada, buscando la calma y el descanso. En silencio o con m\u00fasica suave de fondo, ayudan los libros a disfrutar del tiempo libre a la vez que van haci\u00e9ndose sitio en el lugar donde guardamos (para el futuro) el conocimiento y la sabidur\u00eda. Entretienen los libros tanto como una serie porque la mente imagina, inventa, viaja y recorre el camino con el esfuerzo propio, desde\u00f1ando que nos den el alimento hecho \u201cpapilla\u201d.<\/strong><\/p>\n<p>Os comparto mis \u00faltimas lecturas, algunas sabrosas, otras penosas. Con la \u00fanica pretensi\u00f3n de animaros a leer\u2026todav\u00eda un poco m\u00e1s.<\/p>\n<p><strong><em><u>Lecturas livianas: (para pasar el rato y sin que inviten a la reflexi\u00f3n profunda)\u00a0 <\/u><\/em><\/strong><\/p>\n<p><strong><u>\u201cCuando sale la reclusa<\/u><\/strong>\u201d de Fred Vargas (2017) Flamante ganadora del premio Princesa de Asturias de las Letras (2018) esta autora francesa de 62 a\u00f1os es la gran se\u00f1ora de la novela negra (tambi\u00e9n llamada \u201cpolar\u201d en Francia) Sus tramas y personajes son cre\u00edbles, porque la realidad supera siempre la ficci\u00f3n. El comisario Adamsberg y su equipo me fascinan. Esta vez de ara\u00f1as y venganzas. \u00a0 \u00a0 \u00a0 \u00a0 \u00a0 \u00a0 \u00a0 \u00a0 \u00a0 \u00a0 \u00a0 \u00a0 \u00a0 \u00a0 \u00a0 \u00a0 \u00a0 \u00a0 \u00a0 \u00a0 \u00a0 \u00a0 \u00a0 \u00a0 \u00a0 \u00a0 \u00a0 \u00a0 \u00a0 \u00a0 \u00a0 \u00a0 \u00a0 \u00a0 \u00a0 \u00a0 \u00a0 \u00a0 \u00a0 \u00a0 \u00a0 \u00a0 \u00a0 \u00a0 \u00a0 \u00a0 \u00a0 \u00a0 \u00a0 \u00a0 \u00a0 \u00a0 \u00a0 \u00a0\u00a0 8\/10<\/p>\n<p><strong>\u00a0<u>\u201cTiempos de hielo<\/u>\u201d <\/strong>de Fred Vargas (2015) El comisario Adamsberg es el prototipo del hombre que a m\u00ed me atrae; quiz\u00e1s por eso sigo todos sus casos de la mano de esta escritora. \u00a0 \u00a0 \u00a0 \u00a0 \u00a0 \u00a0 \u00a0 \u00a0 \u00a0 \u00a0 \u00a0 \u00a0 \u00a0 \u00a0 \u00a0 \u00a0 \u00a0 \u00a0 \u00a0 \u00a0 \u00a0 \u00a0 \u00a0 \u00a0 \u00a0 \u00a0 \u00a0 \u00a0 \u00a0 \u00a0 \u00a0 \u00a0 \u00a0 \u00a0 \u00a0 \u00a0 \u00a0 \u00a0 \u00a0 \u00a0 \u00a0 7\/10<\/p>\n<p><strong><u>\u201cLa hija de la amante\u201d<\/u><\/strong> de A.M.Homes (2007) Su b\u00fasqueda identitaria y autobiogr\u00e1fica. Esta mujer de 57 a\u00f1os sorprende por su crudeza y ausencia de filtros. Su historia real es rocambolesca y su mente le va a la zaga. \u00a0 \u00a0 \u00a0 \u00a0\u00a0 6\/10<\/p>\n<p><a href=\"https:\/\/elpais.com\/cultura\/2018\/06\/22\/actualidad\/1529681788_159133.html\" rel=\"external nofollow\">https:\/\/elpais.com\/cultura\/2018\/06\/22\/actualidad\/1529681788_159133.html<\/a><\/p>\n<p><strong><u>\u201cUna revelaci\u00f3n brutal\u201d <\/u><\/strong>de Louise Penny. (2009) Largo, enrevesado y poco interesante. Intriga a la canadiense. \u00a0 \u00a0 \u00a0 \u00a0 \u00a0 \u00a0 \u00a0 \u00a0 \u00a0 \u00a0 \u00a0 \u00a0 \u00a0 \u00a0 \u00a0 \u00a0 \u00a0 \u00a0 \u00a0 \u00a0 \u00a0 \u00a0 \u00a0 \u00a0 \u00a0 \u00a0 \u00a0 \u00a0 \u00a0 \u00a0 \u00a0\u00a0 5\/10<\/p>\n<p><em><strong><u>Lecturas enjundiosas: (que ayudan a incrementar el acervo cultural a la vez que estimulan el intelecto)<\/u><\/strong><\/em><\/p>\n<p><strong><u>\u201cUn d\u00eda es un d\u00eda\u201d <\/u><\/strong>de Margaret Atwood (2013) Recopilaci\u00f3n de relatos. Escritora y poeta canadiense, a sus 79 a\u00f1os sigue en activo y activista pol\u00edtica. Seguro que la conoc\u00e9is \u00a0por \u201cEl cuento de la criada\u201d. Premio Princesa de Asturias de las Letras 2008. \u00a0 \u00a0 \u00a0 \u00a0 \u00a0 \u00a0 \u00a0 \u00a0 \u00a0 \u00a0 \u00a0 \u00a0 \u00a0 \u00a0 \u00a0 \u00a0 \u00a0 \u00a0 \u00a0 \u00a0 \u00a0 \u00a0 \u00a0 \u00a0 \u00a0 \u00a0 \u00a0 \u00a0 \u00a0 \u00a0 \u00a0 \u00a0 \u00a0 \u00a0 \u00a0 \u00a0 \u00a0 \u00a0 \u00a0 8\/10<\/p>\n<p><a href=\"https:\/\/elpais.com\/cultura\/2018\/01\/16\/actualidad\/1516091421_335382.html\" rel=\"external nofollow\">https:\/\/elpais.com\/cultura\/2018\/01\/16\/actualidad\/1516091421_335382.html<\/a><\/p>\n<p><strong><u>\u201cLa sonrisa de la Gioconda<\/u><\/strong><strong>\u201d <\/strong>de Luis Racionero. (1999) Relectura agradecida. <a href=\"https:\/\/www.lavanguardia.com\/libros\/20171216\/433652789914\/entrevista-luis-racionero-manual-de-la-buena-vida.html\" rel=\"external nofollow\">https:\/\/www.lavanguardia.com\/libros\/20171216\/433652789914\/entrevista-luis-racionero-manual-de-la-buena-vida.html<\/a><\/p>\n<p>Este intelectual catal\u00e1n de 79 a\u00f1os es una referencia ineludible para los de su \u00e9poca. Algunos lo recordar\u00e1n por su boda con la famosa doctora Elena Ochoa, pero yo prefiero valorarlo por la satisfacci\u00f3n que me proporciona leerle. \u00a0 8\/10<\/p>\n<p><strong><u>\u201cEl artista m\u00e1s grande del mundo\u201d <\/u><\/strong>de Juan Jos\u00e9 Becerra. (2017) Este libro me lo prest\u00f3 mi hija (la artista) y me sorprendi\u00f3. No dir\u00e9 que gratamente, pero me sorprendi\u00f3. Le pongo un \u00a0 \u00a0 \u00a0 \u00a0 \u00a0 \u00a0 \u00a0 \u00a0 \u00a0 \u00a0 \u00a0 \u00a0 \u00a0 \u00a0 \u00a0 \u00a0 \u00a0 \u00a0 \u00a0 \u00a0 \u00a0 \u00a0 \u00a0 \u00a0 \u00a0 \u00a0 \u00a0 \u00a0 \u00a0 \u00a0 \u00a0 \u00a0 \u00a0 \u00a0\u00a0 7\/10<\/p>\n<p><a href=\"https:\/\/www.culturamas.es\/blog\/2018\/11\/15\/el-artista-mas-grande-del-mundo\/\" rel=\"external nofollow\">https:\/\/www.culturamas.es\/blog\/2018\/11\/15\/el-artista-mas-grande-del-mundo\/<\/a><\/p>\n<p><strong><u>\u201cNo me cuentes tu vida\u201d<\/u><\/strong> de Luis Garc\u00eda Montero. (2012) Bonita prosa sobre fondo gris. Me gusta mucho m\u00e1s el poeta. \u00a0 \u00a0 \u00a0 \u00a0 \u00a0 \u00a0 \u00a0 \u00a0 \u00a0 \u00a0 \u00a0 \u00a0 \u00a0 \u00a0 \u00a0 \u00a0 \u00a0 \u00a0 \u00a0 \u00a0 \u00a0\u00a0 6\/10<\/p>\n<p><strong><em><u>Lecturas con peso espec\u00edfico: (para sustraerles la sustancia a base de neuronas.)<\/u><\/em><\/strong><\/p>\n<p><strong><u>\u201cWalden\u201d <\/u><\/strong>de Henry David Thoreau (1854) Un cl\u00e1sico de la filosof\u00eda estadounidense. S\u00ed, aquel que se fue a vivir a una caba\u00f1a aisl\u00e1ndose del mundo\u2026a medias. \u201cLa vida en los bosques\u201d. \u00a0 \u00a0 \u00a0 \u00a0 \u00a0 \u00a0 \u00a0 \u00a0 \u00a0 \u00a0 \u00a0 \u00a0 \u00a0 \u00a0 \u00a0 \u00a0 \u00a0 \u00a0 \u00a0 \u00a0 \u00a0 \u00a0 \u00a0 \u00a0 \u00a0 9\/10<\/p>\n<p><a href=\"http:\/\/www.pepitas.net\/libro\/una-casa-en-walden\" rel=\"external nofollow\">http:\/\/www.pepitas.net\/libro\/una-casa-en-walden<\/a><\/p>\n<p><strong><em><u>\u00a0Lecturas atragantadas: (que pretend\u00edan ser interesantes y que no he podido llevar a buen puerto)<\/u><\/em><\/strong><\/p>\n<p><strong><u>\u201cYo, Julia<\/u><\/strong><strong>\u201d <\/strong>de Santiago Posteguillo. (2018) Premio Planeta. No digo mucho m\u00e1s. Una saturaci\u00f3n innecesaria de fechas, datos y lugares. Guerras y m\u00e1s guerras. Abandonado por la mitad.<\/p>\n<p><strong><u>\u201cDal\u00ed, esencial\u201d<\/u><\/strong>\u00a0\u00a0 de Josep Play\u00e1 Maset. (2018) Una \u201cnovedad\u201d que viene a ser m\u00e1s de lo mismo. Poco inter\u00e9s, le\u00eddo en diagonal.<\/p>\n<p><em>*La puntuaci\u00f3n es fruto de una opini\u00f3n personal que no tiene m\u00e1s valor que el que uno le quiera dar\u2026<\/em><\/p>\n<p>Felices los felices<\/p>\n<p>LaAlquimista<\/p>\n<p><em>Por si alguien desea contactar:<\/em><\/p>\n<p><a href=\"mailto:apartirdeloscincuenta@gmail.com\">apartirdeloscincuenta@gmail.com<\/a><\/p>\n<p>&nbsp;<\/p>\n<p>&nbsp;<\/p>\n<!-- AddThis Advanced Settings generic via filter on the_content --><!-- AddThis Share Buttons generic via filter on the_content -->","protected":false},"excerpt":{"rendered":"<p>Los d\u00edas cortos y fr\u00edos del invierno invitan al recogimiento hogare\u00f1o y a la lectura sosegada, buscando la calma y el descanso. En silencio o con m\u00fasica suave de fondo, ayudan los libros a disfrutar del tiempo libre a la vez que van haci\u00e9ndose sitio en el lugar donde guardamos (para el futuro) el conocimiento [&hellip;]<!-- AddThis Advanced Settings generic via filter on get_the_excerpt --><!-- AddThis Share Buttons generic via filter on get_the_excerpt --><\/p>\n","protected":false},"author":34,"featured_media":0,"comment_status":"open","ping_status":"closed","sticky":false,"template":"","format":"standard","meta":[],"categories":[9,2,18],"tags":[272,274,271,273],"_links":{"self":[{"href":"https:\/\/blogs.diariovasco.com\/apartirdelos50\/wp-json\/wp\/v2\/posts\/5667"}],"collection":[{"href":"https:\/\/blogs.diariovasco.com\/apartirdelos50\/wp-json\/wp\/v2\/posts"}],"about":[{"href":"https:\/\/blogs.diariovasco.com\/apartirdelos50\/wp-json\/wp\/v2\/types\/post"}],"author":[{"embeddable":true,"href":"https:\/\/blogs.diariovasco.com\/apartirdelos50\/wp-json\/wp\/v2\/users\/34"}],"replies":[{"embeddable":true,"href":"https:\/\/blogs.diariovasco.com\/apartirdelos50\/wp-json\/wp\/v2\/comments?post=5667"}],"version-history":[{"count":1,"href":"https:\/\/blogs.diariovasco.com\/apartirdelos50\/wp-json\/wp\/v2\/posts\/5667\/revisions"}],"predecessor-version":[{"id":5669,"href":"https:\/\/blogs.diariovasco.com\/apartirdelos50\/wp-json\/wp\/v2\/posts\/5667\/revisions\/5669"}],"wp:attachment":[{"href":"https:\/\/blogs.diariovasco.com\/apartirdelos50\/wp-json\/wp\/v2\/media?parent=5667"}],"wp:term":[{"taxonomy":"category","embeddable":true,"href":"https:\/\/blogs.diariovasco.com\/apartirdelos50\/wp-json\/wp\/v2\/categories?post=5667"},{"taxonomy":"post_tag","embeddable":true,"href":"https:\/\/blogs.diariovasco.com\/apartirdelos50\/wp-json\/wp\/v2\/tags?post=5667"}],"curies":[{"name":"wp","href":"https:\/\/api.w.org\/{rel}","templated":true}]}}