{"id":5801,"date":"2019-03-18T08:27:59","date_gmt":"2019-03-18T07:27:59","guid":{"rendered":"https:\/\/blogs.diariovasco.com\/apartirdelos50\/?p=5801"},"modified":"2019-03-18T08:28:25","modified_gmt":"2019-03-18T07:28:25","slug":"cita-a-ciegas-en-la-tele","status":"publish","type":"post","link":"https:\/\/blogs.diariovasco.com\/apartirdelos50\/2019\/03\/18\/cita-a-ciegas-en-la-tele\/","title":{"rendered":"Primera cita con luz y taqu\u00edgrafos"},"content":{"rendered":"<p><a href=\"https:\/\/static-blogs.diariovasco.com\/wp-content\/uploads\/sites\/19\/2019\/03\/primera-cita.jpg\"><img loading=\"lazy\" class=\"aligncenter size-full wp-image-5804\" src=\"https:\/\/static-blogs.diariovasco.com\/wp-content\/uploads\/sites\/19\/2019\/03\/primera-cita.jpg\" alt=\"primera-cita\" width=\"560\" height=\"420\" srcset=\"https:\/\/static-blogs.diariovasco.com\/wp-content\/uploads\/sites\/19\/2019\/03\/primera-cita.jpg 560w, https:\/\/static-blogs.diariovasco.com\/wp-content\/uploads\/sites\/19\/2019\/03\/primera-cita-300x225.jpg 300w\" sizes=\"(max-width: 560px) 100vw, 560px\" \/><\/a><\/p>\n<p><strong>Con este t\u00edtulo pocos ser\u00e1n los que no sepan que estoy hablando del programa estrella de las noches televisivas: <em>First Dates<\/em>. En realidad este post es una reflexi\u00f3n tanto para quienes lo siguen como para quienes lo desconocen (que no ser\u00e1n pocos, imagino).<\/strong><\/p>\n<p>El caso es que me met\u00ed en la p\u00e1gina dela promotora televisiva para echar un vistazo y enseguida me di cuenta de que los filtros de la preselecci\u00f3n son draconianos; por las preguntas que plantean est\u00e1 claro que buscan perfiles \u201cpeculiares\u201d\u2026 o ridiculizables.<\/p>\n<p><strong>Se comienza rellenando un cuestionario on line para solicitar la participaci\u00f3n en un programa en el que, te\u00f3ricamente, se va a <em>buscar el amor<\/em> aunque haya quien lo use para promocionar sus aptitudes o su frikismo exacerbado.<\/strong><\/p>\n<p>Para empezar, si eres \u201cnormal\u201d, lo tienes crudo. Definamos \u201cnormal\u201d: que no destacas por nada especial, ni guapo ni feo, ni tonto ni listo, ni elegante ni ordinario; vamos, del mont\u00f3n. Pues eso, que si eres \u201cdel mont\u00f3n\u201d, no te van a enviar un email con m\u00e1s preguntas para que participes ni aunque lo esperes cien a\u00f1os. \u00bfPor qu\u00e9?<\/p>\n<p><strong>Viendo el programa en cuesti\u00f3n la respuesta cae por su peso. Viendo a quienes se presentan voluntariamente a buscar sus quince minutos de gloria televisiva (y si de paso pillan cacho o encuentran a su media naranja, mejor que mejor) no me cabe la menor duda de que ellos, los participantes, conforman \u201cla normalidad\u201d de la ciudadan\u00eda de este pa\u00eds.<\/strong><\/p>\n<p><a href=\"https:\/\/static-blogs.diariovasco.com\/wp-content\/uploads\/sites\/19\/2019\/03\/A-partir-de-los-50-2.jpg\"><img loading=\"lazy\" class=\"alignleft size-full wp-image-5767\" src=\"https:\/\/static-blogs.diariovasco.com\/wp-content\/uploads\/sites\/19\/2019\/03\/A-partir-de-los-50-2.jpg\" alt=\"a-partir-de-los-50-2\" width=\"423\" height=\"423\" srcset=\"https:\/\/static-blogs.diariovasco.com\/wp-content\/uploads\/sites\/19\/2019\/03\/A-partir-de-los-50-2.jpg 423w, https:\/\/static-blogs.diariovasco.com\/wp-content\/uploads\/sites\/19\/2019\/03\/A-partir-de-los-50-2-150x150.jpg 150w, https:\/\/static-blogs.diariovasco.com\/wp-content\/uploads\/sites\/19\/2019\/03\/A-partir-de-los-50-2-300x300.jpg 300w\" sizes=\"(max-width: 423px) 100vw, 423px\" \/><\/a>Bien es cierto que un par de golondrinas no hacen verano, pero algo habr\u00e1 que pararse a reflexionar sobre los variopintos tipos o arquetipos humanos, tanto femeninos como masculinos, que se muestran ante el espectador.<\/p>\n<p><strong>Hay quien me ha dicho que ve el programa para re\u00edrse; otros, porque no dan cr\u00e9dito. Y los m\u00e1s sinceros, porque les da un morbo que no veas ver c\u00f3mo la gente se presta a hacer el rid\u00edculo ante medio pa\u00eds y sin que le paguen ni un duro.<\/strong><\/p>\n<p>Yo me apuntar\u00eda, pero para qu\u00e9. Quiz\u00e1s por la experiencia de ver el entramado desde dentro, pero qu\u00e9 pereza. Adem\u00e1s tendr\u00eda que definir a mi hombre \u201cprototipo\u201d para rellenar el cuestionario y no s\u00e9 c\u00f3mo podr\u00eda indicar que no s\u00e9 si un hombre me gusta hasta que lo tengo delante y le escucho hablar durante cinco minutos. Entonces es cuando empiezo a fijarme en otras cosas. Aunque parece que hay lugares comunes: las mujeres piden un hombre que \u201cles haga reir, vaya al gimnasio y sea fiel y cari\u00f1oso\u201d y los hombres una mujer que \u201cest\u00e9 de buen ver, sea independiente, se cuide y no sea celosa\u201d. Los homosexuales, piden exactamente lo mismo, ah\u00ed s\u00ed que somos todos iguales.<\/p>\n<p><a href=\"https:\/\/static-blogs.diariovasco.com\/wp-content\/uploads\/sites\/19\/2019\/02\/A-partir-de-los-50-1.jpg\"><img loading=\"lazy\" class=\"alignright size-medium wp-image-5751\" src=\"https:\/\/static-blogs.diariovasco.com\/wp-content\/uploads\/sites\/19\/2019\/02\/A-partir-de-los-50-1-300x225.jpg\" alt=\"a-partir-de-los-50\" width=\"300\" height=\"225\" srcset=\"https:\/\/static-blogs.diariovasco.com\/wp-content\/uploads\/sites\/19\/2019\/02\/A-partir-de-los-50-1-300x225.jpg 300w, https:\/\/static-blogs.diariovasco.com\/wp-content\/uploads\/sites\/19\/2019\/02\/A-partir-de-los-50-1-768x576.jpg 768w, https:\/\/static-blogs.diariovasco.com\/wp-content\/uploads\/sites\/19\/2019\/02\/A-partir-de-los-50-1.jpg 816w\" sizes=\"(max-width: 300px) 100vw, 300px\" \/><\/a><strong>Se reduce y se resume y as\u00ed se puede ver a se\u00f1ores de sesenta a\u00f1os con se\u00f1oras de sesenta a\u00f1os que parece que los han buscado con mala uva para que salten las chispas. El otro d\u00eda un hombre de 65 de entorno rural dec\u00eda \u2013m\u00e1s bien molesto- que le parec\u00eda <em>\u201cmayor\u201d<\/em> la pareja que le presentaron, una mujer de 64 a\u00f1os que daba gloria verla, educada, elegante\u2026 \u00a1con estudios! Y \u00e9l venga a darle vueltas a la edad, que le gustaban m\u00e1s j\u00f3venes y de ah\u00ed no se apeaba el tipo.<\/strong><\/p>\n<p>O como aquel otro, tambi\u00e9n en la larga cincuentena, <em>hermosote <\/em>y bien alimentado de barriga, que le puso todas las pegas del mundo a una mujer de su estilo, regordeta y pechugona. Pues no se\u00f1or, que a \u00e9l las \u201c<em>gordas le gustaban<\/em> <em>s\u00f3lo de lejos<\/em>\u201d. Digo yo que la se\u00f1ora en cuesti\u00f3n le pondr\u00eda a parir fuera de c\u00e1mara porque se lo merec\u00eda el tipo por falt\u00f3n.<\/p>\n<p><strong>Tambi\u00e9n vi a unos chavales (de veintitantos) diciendo que el <em>poliamor<\/em> es lo que se lleva, que la bisexualidad est\u00e1 pasada de moda, que hay que probarlo todo antes de que sea demasiado tarde; los metieron en un reservado para que se comieran la boca en primer plano. Casi me parto, oyes.<\/strong><\/p>\n<p>Yo de verdad que me apuntar\u00eda, para que toda Espa\u00f1a se riera de m\u00ed pero publicitaran mi blog y ganarme una pasta gansa o me ofrecieran participar en alg\u00fan programa como tertuliana (ops, que ya estuve y acab\u00f3 aquello como el rosario de la aurora). O como experimento sociol\u00f3gico que eso me mola mucho m\u00e1s. Y si ya de paso conozco a alg\u00fan hombre que no me pregunta en la primera cita si en la cama soy activa o pasiva, pues como que qu\u00e9 bien.<\/p>\n<p><strong>Lo dicho. Que si estoy con el \u00e1nimo bajo me pongo el programita ese un rato y mucho mejor que un bromazepan o como se llame eso que te recetan para levantar la moral. De tomar chocolate negro antes de acostarme, paso. (O como dice una amiga m\u00eda: \u201ct\u00fa c\u00f3mete el chocolate\u2026\u201d)<\/strong><\/p>\n<p>Felices los felices.<\/p>\n<p>LaAlquimista<\/p>\n<p>Por si alguien desea contactar:<\/p>\n<p>apartirdeloscincuenta@gmail.com<\/p>\n<!-- AddThis Advanced Settings generic via filter on the_content --><!-- AddThis Share Buttons generic via filter on the_content -->","protected":false},"excerpt":{"rendered":"<p>Con este t\u00edtulo pocos ser\u00e1n los que no sepan que estoy hablando del programa estrella de las noches televisivas: First Dates. En realidad este post es una reflexi\u00f3n tanto para quienes lo siguen como para quienes lo desconocen (que no ser\u00e1n pocos, imagino). El caso es que me met\u00ed en la p\u00e1gina dela promotora televisiva [&hellip;]<!-- AddThis Advanced Settings generic via filter on get_the_excerpt --><!-- AddThis Share Buttons generic via filter on get_the_excerpt --><\/p>\n","protected":false},"author":34,"featured_media":0,"comment_status":"open","ping_status":"closed","sticky":false,"template":"","format":"standard","meta":[],"categories":[2],"tags":[316,318,317,315],"_links":{"self":[{"href":"https:\/\/blogs.diariovasco.com\/apartirdelos50\/wp-json\/wp\/v2\/posts\/5801"}],"collection":[{"href":"https:\/\/blogs.diariovasco.com\/apartirdelos50\/wp-json\/wp\/v2\/posts"}],"about":[{"href":"https:\/\/blogs.diariovasco.com\/apartirdelos50\/wp-json\/wp\/v2\/types\/post"}],"author":[{"embeddable":true,"href":"https:\/\/blogs.diariovasco.com\/apartirdelos50\/wp-json\/wp\/v2\/users\/34"}],"replies":[{"embeddable":true,"href":"https:\/\/blogs.diariovasco.com\/apartirdelos50\/wp-json\/wp\/v2\/comments?post=5801"}],"version-history":[{"count":3,"href":"https:\/\/blogs.diariovasco.com\/apartirdelos50\/wp-json\/wp\/v2\/posts\/5801\/revisions"}],"predecessor-version":[{"id":5805,"href":"https:\/\/blogs.diariovasco.com\/apartirdelos50\/wp-json\/wp\/v2\/posts\/5801\/revisions\/5805"}],"wp:attachment":[{"href":"https:\/\/blogs.diariovasco.com\/apartirdelos50\/wp-json\/wp\/v2\/media?parent=5801"}],"wp:term":[{"taxonomy":"category","embeddable":true,"href":"https:\/\/blogs.diariovasco.com\/apartirdelos50\/wp-json\/wp\/v2\/categories?post=5801"},{"taxonomy":"post_tag","embeddable":true,"href":"https:\/\/blogs.diariovasco.com\/apartirdelos50\/wp-json\/wp\/v2\/tags?post=5801"}],"curies":[{"name":"wp","href":"https:\/\/api.w.org\/{rel}","templated":true}]}}