{"id":5955,"date":"2019-04-29T07:12:49","date_gmt":"2019-04-29T06:12:49","guid":{"rendered":"https:\/\/blogs.diariovasco.com\/apartirdelos50\/?p=5955"},"modified":"2019-04-29T07:13:06","modified_gmt":"2019-04-29T06:13:06","slug":"malditabendita-medicacion","status":"publish","type":"post","link":"https:\/\/blogs.diariovasco.com\/apartirdelos50\/2019\/04\/29\/malditabendita-medicacion\/","title":{"rendered":"Maldita\/bendita medicaci\u00f3n"},"content":{"rendered":"<p><a href=\"https:\/\/static-blogs.diariovasco.com\/wp-content\/uploads\/sites\/19\/2019\/04\/medicacion-2.jpg\"><br \/>\n<img loading=\"lazy\" class=\"aligncenter size-full wp-image-5957\" src=\"https:\/\/static-blogs.diariovasco.com\/wp-content\/uploads\/sites\/19\/2019\/04\/medicacion-2.jpg\" alt=\"medicacion-2\" width=\"650\" height=\"376\" srcset=\"https:\/\/static-blogs.diariovasco.com\/wp-content\/uploads\/sites\/19\/2019\/04\/medicacion-2.jpg 650w, https:\/\/static-blogs.diariovasco.com\/wp-content\/uploads\/sites\/19\/2019\/04\/medicacion-2-300x174.jpg 300w\" sizes=\"(max-width: 650px) 100vw, 650px\" \/><\/a><\/p>\n<p><strong>Casi toda mi vida he formado parte del club de personas \u201carrogantes\u201d que se jactaban de \u201cno tomar ninguna medicaci\u00f3n\u201d. Esta afirmaci\u00f3n tiene, a mi entender, dos caras: una, la de decir: <em>estoy sano, viva la madre que me<\/em> <em>pari\u00f3;<\/em> dos, <em>yo me aguanto el dolor antes de tomar f\u00e1rmacos.<\/em><\/strong><\/p>\n<p>En mi caso ha sido mitad y mitad. Es decir, que las primeras d\u00e9cadas de mi vida he tenido la grand\u00edsima suerte de no contraer ninguna enfermedad grave, y que ahora, cada vez que me duele algo intento aguantarme\u2026 hasta que ya no puedo m\u00e1s y recurro a medicarme, con o sin receta.<\/p>\n<p><strong><em>-\u00a1Pues qu\u00e9 suerte tienes, chica!<\/em>, me dir\u00e1n quienes se ven obligados a tomar un c\u00f3ctel m\u00e1s o menos explosivo de pastillas todos los d\u00edas. &#8211;<em>\u00a1Pues qu\u00e9 burra eres, mujer!<\/em> pensar\u00e1n los m\u00e1s pragm\u00e1ticos y sensatos.<\/strong><\/p>\n<p><a href=\"https:\/\/static-blogs.diariovasco.com\/wp-content\/uploads\/sites\/19\/2019\/04\/Medicacion.jpg\"><img loading=\"lazy\" class=\"alignleft size-medium wp-image-5959\" src=\"https:\/\/static-blogs.diariovasco.com\/wp-content\/uploads\/sites\/19\/2019\/04\/Medicacion-300x199.jpg\" alt=\"medicacion\" width=\"300\" height=\"199\" srcset=\"https:\/\/static-blogs.diariovasco.com\/wp-content\/uploads\/sites\/19\/2019\/04\/Medicacion-300x199.jpg 300w, https:\/\/static-blogs.diariovasco.com\/wp-content\/uploads\/sites\/19\/2019\/04\/Medicacion.jpg 728w\" sizes=\"(max-width: 300px) 100vw, 300px\" \/><\/a>He conocido a alguna persona que tiene dolor cr\u00f3nico, que lleva \u201ctoda la vida\u201d soportando la manifestaci\u00f3n de desajustes f\u00edsicos o ps\u00edquicos y nunca he sabido situarme en el punto justo de la empat\u00eda y la comprensi\u00f3n ante el relato del dolor ajeno. De los dolores del \u201calma\u201d entiendo mucho, demasiado y ah\u00ed s\u00ed que me sale la empat\u00eda de manera natural; pero de los otros, cefaleas, insomnios, ansiedades y un largo etc\u00e9tera, no he sabido apenas nada hasta hace unos meses. Ah\u00ed me duele, y nunca mejor dicho.<\/p>\n<p><strong>Una diagnosticada <em>tendinitis del supraespinoso<\/em> (por la zona del hombro) me tiene repodrida de dolor desde hace casi seis meses. Decid\u00ed no medicarme con analg\u00e9sicos m\u00e1s que cuando el dolor me imped\u00eda descansar tres noches seguidas. Una decisi\u00f3n cuestionable, pero que era la m\u00eda.<\/strong><\/p>\n<p><a href=\"https:\/\/static-blogs.diariovasco.com\/wp-content\/uploads\/sites\/19\/2019\/04\/A-partir-de-los-50-1.jpg\"><img loading=\"lazy\" class=\"alignright size-medium wp-image-5912\" src=\"https:\/\/static-blogs.diariovasco.com\/wp-content\/uploads\/sites\/19\/2019\/04\/A-partir-de-los-50-1-300x225.jpg\" alt=\"a-partir-de-los-50\" width=\"300\" height=\"225\" srcset=\"https:\/\/static-blogs.diariovasco.com\/wp-content\/uploads\/sites\/19\/2019\/04\/A-partir-de-los-50-1-300x225.jpg 300w, https:\/\/static-blogs.diariovasco.com\/wp-content\/uploads\/sites\/19\/2019\/04\/A-partir-de-los-50-1-768x576.jpg 768w, https:\/\/static-blogs.diariovasco.com\/wp-content\/uploads\/sites\/19\/2019\/04\/A-partir-de-los-50-1.jpg 816w\" sizes=\"(max-width: 300px) 100vw, 300px\" \/><\/a>Ahora que ya estoy entrando en el proceso de la rehabilitaci\u00f3n me dice el especialista que tengo que tomar una cosa que se llama Zaldiar\u00ae durante una semana, tres pastillas diarias, para poder afrontar sin dolor el siguiente paso. Por una vez decido ser obediente, Con la primera pastilla, insomnio total, sudoraci\u00f3n excesiva y sequedad bucal; tal parec\u00eda que hab\u00eda vuelto a la menopausia. La segunda pastilla \u2013con el desayuno- me meti\u00f3 un chute de energ\u00eda que tal parec\u00eda que hab\u00eda esnifado algo ilegal, una pasada. Pero con la tercera pastilla, a la hora de la comida, el suelo que pisaba empez\u00f3 a volverse de gelatina, me mareaba constantemente, sent\u00ed unas nauseas incontrolables, perd\u00ed la verticalidad y sent\u00eda que la cabeza \u201cme hac\u00eda el barco\u201d, como en algunas madrugadas de antiguas juergas. Eso s\u00ed, de dolor en el hombro <em>rien de rien.<\/em><\/p>\n<p><strong>Le llam\u00e9 al m\u00e9dico y me dijo: <em>\u201cpues es lo que hay, si te da muy fuerte toma dos en vez de tres al d\u00eda\u201d y se qued\u00f3 tan ancho. <\/em><\/strong><\/p>\n<p><strong>Decid\u00ed libremente no hacerle ni pu\u00f1etero caso.<\/strong><\/p>\n<p>Dos d\u00edas en la cama despu\u00e9s, absolutamente inoperativa, una vez expulsado el veneno del \u201chidrocloruro de tramadol\/paracetamol\u201d (\u00a1un opi\u00e1ceo!) y tras muchas horas de extenuante desintoxicaci\u00f3n por todas las v\u00edas posibles, adem\u00e1s de no poca reflexi\u00f3n y alg\u00fan que otro juramento en arameo, vuelvo a la casilla de salida y retomo el tema del post tal y como lo empec\u00e9.<\/p>\n<p><a href=\"https:\/\/static-blogs.diariovasco.com\/wp-content\/uploads\/sites\/19\/2019\/04\/A-partir-de-los-50-2.jpg\"><img loading=\"lazy\" class=\"alignleft size-medium wp-image-5875\" src=\"https:\/\/static-blogs.diariovasco.com\/wp-content\/uploads\/sites\/19\/2019\/04\/A-partir-de-los-50-2-300x300.jpg\" alt=\"a-partir-de-los-50-2\" width=\"300\" height=\"300\" srcset=\"https:\/\/static-blogs.diariovasco.com\/wp-content\/uploads\/sites\/19\/2019\/04\/A-partir-de-los-50-2-300x300.jpg 300w, https:\/\/static-blogs.diariovasco.com\/wp-content\/uploads\/sites\/19\/2019\/04\/A-partir-de-los-50-2-150x150.jpg 150w, https:\/\/static-blogs.diariovasco.com\/wp-content\/uploads\/sites\/19\/2019\/04\/A-partir-de-los-50-2.jpg 423w\" sizes=\"(max-width: 300px) 100vw, 300px\" \/><\/a><strong>\u00bfMe compensa desvestir a un santo para vestir a otro? Es decir: quitar el dolor muscular a cambio de acceder a una \u201cmonta\u00f1a rusa\u201d f\u00edsica y qu\u00edmica en la que no me reconozco como la mujer que soy. Y como no es un caso de vida o muerte tomo la decisi\u00f3n de tirar a la basura el medicamento y seguir bande\u00e1ndome como pueda con mis dolores.<\/strong><\/p>\n<p>Es que la anestesia tiene esos efectos secundarios, que uno deja de vivir con los pies en el suelo para subirse a una nube desde la que no se ve la vida, ni los problemas y donde la voluntad queda a merced del mero azar.<\/p>\n<p><strong>Cuando me duele el cuerpo s\u00e9 que tengo que hacer lo mismo que hago cuando me duele el alma: afrontarlo con mis recursos, trabajar mis posibilidades, dejarme sentir para identificar la fuente de dolor y, entonces, abrirle la puerta para que se vaya y deje de apretar.<\/strong><\/p>\n<p>S\u00e9 que he ido acumulando tensiones emocionales; s\u00e9 que he soportado sobreesfuerzos psicol\u00f3gicos. As\u00ed que por alg\u00fan lado ten\u00eda que explotar la cosa. Y ahora tambi\u00e9n s\u00e9 que los analg\u00e9sicos no son m\u00e1s que paliativos sin esfuerzo que enmascaran el aut\u00e9ntico problema.<\/p>\n<p><span style=\"text-decoration: underline;\"><strong><em>Lo tengo claro y en botella de cristal.<\/em><\/strong><\/span><\/p>\n<p>Felices los felices.<\/p>\n<p>LaAlquimista<\/p>\n<p>Por si alguien desea contactar:<\/p>\n<p>apartirdeloscincuenta@gmail.com<\/p>\n<!-- AddThis Advanced Settings generic via filter on the_content --><!-- AddThis Share Buttons generic via filter on the_content -->","protected":false},"excerpt":{"rendered":"<p>Casi toda mi vida he formado parte del club de personas \u201carrogantes\u201d que se jactaban de \u201cno tomar ninguna medicaci\u00f3n\u201d. Esta afirmaci\u00f3n tiene, a mi entender, dos caras: una, la de decir: estoy sano, viva la madre que me pari\u00f3; dos, yo me aguanto el dolor antes de tomar f\u00e1rmacos. En mi caso ha sido [&hellip;]<!-- AddThis Advanced Settings generic via filter on get_the_excerpt --><!-- AddThis Share Buttons generic via filter on get_the_excerpt --><\/p>\n","protected":false},"author":34,"featured_media":0,"comment_status":"open","ping_status":"closed","sticky":false,"template":"","format":"standard","meta":[],"categories":[2],"tags":[359,360,357,358],"_links":{"self":[{"href":"https:\/\/blogs.diariovasco.com\/apartirdelos50\/wp-json\/wp\/v2\/posts\/5955"}],"collection":[{"href":"https:\/\/blogs.diariovasco.com\/apartirdelos50\/wp-json\/wp\/v2\/posts"}],"about":[{"href":"https:\/\/blogs.diariovasco.com\/apartirdelos50\/wp-json\/wp\/v2\/types\/post"}],"author":[{"embeddable":true,"href":"https:\/\/blogs.diariovasco.com\/apartirdelos50\/wp-json\/wp\/v2\/users\/34"}],"replies":[{"embeddable":true,"href":"https:\/\/blogs.diariovasco.com\/apartirdelos50\/wp-json\/wp\/v2\/comments?post=5955"}],"version-history":[{"count":2,"href":"https:\/\/blogs.diariovasco.com\/apartirdelos50\/wp-json\/wp\/v2\/posts\/5955\/revisions"}],"predecessor-version":[{"id":5960,"href":"https:\/\/blogs.diariovasco.com\/apartirdelos50\/wp-json\/wp\/v2\/posts\/5955\/revisions\/5960"}],"wp:attachment":[{"href":"https:\/\/blogs.diariovasco.com\/apartirdelos50\/wp-json\/wp\/v2\/media?parent=5955"}],"wp:term":[{"taxonomy":"category","embeddable":true,"href":"https:\/\/blogs.diariovasco.com\/apartirdelos50\/wp-json\/wp\/v2\/categories?post=5955"},{"taxonomy":"post_tag","embeddable":true,"href":"https:\/\/blogs.diariovasco.com\/apartirdelos50\/wp-json\/wp\/v2\/tags?post=5955"}],"curies":[{"name":"wp","href":"https:\/\/api.w.org\/{rel}","templated":true}]}}