{"id":6100,"date":"2019-06-03T07:03:45","date_gmt":"2019-06-03T06:03:45","guid":{"rendered":"https:\/\/blogs.diariovasco.com\/apartirdelos50\/?p=6100"},"modified":"2019-06-03T07:03:47","modified_gmt":"2019-06-03T06:03:47","slug":"el-desierto-del-desamparo","status":"publish","type":"post","link":"https:\/\/blogs.diariovasco.com\/apartirdelos50\/2019\/06\/03\/el-desierto-del-desamparo\/","title":{"rendered":"El desierto del desamparo"},"content":{"rendered":"<p><a href=\"https:\/\/static-blogs.diariovasco.com\/wp-content\/uploads\/sites\/19\/2019\/06\/desierto2.gif\"><img loading=\"lazy\" class=\"aligncenter size-full wp-image-6102\" src=\"https:\/\/static-blogs.diariovasco.com\/wp-content\/uploads\/sites\/19\/2019\/06\/desierto2.gif\" alt=\"desierto2\" width=\"500\" height=\"376\" \/><\/a><\/p>\n<p><strong>\u00daltimamente leo libros que me dejan con el coraz\u00f3n del rev\u00e9s. Y no porque sean novelas de amor o dramas lacrim\u00f3genos sino porque me ha dado por la filosof\u00eda al alcance de todos de algunos pensadores a los que soy capaz de seguir el hilo y entender ya que hay much\u00edsimos a los que no les llego ni a la suela del zapato ni tan siquiera en mi af\u00e1n de leer y comprender dos p\u00e1rrafos seguidos de sus sesudos ensayos.<\/strong><\/p>\n<p>Pero a lo que voy. Que me ha dado por pensar que vivimos la vida tan deprisa \u2013con total intencionalidad- que no nos da tiempo a fijarnos, a pararnos en la observaci\u00f3n de nuestro verdadero caminar. Dormir y levantarse, ponerse las pilas y correr hacia la rutina diaria, agotarla agot\u00e1ndonos y volver a caer rendidos, para dormir y volverse a levantar, pero obviando el aut\u00e9ntico \u201cdespertar\u201d.<\/p>\n<p><strong>Como el \u201cD\u00eda de la marmota\u201d, pero en serio, sin bromas ni risas posibles. Con toda la crueldad de una sinceridad que rehuimos y que nos salta \u2013est\u00e1 esperando- a la cara cuando bajamos la guardia, ese escudo que siempre llevamos con nosotros para protegernos de todo aquello que nos remueva por dentro, que nos ponga frente a lo que es real en vez de seguir jugando a vivir en una \u201crealidad paralela\u201d que nos han ayudado a confeccionar para no pensar ni poco ni mucho en lo que es la vida en realidad.<\/strong><\/p>\n<p><a href=\"https:\/\/static-blogs.diariovasco.com\/wp-content\/uploads\/sites\/19\/2019\/06\/desierto.jpg\"><img loading=\"lazy\" class=\"alignright size-medium wp-image-6104\" src=\"https:\/\/static-blogs.diariovasco.com\/wp-content\/uploads\/sites\/19\/2019\/06\/desierto-300x200.jpg\" alt=\"desierto\" width=\"300\" height=\"200\" srcset=\"https:\/\/static-blogs.diariovasco.com\/wp-content\/uploads\/sites\/19\/2019\/06\/desierto-300x200.jpg 300w, https:\/\/static-blogs.diariovasco.com\/wp-content\/uploads\/sites\/19\/2019\/06\/desierto.jpg 600w\" sizes=\"(max-width: 300px) 100vw, 300px\" \/><\/a>Ya lo dicen todos los fil\u00f3sofos: \u201csolos nacemos y solos moriremos\u201d y\u00a0\u00a0 mientras tanto \u201cconsumimos\u201d, apostillan los soci\u00f3logos. Eruditos todos ellos que no conseguir\u00e1n que nuestra \u201cignorancia\u201d se supere a s\u00ed misma. Tenemos intelecto, pero lo usamos selectivamente. Y es una opci\u00f3n libre, tambi\u00e9n lo indican, la de pensar o no pensar, la de ser consciente o no serlo, que nos busquemos la vida que ya somos mayorcitos, apostillan los psiquiatras y los vendedores de humo.<\/p>\n<p><strong><a href=\"https:\/\/static-blogs.diariovasco.com\/wp-content\/uploads\/sites\/19\/2019\/06\/desierto1.jpg\"><img loading=\"lazy\" class=\"alignleft size-medium wp-image-6105\" src=\"https:\/\/static-blogs.diariovasco.com\/wp-content\/uploads\/sites\/19\/2019\/06\/desierto1-263x300.jpg\" alt=\"desierto1\" width=\"263\" height=\"300\" srcset=\"https:\/\/static-blogs.diariovasco.com\/wp-content\/uploads\/sites\/19\/2019\/06\/desierto1-263x300.jpg 263w, https:\/\/static-blogs.diariovasco.com\/wp-content\/uploads\/sites\/19\/2019\/06\/desierto1.jpg 500w\" sizes=\"(max-width: 263px) 100vw, 263px\" \/><\/a>La vida puede ser para muchos <em>\u201cla traves\u00eda del desierto del<\/em> <em>desamparo\u201d<\/em>. En grupo o en solitario la arena se mete en ojos y o\u00eddos y el agua siempre hay que racionarla. El horizonte es infinito y las jornadas se multiplican. De vez en cuando un oasis imaginado. O real para los que tienen buena suerte.<\/strong><\/p>\n<p>La filosof\u00eda te ayuda a comprender esto y tambi\u00e9n te ayuda a lo contrario; y a su negaci\u00f3n. \u00a1No hay m\u00e1s que contradicciones! Y aceptarlas es lo mejor que puede hacer el ser humano.<\/p>\n<p><strong>Os cuento un cuento: <em>\u201cHab\u00eda una vez una ni\u00f1a a la que le dijeron que para ser feliz en esta vida hay que hacer lo que manden los mayores que saben mucho m\u00e1s que los ni\u00f1os. Esa ni\u00f1a creci\u00f3 con obediencia obligada \u2013que no ciega- y cuando se atrevi\u00f3 a preguntar no recibi\u00f3 respuestas; porque no las hay. Y las que le ofrec\u00edan eran mentira ya que las preguntas estaban da\u00f1adas, mal formuladas. La ni\u00f1a se volvi\u00f3 loca pero no se lo dijo a nadie y sigui\u00f3 viviendo hasta su muerte en la jaula com\u00fan. FIN.\u201d<\/em><\/strong><\/p>\n<p><a href=\"https:\/\/static-blogs.diariovasco.com\/wp-content\/uploads\/sites\/19\/2019\/05\/A-partir-de-los-50-2-1.jpg\"><img loading=\"lazy\" class=\"alignright size-medium wp-image-6098\" src=\"https:\/\/static-blogs.diariovasco.com\/wp-content\/uploads\/sites\/19\/2019\/05\/A-partir-de-los-50-2-1-300x300.jpg\" alt=\"a-partir-de-los-50-2\" width=\"300\" height=\"300\" srcset=\"https:\/\/static-blogs.diariovasco.com\/wp-content\/uploads\/sites\/19\/2019\/05\/A-partir-de-los-50-2-1-300x300.jpg 300w, https:\/\/static-blogs.diariovasco.com\/wp-content\/uploads\/sites\/19\/2019\/05\/A-partir-de-los-50-2-1-150x150.jpg 150w, https:\/\/static-blogs.diariovasco.com\/wp-content\/uploads\/sites\/19\/2019\/05\/A-partir-de-los-50-2-1.jpg 423w\" sizes=\"(max-width: 300px) 100vw, 300px\" \/><\/a>Tan f\u00e1cil y sencillo como reconocerse en ese \u201ccuento\u201d que a todos nos han contado alguna vez. Y nos volvemos locos cuando despertamos al pensamiento y, para que no nos encierren, hacemos como si no pasara nada.<\/p>\n<p><strong>Y seguimos atravesando el desierto del desamparo\u2026 al que llaman vida. Incluso con amor en el equipaje seguimos estando desamparados, pero es un consuelo, qu\u00e9 duda cabe.<\/strong><\/p>\n<p>Felices los felices.<\/p>\n<p>LaAlquimista<\/p>\n<p>Por si alguien desea contactar:<\/p>\n<p>apartirdeloscincuenta@gmail.com<\/p>\n<p><em>\u00a0<\/em><\/p>\n<!-- AddThis Advanced Settings generic via filter on the_content --><!-- AddThis Share Buttons generic via filter on the_content -->","protected":false},"excerpt":{"rendered":"<p>\u00daltimamente leo libros que me dejan con el coraz\u00f3n del rev\u00e9s. Y no porque sean novelas de amor o dramas lacrim\u00f3genos sino porque me ha dado por la filosof\u00eda al alcance de todos de algunos pensadores a los que soy capaz de seguir el hilo y entender ya que hay much\u00edsimos a los que no [&hellip;]<!-- AddThis Advanced Settings generic via filter on get_the_excerpt --><!-- AddThis Share Buttons generic via filter on get_the_excerpt --><\/p>\n","protected":false},"author":34,"featured_media":0,"comment_status":"open","ping_status":"closed","sticky":false,"template":"","format":"standard","meta":[],"categories":[2],"tags":[395,396],"_links":{"self":[{"href":"https:\/\/blogs.diariovasco.com\/apartirdelos50\/wp-json\/wp\/v2\/posts\/6100"}],"collection":[{"href":"https:\/\/blogs.diariovasco.com\/apartirdelos50\/wp-json\/wp\/v2\/posts"}],"about":[{"href":"https:\/\/blogs.diariovasco.com\/apartirdelos50\/wp-json\/wp\/v2\/types\/post"}],"author":[{"embeddable":true,"href":"https:\/\/blogs.diariovasco.com\/apartirdelos50\/wp-json\/wp\/v2\/users\/34"}],"replies":[{"embeddable":true,"href":"https:\/\/blogs.diariovasco.com\/apartirdelos50\/wp-json\/wp\/v2\/comments?post=6100"}],"version-history":[{"count":2,"href":"https:\/\/blogs.diariovasco.com\/apartirdelos50\/wp-json\/wp\/v2\/posts\/6100\/revisions"}],"predecessor-version":[{"id":6106,"href":"https:\/\/blogs.diariovasco.com\/apartirdelos50\/wp-json\/wp\/v2\/posts\/6100\/revisions\/6106"}],"wp:attachment":[{"href":"https:\/\/blogs.diariovasco.com\/apartirdelos50\/wp-json\/wp\/v2\/media?parent=6100"}],"wp:term":[{"taxonomy":"category","embeddable":true,"href":"https:\/\/blogs.diariovasco.com\/apartirdelos50\/wp-json\/wp\/v2\/categories?post=6100"},{"taxonomy":"post_tag","embeddable":true,"href":"https:\/\/blogs.diariovasco.com\/apartirdelos50\/wp-json\/wp\/v2\/tags?post=6100"}],"curies":[{"name":"wp","href":"https:\/\/api.w.org\/{rel}","templated":true}]}}