{"id":6181,"date":"2019-06-17T07:11:11","date_gmt":"2019-06-17T06:11:11","guid":{"rendered":"https:\/\/blogs.diariovasco.com\/apartirdelos50\/?p=6181"},"modified":"2019-06-17T07:11:16","modified_gmt":"2019-06-17T06:11:16","slug":"a-quien-dedicas-el-tiempo-libre","status":"publish","type":"post","link":"https:\/\/blogs.diariovasco.com\/apartirdelos50\/2019\/06\/17\/a-quien-dedicas-el-tiempo-libre\/","title":{"rendered":"\u00bfA qui\u00e9n dedicas el tiempo libre?"},"content":{"rendered":"<p><a href=\"https:\/\/static-blogs.diariovasco.com\/wp-content\/uploads\/sites\/19\/2019\/06\/A-compartir.png\"><img loading=\"lazy\" class=\"aligncenter size-full wp-image-6126\" src=\"https:\/\/static-blogs.diariovasco.com\/wp-content\/uploads\/sites\/19\/2019\/06\/A-compartir.png\" alt=\"a-compartir\" width=\"500\" height=\"500\" srcset=\"https:\/\/static-blogs.diariovasco.com\/wp-content\/uploads\/sites\/19\/2019\/06\/A-compartir.png 500w, https:\/\/static-blogs.diariovasco.com\/wp-content\/uploads\/sites\/19\/2019\/06\/A-compartir-150x150.png 150w, https:\/\/static-blogs.diariovasco.com\/wp-content\/uploads\/sites\/19\/2019\/06\/A-compartir-300x300.png 300w\" sizes=\"(max-width: 500px) 100vw, 500px\" \/><\/a><\/p>\n<p><strong><em>-\u201cMi tiempo lo dedico \u00fanicamente a las personas a las<\/em> <em>que quiero<\/em>\u201d, sentenciaba hace poco una conocida, de esas que te encuentras en el parque y se monta r\u00e1pidamente una sesi\u00f3n filos\u00f3fica en un banco a la sombra.<\/strong><\/p>\n<p>Me qued\u00e9 un poco <em>\u201cas\u00ed<\/em>\u201d, porque me pareci\u00f3 el concepto demasiado taxativo, no s\u00e9, la vida me ha llevado a dedicar mucho de mi tiempo libre a otras personas por motivos que no eran estrictamente de amor. Pero como no era cuesti\u00f3n de llevar la contraria y empezar una diatriba que nos amargara el d\u00eda, lo dej\u00e9 correr y le dije que yo tambi\u00e9n hac\u00eda algo parecido, empezando por m\u00ed misma que soy la persona a la que m\u00e1s quiero en este mundo.<\/p>\n<p><strong>Bromas e iron\u00edas aparte, se me qued\u00f3 la idea dando vueltas en la cabeza mientras recorr\u00eda los pasillos del s\u00faper buscando el cusc\u00fas marroqu\u00ed deshidratado que tanto me gusta. (Que ya no lo traen porque tiene poca salida, me dijeron, as\u00ed que tendr\u00e9 que ir a hacer la compra a una tienda \u201c\u00e9tnica\u201d, mucho me temo).<\/strong><\/p>\n<p>Pero a lo que iba.<\/p>\n<p>Esto me record\u00f3 a una frase de Claudio Naranjo que se me qued\u00f3 clavada por lo que la guard\u00e9 en las \u201cnotas\u201d de mi tel\u00e9fono m\u00f3vil: <em>\u201c<strong>Tu tiempo que sea para aquellos que se sientan orgullosos de tenerte.\u201d <\/strong><\/em>\u00a1Qu\u00e9 buen consejo, qu\u00e9 simple y certera sabidur\u00eda!<\/p>\n<p>Entonces me di cuenta de que me hab\u00eda pasado A\u00d1OS \u2013que se dice pronto- visitando con cierta regularidad a una persona con la que me un\u00eda un lazo de cari\u00f1o (o eso cre\u00eda yo sinceramente) y que no ten\u00eda la costumbre de interesarse en mi vida; es decir, no me preguntaba ni por mis hijas y nieta ni por mis proyectos y salud ni por mi perro. Ni por mis amores.<\/p>\n<p><strong>Se limitaba a hablar de s\u00ed misma sin punto y aparte ni separar un p\u00e1rrafo de otro, en un mon\u00f3logo largo, cansino y, tengo que confesarlo, muchas veces algo aburrido por lo desconectado de la realidad. Yo le dedicaba mi tiempo por cari\u00f1o, ya lo he dicho, y por ayudar a mitigar su soledad que, todo hay que decirlo, hab\u00eda sido por elecci\u00f3n propia. Entonces lleg\u00f3 el momento en que tuve que salir de la \u201crealidad paralela\u201d, \u00e9sa en la que vivimos muchas horas, ya que no soportamos vivir en la otra, en la \u201crealidad real\u201d, y comprender y aceptar que esa persona no se sent\u00eda orgullosa de m\u00ed en ning\u00fan aspecto ni valoraba lo que yo era m\u00e1s all\u00e1 del rato de compa\u00f1\u00eda que le dedicaba de vez en cuando.<\/strong><\/p>\n<p>As\u00ed que la \u00faltima vez que le visit\u00e9 se lo dije con toda la sinceridad y delicadeza de que fui capaz; que ya no vendr\u00eda m\u00e1s a visitarla porque me quedaba con la moral por los suelos darme cuenta de lo poco que yo significaba para ella. Encaj\u00f3 el reproche con soberbia y me contest\u00f3 que le daba igual, que hiciera lo que quisiese.<\/p>\n<p><strong>Sal\u00ed a la calle ligera como no hab\u00eda entrado y me sent\u00e9 en una terracita a tomar una ca\u00f1a con aceitunas que es lo que nunca me hab\u00eda ofrecido en mis visitas durante a\u00f1os.<\/strong><\/p>\n<p><a href=\"https:\/\/static-blogs.diariovasco.com\/wp-content\/uploads\/sites\/19\/2019\/06\/A-partir-de-los-50.jpg\"><img loading=\"lazy\" class=\"alignleft size-medium wp-image-6135\" src=\"https:\/\/static-blogs.diariovasco.com\/wp-content\/uploads\/sites\/19\/2019\/06\/A-partir-de-los-50-300x225.jpg\" alt=\"a-partir-de-los-50\" width=\"300\" height=\"225\" srcset=\"https:\/\/static-blogs.diariovasco.com\/wp-content\/uploads\/sites\/19\/2019\/06\/A-partir-de-los-50-300x225.jpg 300w, https:\/\/static-blogs.diariovasco.com\/wp-content\/uploads\/sites\/19\/2019\/06\/A-partir-de-los-50-768x576.jpg 768w, https:\/\/static-blogs.diariovasco.com\/wp-content\/uploads\/sites\/19\/2019\/06\/A-partir-de-los-50.jpg 816w\" sizes=\"(max-width: 300px) 100vw, 300px\" \/><\/a>Y apunt\u00e9 mi aportaci\u00f3n personal a las \u201cnotas\u201d de mi Smartphone: <em><strong>\u201cV\u00e9 \u00fanicamente donde te<\/strong> <strong>quieran<\/strong>\u201d. <\/em>Que es exactamente por donde ten\u00eda que haber empezado hace varios lustros. Y no me arrepiento del \u201ctiempo perdido\u201d ni le guardo rencor ya que yo soy la \u00fanica responsable de mis actos aunque me d\u00e9 cierta verg\u00fcenza admitir que donde yo entraba con bromas y sonrisas sal\u00eda con el coraz\u00f3n encogido por la mala energ\u00eda que hab\u00eda en el ambiente.<\/p>\n<p><strong>Me queda por reflexionar cu\u00e1nta de esa mala energ\u00eda era producida por m\u00ed misma\u2026 por estar en una situaci\u00f3n en la que no actuaba con total sinceridad. Digamos que, en el pecado iba incluida la penitencia. Y reafirmarme en lo dicho: &#8220;<span style=\"text-decoration: underline;\">Yo voy s\u00f3lo donde me<\/span> <span style=\"text-decoration: underline;\">quieren&#8221;<\/span>. De una vez por todas y para los restos.<\/strong><\/p>\n<p>Felices los felices.<\/p>\n<p>LaAlquimista<\/p>\n<p>https:\/\/www.facebook.com\/laalquimistaapartirdelos50\/<\/p>\n<p>Por si alguien desea contactar:<\/p>\n<p>apartirdeloscincuenta@gmail.com<\/p>\n<!-- AddThis Advanced Settings generic via filter on the_content --><!-- AddThis Share Buttons generic via filter on the_content -->","protected":false},"excerpt":{"rendered":"<p>-\u201cMi tiempo lo dedico \u00fanicamente a las personas a las que quiero\u201d, sentenciaba hace poco una conocida, de esas que te encuentras en el parque y se monta r\u00e1pidamente una sesi\u00f3n filos\u00f3fica en un banco a la sombra. Me qued\u00e9 un poco \u201cas\u00ed\u201d, porque me pareci\u00f3 el concepto demasiado taxativo, no s\u00e9, la vida me [&hellip;]<!-- AddThis Advanced Settings generic via filter on get_the_excerpt --><!-- AddThis Share Buttons generic via filter on get_the_excerpt --><\/p>\n","protected":false},"author":34,"featured_media":0,"comment_status":"open","ping_status":"closed","sticky":false,"template":"","format":"standard","meta":[],"categories":[9,2],"tags":[414,415,416],"_links":{"self":[{"href":"https:\/\/blogs.diariovasco.com\/apartirdelos50\/wp-json\/wp\/v2\/posts\/6181"}],"collection":[{"href":"https:\/\/blogs.diariovasco.com\/apartirdelos50\/wp-json\/wp\/v2\/posts"}],"about":[{"href":"https:\/\/blogs.diariovasco.com\/apartirdelos50\/wp-json\/wp\/v2\/types\/post"}],"author":[{"embeddable":true,"href":"https:\/\/blogs.diariovasco.com\/apartirdelos50\/wp-json\/wp\/v2\/users\/34"}],"replies":[{"embeddable":true,"href":"https:\/\/blogs.diariovasco.com\/apartirdelos50\/wp-json\/wp\/v2\/comments?post=6181"}],"version-history":[{"count":4,"href":"https:\/\/blogs.diariovasco.com\/apartirdelos50\/wp-json\/wp\/v2\/posts\/6181\/revisions"}],"predecessor-version":[{"id":6185,"href":"https:\/\/blogs.diariovasco.com\/apartirdelos50\/wp-json\/wp\/v2\/posts\/6181\/revisions\/6185"}],"wp:attachment":[{"href":"https:\/\/blogs.diariovasco.com\/apartirdelos50\/wp-json\/wp\/v2\/media?parent=6181"}],"wp:term":[{"taxonomy":"category","embeddable":true,"href":"https:\/\/blogs.diariovasco.com\/apartirdelos50\/wp-json\/wp\/v2\/categories?post=6181"},{"taxonomy":"post_tag","embeddable":true,"href":"https:\/\/blogs.diariovasco.com\/apartirdelos50\/wp-json\/wp\/v2\/tags?post=6181"}],"curies":[{"name":"wp","href":"https:\/\/api.w.org\/{rel}","templated":true}]}}