{"id":6187,"date":"2019-06-19T07:12:10","date_gmt":"2019-06-19T06:12:10","guid":{"rendered":"https:\/\/blogs.diariovasco.com\/apartirdelos50\/?p=6187"},"modified":"2019-06-19T07:28:00","modified_gmt":"2019-06-19T06:28:00","slug":"hijos-lejanos-y-otras-penas","status":"publish","type":"post","link":"https:\/\/blogs.diariovasco.com\/apartirdelos50\/2019\/06\/19\/hijos-lejanos-y-otras-penas\/","title":{"rendered":"Hijos lejanos, penas cercanas"},"content":{"rendered":"<p><a href=\"https:\/\/static-blogs.diariovasco.com\/wp-content\/uploads\/sites\/19\/2019\/05\/Madre-e-hijas-2.jpg\"><img loading=\"lazy\" class=\"aligncenter size-full wp-image-6074\" src=\"https:\/\/static-blogs.diariovasco.com\/wp-content\/uploads\/sites\/19\/2019\/05\/Madre-e-hijas-2.jpg\" alt=\"madre-e-hijas-2\" width=\"553\" height=\"825\" srcset=\"https:\/\/static-blogs.diariovasco.com\/wp-content\/uploads\/sites\/19\/2019\/05\/Madre-e-hijas-2.jpg 553w, https:\/\/static-blogs.diariovasco.com\/wp-content\/uploads\/sites\/19\/2019\/05\/Madre-e-hijas-2-201x300.jpg 201w\" sizes=\"(max-width: 553px) 100vw, 553px\" \/><\/a><\/p>\n<p><strong>Cada vez que me conduelo de la lejan\u00eda geogr\u00e1fica de mis hijas y alguien me suelta el manido \u201c<u>es ley de vida<\/u>\u201d, me dan ganas de soltar un bufido por la falta de empat\u00eda. Y si lo que tengo que escuchar es el vulgar \u201c<u>es lo que hay<\/u>\u201d, me empieza a asomar la Gorgona que todas las mujeres de mi familia llevamos dentro.<\/strong><\/p>\n<p>Pero centr\u00e9monos. Una cosa es que los hijos hagan su vida de la misma manera que nosotros hemos hecho la nuestra, faltar\u00eda m\u00e1s. Una cosa es que la progenie disfrute de toda la libertad posible y no se vea atrapada en redes familiares opresivas que les impida realizarse como personas, faltar\u00eda m\u00e1s.<\/p>\n<p><strong>Pero otra cosa es que esa libertad se hayan visto obligados a perseguirla allende los mares o en pa\u00edses donde hace falta visado para entrar. Incluso en la Europa sin fronteras y con vuelos low-cost ya nuestras hijas e hijos \u201cno est\u00e1n a mano\u201d para disfrutar \u2013s\u00ed, he dicho disfrutar- de unas relaciones familiares amorosas, positivas y de ayuda mutua.<\/strong><\/p>\n<p>A m\u00ed me llevan los demonios, lo he dicho mil veces, tener que poner cara de p\u00f3ker cuando cuento que mi hija mayor vive con la familia que ha formado a 8.235 Kms. (que lo he mirado en Google) o a 800\u20ac de distancia que es lo que cuesta atravesar en avi\u00f3n el oc\u00e9ano Atl\u00e1ntico seg\u00fan se sale a la izquierda.<\/p>\n<p><strong>Pienso que esa distancia, en lugar de enriquecer mi vida, la ensombrece por la imposibilidad de ejercer de abuela con mi \u201cpajarito\u201d de tres a\u00f1os a la que he visto \u00fanicamente cuatro veces en mi vida y por per\u00edodos inferiores a un mes. Ni tengo nieta, ni mi nieta tiene \u201camatxi\u201d, como no sea a trav\u00e9s de la pantalla de un dispositivo electr\u00f3nico. Como dir\u00eda aquel: una mierda pinchada en un palo<\/strong>.<\/p>\n<p>Mi benjamina est\u00e1 m\u00e1s cerca: en Europa. A 1.866 kms. si fu\u00e9ramos por carretera, a unas pocas horas de avi\u00f3n nada m\u00e1s, menudo consuelo para decirle a una hija \u201c\u00bftomamos un cafecito esta tarde\u2026?\u201d<\/p>\n<p><strong>\u00bfMe estoy quejando de una realidad que no est\u00e1 en mi mano cambiar? La respuesta es: S\u00cd, absolutamente.<\/strong><\/p>\n<p>\u00bfDe qu\u00e9 me sirve toda la filosof\u00eda de andar por casa si uno no puede abrazar a su familia cuando siente ese impulso? \u00bfPara qu\u00e9 he tenido dos hijas si desde hace ya muchos a\u00f1os no compartimos m\u00e1s que escasos d\u00edas vacacionales o ara\u00f1ados a la rutina profesional?<\/p>\n<p><a href=\"https:\/\/static-blogs.diariovasco.com\/wp-content\/uploads\/sites\/19\/2019\/06\/A-reunion.jpg\"><img loading=\"lazy\" class=\"size-medium wp-image-6188\" src=\"https:\/\/static-blogs.diariovasco.com\/wp-content\/uploads\/sites\/19\/2019\/06\/A-reunion-300x175.jpg\" alt=\"The Whole Family Gathering - Vector\" width=\"300\" height=\"175\" srcset=\"https:\/\/static-blogs.diariovasco.com\/wp-content\/uploads\/sites\/19\/2019\/06\/A-reunion-300x175.jpg 300w, https:\/\/static-blogs.diariovasco.com\/wp-content\/uploads\/sites\/19\/2019\/06\/A-reunion.jpg 338w\" sizes=\"(max-width: 300px) 100vw, 300px\" \/><\/a><\/p>\n<p><strong>Mi mentalidad va de la mano de la cultura en la que he sido educada y que impera en el pa\u00eds que habito. El Pa\u00eds Vasco \u2013y hablo de lo que conozco nada m\u00e1s- siempre ha sido envolventemente familiar (cada familia tiene que buscar su punto de equilibrio), una sociedad ancestralmente matriarcal con vigas maestras de abuelos, padres, hijos y nietos.\u00a0<\/strong><\/p>\n<p>Como el ritmo de la vida ha cambiado y la sociedad ha \u201cevolucionado\u201d ahora todos tenemos que aceptar que el concepto \u201cfamilia\u201d est\u00e1 obsoleto en su mayor parte y que a los hijos hay que \u201colvidarlos\u201d \u00a0cuando vuelan del nido. Como no nos han ense\u00f1ado a hacer, como nuestro coraz\u00f3n se resiste a aceptar por mucha rueda de molino que le pongan encima. No somos escandinavos ni mucho menos estadounidenses y a buen entendedor pocas palabras bastan.<\/p>\n<p><strong>S\u00e9 que tengo mi lugar reservado en el coraz\u00f3n de mis hijas \u00a0y que s\u00f3lo tienen buenos sentimientos hacia mi persona, incluso siento que me quieren mucho porque me lo han demostrado desde el minuto uno. Pero tambi\u00e9n s\u00e9 que siento como si las hubiera \u201cdado en adopci\u00f3n\u201d a la sociedad moderna, a la vida ajetreada que llevan, a un siglo XXI que les exige un esfuerzo y un sacrificio mucho mayor que el que se nos exigi\u00f3 a nosotros, los que fuimos padres en el siglo XX.<\/strong><\/p>\n<p>Ahora parece que decir: \u201ccon que mis hijos est\u00e9n bien y sean felices ya tengo bastante\u201d es suficiente para mantener inc\u00f3lume la estructura emocional personal. Y no es cierto, es una burda falacia.\u00a0 Para que YO est\u00e9 bien necesito \u2013todos necesitamos- sentir el calor de las personas amadas. Y quien sostenga lo contrario no sabe qu\u00e9 es amar o que baje dios y lo vea.<\/p>\n<p><strong><a href=\"https:\/\/static-blogs.diariovasco.com\/wp-content\/uploads\/sites\/19\/2019\/06\/A-partir-de-los-50.jpg\"><img loading=\"lazy\" class=\"alignright size-medium wp-image-6135\" src=\"https:\/\/static-blogs.diariovasco.com\/wp-content\/uploads\/sites\/19\/2019\/06\/A-partir-de-los-50-300x225.jpg\" alt=\"a-partir-de-los-50\" width=\"300\" height=\"225\" srcset=\"https:\/\/static-blogs.diariovasco.com\/wp-content\/uploads\/sites\/19\/2019\/06\/A-partir-de-los-50-300x225.jpg 300w, https:\/\/static-blogs.diariovasco.com\/wp-content\/uploads\/sites\/19\/2019\/06\/A-partir-de-los-50-768x576.jpg 768w, https:\/\/static-blogs.diariovasco.com\/wp-content\/uploads\/sites\/19\/2019\/06\/A-partir-de-los-50.jpg 816w\" sizes=\"(max-width: 300px) 100vw, 300px\" \/><\/a>Y no quiero pensar en el futuro que no conocer\u00e9, ese futuro que les espera a mis hijas tan queridas, tan lejanas, reproduciendo el esquema con sus propios hijos. \u00a1Ojal\u00e1 no tengan que vivir el exilio emocional y puedan armar foll\u00f3n toda la familia cada vez que se junten todos!<\/strong><\/p>\n<p>De momento, y en un acto de racionalidad casi extrema, me quedo con el derecho al pataleo.<\/p>\n<p>Felices los felices.<\/p>\n<p>LaAlquimista<\/p>\n<p>https:\/\/www.facebook.com\/laalquimistaapartirdelos50\/<\/p>\n<p>Por si alguien desea contactar:<\/p>\n<p>apartirdeloscincuenta@gmail.com<\/p>\n<!-- AddThis Advanced Settings generic via filter on the_content --><!-- AddThis Share Buttons generic via filter on the_content -->","protected":false},"excerpt":{"rendered":"<p>Cada vez que me conduelo de la lejan\u00eda geogr\u00e1fica de mis hijas y alguien me suelta el manido \u201ces ley de vida\u201d, me dan ganas de soltar un bufido por la falta de empat\u00eda. Y si lo que tengo que escuchar es el vulgar \u201ces lo que hay\u201d, me empieza a asomar la Gorgona que [&hellip;]<!-- AddThis Advanced Settings generic via filter on get_the_excerpt --><!-- AddThis Share Buttons generic via filter on get_the_excerpt --><\/p>\n","protected":false},"author":34,"featured_media":0,"comment_status":"open","ping_status":"closed","sticky":false,"template":"","format":"standard","meta":[],"categories":[24,9,2],"tags":[417,418],"_links":{"self":[{"href":"https:\/\/blogs.diariovasco.com\/apartirdelos50\/wp-json\/wp\/v2\/posts\/6187"}],"collection":[{"href":"https:\/\/blogs.diariovasco.com\/apartirdelos50\/wp-json\/wp\/v2\/posts"}],"about":[{"href":"https:\/\/blogs.diariovasco.com\/apartirdelos50\/wp-json\/wp\/v2\/types\/post"}],"author":[{"embeddable":true,"href":"https:\/\/blogs.diariovasco.com\/apartirdelos50\/wp-json\/wp\/v2\/users\/34"}],"replies":[{"embeddable":true,"href":"https:\/\/blogs.diariovasco.com\/apartirdelos50\/wp-json\/wp\/v2\/comments?post=6187"}],"version-history":[{"count":5,"href":"https:\/\/blogs.diariovasco.com\/apartirdelos50\/wp-json\/wp\/v2\/posts\/6187\/revisions"}],"predecessor-version":[{"id":6193,"href":"https:\/\/blogs.diariovasco.com\/apartirdelos50\/wp-json\/wp\/v2\/posts\/6187\/revisions\/6193"}],"wp:attachment":[{"href":"https:\/\/blogs.diariovasco.com\/apartirdelos50\/wp-json\/wp\/v2\/media?parent=6187"}],"wp:term":[{"taxonomy":"category","embeddable":true,"href":"https:\/\/blogs.diariovasco.com\/apartirdelos50\/wp-json\/wp\/v2\/categories?post=6187"},{"taxonomy":"post_tag","embeddable":true,"href":"https:\/\/blogs.diariovasco.com\/apartirdelos50\/wp-json\/wp\/v2\/tags?post=6187"}],"curies":[{"name":"wp","href":"https:\/\/api.w.org\/{rel}","templated":true}]}}