{"id":6195,"date":"2019-06-21T07:02:41","date_gmt":"2019-06-21T06:02:41","guid":{"rendered":"https:\/\/blogs.diariovasco.com\/apartirdelos50\/?p=6195"},"modified":"2019-06-19T16:16:36","modified_gmt":"2019-06-19T15:16:36","slug":"leyendo-en-verano","status":"publish","type":"post","link":"https:\/\/blogs.diariovasco.com\/apartirdelos50\/2019\/06\/21\/leyendo-en-verano\/","title":{"rendered":"Leyendo en verano"},"content":{"rendered":"<p><a href=\"https:\/\/static-blogs.diariovasco.com\/wp-content\/uploads\/sites\/19\/2019\/06\/A-leer-2.jpg\"><img loading=\"lazy\" class=\"aligncenter size-full wp-image-6200\" src=\"https:\/\/static-blogs.diariovasco.com\/wp-content\/uploads\/sites\/19\/2019\/06\/A-leer-2.jpg\" alt=\"a-leer-2\" width=\"450\" height=\"319\" srcset=\"https:\/\/static-blogs.diariovasco.com\/wp-content\/uploads\/sites\/19\/2019\/06\/A-leer-2.jpg 450w, https:\/\/static-blogs.diariovasco.com\/wp-content\/uploads\/sites\/19\/2019\/06\/A-leer-2-300x213.jpg 300w\" sizes=\"(max-width: 450px) 100vw, 450px\" \/><\/a><\/p>\n<p><strong>Os comparto mis lecturas de los \u00faltimos meses que han sido pocas, pero enjundiosas. Procuro leer todos los d\u00edas dos o tres horas, seg\u00fan haga m\u00e1s o menos vida social, y voy descubriendo que cuanto m\u00e1s leo y menos salgo, m\u00e1s contenta, tranquila y feliz estoy. He aprendido a leer en un banco al sol o a la sombra mientras mi perrillo disfruta de lo suyo a mi lado. Se queda el trasero cuadrado, pero vale la pena. Lo que no soporto es leer en una terraza de un bar\u2026 me sigue pareciendo el acto de leer algo \u00edntimo de alguna manera.<\/strong><\/p>\n<p>Ahora llega el verano y me voy unas semanas a \u201cmi otro mar\u201d. All\u00ed habr\u00e1 tardes silenciosas de lectura en el jard\u00edn\u2026 \u00a1Me muero de ganas!<\/p>\n<p><strong>Est\u00e1 claro que \u201cpara gustos est\u00e1n los colores\u201d y no hay nada \u2013en este momento de mi vida- que valore tanto como el tiempo dedicado en silencio y paz a leer un buen libro que me ayude a sentirme un poco m\u00e1s feliz y a viajar con la imaginaci\u00f3n, ya que con la maleta no puedo por estar mi perrillo Elur en una situaci\u00f3n f\u00edsica que requiere de mi presencia y mis cuidados.<\/strong><\/p>\n<p><a href=\"https:\/\/static-blogs.diariovasco.com\/wp-content\/uploads\/sites\/19\/2019\/06\/A-leer.jpg\"><img loading=\"lazy\" class=\"alignleft size-medium wp-image-6196\" src=\"https:\/\/static-blogs.diariovasco.com\/wp-content\/uploads\/sites\/19\/2019\/06\/A-leer-300x164.jpg\" alt=\"a-leer\" width=\"300\" height=\"164\" srcset=\"https:\/\/static-blogs.diariovasco.com\/wp-content\/uploads\/sites\/19\/2019\/06\/A-leer-300x164.jpg 300w, https:\/\/static-blogs.diariovasco.com\/wp-content\/uploads\/sites\/19\/2019\/06\/A-leer.jpg 500w\" sizes=\"(max-width: 300px) 100vw, 300px\" \/><\/a>Siempre digo que los que no gustan de la lectura no saben lo que se pierden porque es como si alguien me dijera que no le gusta el cine, la m\u00fasica o comer una comida sabrosa. Sigo animando a que se pruebe poco a poco y me brindo para dar \u00e1nimos y regalar libros a quien lo desee y solicite. Me quedar\u00e9 predicando en el desierto literario, pero me da igual\u2026 Soy muy tenaz. Felices lecturas en la playa, en el jard\u00edn o en el sof\u00e1 de casa.<\/p>\n<p><strong><em><u>Lecturas livianas: (para pasar el rato y sin que inviten a la reflexi\u00f3n profunda)\u00a0 <\/u><\/em><\/strong><\/p>\n<p><strong><u>\u201cEl arte de llevar gabardina\u201d<\/u><\/strong>\u00a0 de Sergi Pami\u00e8s (2019) Regalo por Sant Jordi, dedicado por el autor. Relatos con el sello genuino de Pami\u00e8s que me lleva a investigar sobre sus or\u00edgenes pol\u00edtico\/parentales. Obsesi\u00f3n por los detalles para plasmar las tristezas cotidianas. Interesante.\u00a0\u00a0\u00a0\u00a0\u00a0\u00a0\u00a0\u00a0\u00a0\u00a0\u00a0\u00a0\u00a0\u00a0\u00a0 7\/10<\/p>\n<p><strong><u>\u00a0\u201cLa hija de Robert Poste\u201d <\/u><\/strong>de \u00a0Stella Gibbons. (1932) Un libro de humor en la Inglaterra de comienzos del siglo XX. De lectura m\u00e1s que agradable.\u00a0 7\/10<\/p>\n<p><strong><u>\u201cEn busca del unicornio\u201d<\/u><\/strong>\u00a0 de Juan Eslava Gal\u00e1n (Premio Planeta 1987, Relectura). Odisea medieval en tierras africanas. Divertido y bien escrito.7\/10<\/p>\n<p><strong><u>\u201cCamino de Bagdad\u201d<\/u><\/strong>\u00a0 de G\u00fcneli G\u00fcn (1991) Visi\u00f3n turca de la picaresca de las Mil y una noches. Agradable. \u00a0 \u00a0 \u00a0 \u00a0 \u00a0 \u00a0 \u00a0 \u00a0 \u00a0 \u00a0 \u00a0 \u00a0 \u00a0 \u00a0 \u00a0 \u00a0 \u00a0 \u00a0 \u00a0 \u00a0 \u00a0 \u00a0 \u00a0 \u00a0 \u00a0 \u00a0 \u00a0 \u00a0 \u00a0 \u00a0 \u00a0 \u00a0 \u00a0 \u00a0 \u00a0 \u00a0 6\/10<\/p>\n<p><strong><u>\u00a0\u201cHistoria de un canalla\u201d\u00a0 <\/u><\/strong>de Julia Navarro\u00a0 (2016) Novela que podr\u00eda ser de cualquier \u201ccanalla\u201d de hoy en d\u00eda, de los que triunfan a costa del pr\u00f3jimo. No me gusta el tema. 5\/10<\/p>\n<p><em><strong><u>Lecturas enjundiosas: (que ayudan a incrementar el acervo cultural a la vez que estimulan el intelecto)<\/u><\/strong><\/em><\/p>\n<p><strong><u>\u201cEl Par\u00eds de Man Ray\u201d <\/u><\/strong>de \u00a0R. Lottman (2001) (Relectura) El fot\u00f3grafo americano en Montparnasse y sus locos habitantes de los a\u00f1os 1900-1940. El origen de tanto arte que hoy brilla por s\u00ed mismo.\u00a0\u00a0\u00a0 \u00a0\u00a0\u00a0\u00a0\u00a0\u00a0\u00a0\u00a0\u00a0\u00a0\u00a0\u00a0\u00a0\u00a0\u00a0\u00a0\u00a0\u00a0\u00a0\u00a0\u00a0\u00a0\u00a0\u00a0\u00a0\u00a0\u00a0\u00a0\u00a0\u00a0\u00a0\u00a0\u00a0\u00a0\u00a08\/10<\/p>\n<p><strong><u>\u201cLa vida a ratos \u201d<\/u><\/strong>\u00a0 de Juan Jos\u00e9 Millas (2019) Otro regalo de Sant Jordi tambi\u00e9n con dedicatoria del autor. (Lujazo) Muy divertido, mucho. Entre lo autobiogr\u00e1fico y el esperpento, en la l\u00ednea de Mill\u00e1s que me gusta mucho. 8\/10<\/p>\n<p><a href=\"https:\/\/www.elperiodico.com\/es\/ocio-y-cultura\/20190430\/critica-la-vida-a-ratos-juan-jose-millas-7432755\" rel=\"external nofollow\">https:\/\/www.elperiodico.com\/es\/ocio-y-cultura\/20190430\/critica-la-vida-a-ratos-juan-jose-millas-7432755<\/a><\/p>\n<p><strong><u>\u201cSteve Jobs\u201d de Walter Isaacson (2011) <\/u><\/strong>Este libro se lo regal\u00e9 a un amigo que me lo devolvi\u00f3 porque no le gustaban las biograf\u00edas. Despu\u00e9s de criar polvo durante un par de a\u00f1os, lo descubro y me \u201cdescubro\u201d. Apasionante en todos los sentidos. Me salto detalles t\u00e9cnicos, pero el personaje est\u00e1 servido. Eg\u00f3latra, s\u00ed, pero gracias a \u00e9l tenemos todo lo que tenemos hoy en d\u00eda. \u00a0 7\/10<\/p>\n<p><strong><em><u>Lecturas con peso espec\u00edfico: (para sustraerles la sustancia a base de neuronas.)<\/u><\/em><\/strong><\/p>\n<p><strong><u>\u201cLou Andreas Salom\u00e9\u201d <\/u><\/strong>de H.F.Peters (1962) (Relectura) Mujer fascinante, inteligent\u00edsima, extra\u00f1a y \u00fanica. \u00a0 \u00a0 \u00a0 \u00a0 \u00a0 \u00a0 \u00a0 \u00a0 \u00a0 \u00a0 \u00a0 \u00a0 \u00a0 \u00a0 \u00a0 \u00a0 \u00a0 \u00a0 \u00a0 \u00a0 \u00a0 \u00a0 \u00a0 \u00a0 \u00a0 \u00a0 \u00a0 \u00a0 \u00a0 \u00a0 \u00a0 \u00a0\u00a0 8\/10<\/p>\n<p><a href=\"https:\/\/www.elmundo.es\/cultura\/literatura\/2018\/06\/03\/5b13de02468aebe8678b4576.html\" rel=\"external nofollow\">https:\/\/www.elmundo.es\/cultura\/literatura\/2018\/06\/03\/5b13de02468aebe8678b4576.html<\/a><\/p>\n<p><strong><u>\u201cAscenso y descenso de la monta\u00f1a sagrada\u201d <\/u><\/strong>Autobiograf\u00eda de Claudio Naranjo Cohen (2019) Complicado separar el EGO del autor de las ense\u00f1anzas que quiere transmitir. Un personaje reinventado una y otra vez con mucha condescendencia incluida. Interesante precursor de la New Age, de los Eneagramas y de las pr\u00e1cticas psiqui\u00e1tricas con alucin\u00f3genos. Ten\u00eda que leerlo.\u00a0\u00a0\u00a0\u00a0\u00a0\u00a0\u00a0\u00a0\u00a0 6\/10 \u00a0 <a href=\"https:\/\/www.youtube.com\/watch?v=i3j8NquR-ig\" rel=\"external nofollow\">https:\/\/www.youtube.com\/watch?v=i3j8NquR-ig<\/a><\/p>\n<p>(Entrevista con Claudio Naranjo hablando de los traumas infantiles que arrastramos.)<\/p>\n<p><strong><em><u>Lecturas atragantadas: (que pretend\u00edan \u00a0\u00a0interesantes y que no he podido llevar a buen puerto)<\/u><\/em><\/strong><\/p>\n<p><strong><u>\u201cLa mirada del otro\u201d<\/u><\/strong> de Fernando G. Delgado (Premio Planeta 1995). Lo ten\u00eda en casa y decid\u00ed releerlo, pero me ha sido imposible. Quiz\u00e1s est\u00e1 fuera de fechas o yo ya no aguanto seg\u00fan qu\u00e9 lecturas. Los premios, ya se sabe\u2026<\/p>\n<p><em>*La puntuaci\u00f3n es fruto de una opini\u00f3n personal que no tiene m\u00e1s valor que el que uno le quiera dar\u2026<\/em><\/p>\n<p><a href=\"https:\/\/static-blogs.diariovasco.com\/wp-content\/uploads\/sites\/19\/2019\/06\/A-partir-de-los-50.jpg\"><img loading=\"lazy\" class=\"alignleft size-medium wp-image-6135\" src=\"https:\/\/static-blogs.diariovasco.com\/wp-content\/uploads\/sites\/19\/2019\/06\/A-partir-de-los-50-300x225.jpg\" alt=\"a-partir-de-los-50\" width=\"300\" height=\"225\" srcset=\"https:\/\/static-blogs.diariovasco.com\/wp-content\/uploads\/sites\/19\/2019\/06\/A-partir-de-los-50-300x225.jpg 300w, https:\/\/static-blogs.diariovasco.com\/wp-content\/uploads\/sites\/19\/2019\/06\/A-partir-de-los-50-768x576.jpg 768w, https:\/\/static-blogs.diariovasco.com\/wp-content\/uploads\/sites\/19\/2019\/06\/A-partir-de-los-50.jpg 816w\" sizes=\"(max-width: 300px) 100vw, 300px\" \/><\/a>Felices los felices<\/p>\n<p>LaAlquimista<\/p>\n<p><a href=\"https:\/\/www.facebook.com\/laalquimistaapartirdelos50\/\" rel=\"external nofollow\">https:\/\/www.facebook.com\/laalquimistaapartirdelos50\/<\/a><\/p>\n<p><em>Por si alguien desea contactar:<\/em><\/p>\n<p><a href=\"mailto:apartirdeloscincuenta@gmail.com\">apartirdeloscincuenta@gmail.com<\/a><\/p>\n<p>&nbsp;<\/p>\n<p>&nbsp;<\/p>\n<p>&nbsp;<\/p>\n<!-- AddThis Advanced Settings generic via filter on the_content --><!-- AddThis Share Buttons generic via filter on the_content -->","protected":false},"excerpt":{"rendered":"<p>Os comparto mis lecturas de los \u00faltimos meses que han sido pocas, pero enjundiosas. Procuro leer todos los d\u00edas dos o tres horas, seg\u00fan haga m\u00e1s o menos vida social, y voy descubriendo que cuanto m\u00e1s leo y menos salgo, m\u00e1s contenta, tranquila y feliz estoy. He aprendido a leer en un banco al sol [&hellip;]<!-- AddThis Advanced Settings generic via filter on get_the_excerpt --><!-- AddThis Share Buttons generic via filter on get_the_excerpt --><\/p>\n","protected":false},"author":34,"featured_media":0,"comment_status":"open","ping_status":"closed","sticky":false,"template":"","format":"standard","meta":[],"categories":[9,2,18],"tags":[309,419],"_links":{"self":[{"href":"https:\/\/blogs.diariovasco.com\/apartirdelos50\/wp-json\/wp\/v2\/posts\/6195"}],"collection":[{"href":"https:\/\/blogs.diariovasco.com\/apartirdelos50\/wp-json\/wp\/v2\/posts"}],"about":[{"href":"https:\/\/blogs.diariovasco.com\/apartirdelos50\/wp-json\/wp\/v2\/types\/post"}],"author":[{"embeddable":true,"href":"https:\/\/blogs.diariovasco.com\/apartirdelos50\/wp-json\/wp\/v2\/users\/34"}],"replies":[{"embeddable":true,"href":"https:\/\/blogs.diariovasco.com\/apartirdelos50\/wp-json\/wp\/v2\/comments?post=6195"}],"version-history":[{"count":3,"href":"https:\/\/blogs.diariovasco.com\/apartirdelos50\/wp-json\/wp\/v2\/posts\/6195\/revisions"}],"predecessor-version":[{"id":6201,"href":"https:\/\/blogs.diariovasco.com\/apartirdelos50\/wp-json\/wp\/v2\/posts\/6195\/revisions\/6201"}],"wp:attachment":[{"href":"https:\/\/blogs.diariovasco.com\/apartirdelos50\/wp-json\/wp\/v2\/media?parent=6195"}],"wp:term":[{"taxonomy":"category","embeddable":true,"href":"https:\/\/blogs.diariovasco.com\/apartirdelos50\/wp-json\/wp\/v2\/categories?post=6195"},{"taxonomy":"post_tag","embeddable":true,"href":"https:\/\/blogs.diariovasco.com\/apartirdelos50\/wp-json\/wp\/v2\/tags?post=6195"}],"curies":[{"name":"wp","href":"https:\/\/api.w.org\/{rel}","templated":true}]}}