{"id":6211,"date":"2019-06-26T07:14:43","date_gmt":"2019-06-26T06:14:43","guid":{"rendered":"https:\/\/blogs.diariovasco.com\/apartirdelos50\/?p=6211"},"modified":"2019-06-26T09:32:39","modified_gmt":"2019-06-26T08:32:39","slug":"lo-peor-de-la-noche-de-san-juan","status":"publish","type":"post","link":"https:\/\/blogs.diariovasco.com\/apartirdelos50\/2019\/06\/26\/lo-peor-de-la-noche-de-san-juan\/","title":{"rendered":"Lo peor de la noche de San Juan"},"content":{"rendered":"<p><a href=\"https:\/\/static-blogs.diariovasco.com\/wp-content\/uploads\/sites\/19\/2019\/06\/Elur-se-esconde.jpg\"><img loading=\"lazy\" class=\"aligncenter size-full wp-image-6213\" src=\"https:\/\/static-blogs.diariovasco.com\/wp-content\/uploads\/sites\/19\/2019\/06\/Elur-se-esconde.jpg\" alt=\"elur-se-esconde\" width=\"542\" height=\"730\" srcset=\"https:\/\/static-blogs.diariovasco.com\/wp-content\/uploads\/sites\/19\/2019\/06\/Elur-se-esconde.jpg 542w, https:\/\/static-blogs.diariovasco.com\/wp-content\/uploads\/sites\/19\/2019\/06\/Elur-se-esconde-223x300.jpg 223w\" sizes=\"(max-width: 542px) 100vw, 542px\" \/>** Elur, mi perrito guapo.<\/a><\/p>\n<p><strong>Los ritos que acompa\u00f1an ancestralmente al solsticio de verano est\u00e1n profundamente acendrados en el imaginario tribal. Al d\u00eda m\u00e1s largo del a\u00f1o se le despide colectivamente con ofrendas de fuego y rituales de purificaci\u00f3n; no es algo que tenga sentido a nivel individual sino arropados los humanos alrededor de la \u201cmagia\u201d de una hoguera, de c\u00e1nticos y bailes.<\/strong><\/p>\n<p>Como es l\u00f3gico \u2013en \u201cnuestra\u201d l\u00f3gica humana, occidental y alborotadora- se envuelve el solsticio con abundante ingesta de comida y bebida para que el jolgorio eluda su lado espiritual y se instale en lo epic\u00fareo. No es mala idea. Darle gusto a los sentidos levanta \u00e1nimos dormidos y espabila otros adormecidos.<\/p>\n<p><strong>Por estas fechas me traslado a un pueblo del Mediterr\u00e1neo \u2013al que siempre he llamado po\u00e9ticamente \u201cmi otro mar\u201d- para disfrutar del aislamiento voluntario de \u201clo social\u201d que me enreda en mi vida donostiarra habitual. Me gusta el silencio de la terraza que da a un camino por el que a duras penas pasa el cartero y el cami\u00f3n de la basura; adoro las tardes en el jard\u00edn invadida por las letras amorosas de un libro y las caricias \u2013no siempre agradecidas- de las hormigas. Por la noche huele a estrellas y por la ma\u00f1ana cantan los p\u00e1jaros.<\/strong><\/p>\n<p><a href=\"https:\/\/static-blogs.diariovasco.com\/wp-content\/uploads\/sites\/19\/2019\/06\/A-ruidos2.jpg\"><img loading=\"lazy\" class=\"alignleft size-medium wp-image-6215\" src=\"https:\/\/static-blogs.diariovasco.com\/wp-content\/uploads\/sites\/19\/2019\/06\/A-ruidos2-300x185.jpg\" alt=\"a-ruidos2\" width=\"300\" height=\"185\" srcset=\"https:\/\/static-blogs.diariovasco.com\/wp-content\/uploads\/sites\/19\/2019\/06\/A-ruidos2-300x185.jpg 300w, https:\/\/static-blogs.diariovasco.com\/wp-content\/uploads\/sites\/19\/2019\/06\/A-ruidos2.jpg 500w\" sizes=\"(max-width: 300px) 100vw, 300px\" \/><\/a>No es el para\u00edso que venden las agencias de viajes, pero s\u00ed es \u201cmi rinc\u00f3n feliz\u201d. El mar y su largu\u00edsima franja de arena est\u00e1n a cinco minutos caminando y hasta las diez de la ma\u00f1ana nos pertenece a los felices madrugadores. Yo no pido mucho m\u00e1s un par de veces al a\u00f1o.<\/p>\n<p><strong>Mi perrillo, creo que tampoco. \u00c9l tambi\u00e9n disfruta de la hierba y juguetea con las hormigas, me siente tranquila y se apacigua \u00e9l mismo de sus males neurol\u00f3gicos que le machacan el coraz\u00f3n y el alma cuando le da el ataque convulso de la epilepsia. En realidad, su entrega es total y all\u00e1 donde yo vaya \u00e9l viene conmigo siguiendo el ritmo de su m\u00fasica personal con el rabo.<\/strong><\/p>\n<p><a href=\"https:\/\/static-blogs.diariovasco.com\/wp-content\/uploads\/sites\/19\/2019\/06\/A-ruido.png\"><img loading=\"lazy\" class=\"alignright size-full wp-image-6216\" src=\"https:\/\/static-blogs.diariovasco.com\/wp-content\/uploads\/sites\/19\/2019\/06\/A-ruido.png\" alt=\"a-ruido\" width=\"271\" height=\"186\" \/><\/a>Excepto la v\u00edspera de San Juan, cuando adem\u00e1s de las hogueras tradicionales, tenemos que soportar con paciencia digna del santo Job y su genealog\u00eda completa el estruendo de petardos, el estallido\u00a0 bestial y absurdo de bombas que poco tienen que envidiar (en lo ruidoso) a las que se lanzan en las guerras y el regocijo incomprensible de la gente quemando dinero en fuegos y juegos de p\u00f3lvora, humo y temblor de todo bicho viviente.<\/p>\n<p><strong>Conatos de incendio y accidentes: siempre hay un padre al que se le quema la mano, un adolescente al que se le incrusta un cohete en el ojo, un ni\u00f1o que no sabe que lo que echa humo puede quemar. Una tradici\u00f3n incuestionable, por supuesto, y un negocio poco cuestionado tambi\u00e9n.<\/strong><\/p>\n<p>No ser\u00e9 yo quien vaya a blandir mi espada o levantar mi pu\u00f1o contra el arraigo costumbrista catal\u00e1n, lo tengo muy claro que me dir\u00e1n \u201csi no te gusta, pues no vengas\u201d.<\/p>\n<p><strong>Tan s\u00f3lo cuento aqu\u00ed lo mal que lo ha pasado el pobre Elur \u2013y TODOS los perros en los lugares donde se les revientan los t\u00edmpanos con unos decibelios que su sistema auditivo amplifica por naturaleza.<\/strong><\/p>\n<p><a href=\"https:\/\/static-blogs.diariovasco.com\/wp-content\/uploads\/sites\/19\/2019\/06\/4-Enmarcado-4-1.jpeg\"><img loading=\"lazy\" class=\"alignleft size-medium wp-image-6159\" src=\"https:\/\/static-blogs.diariovasco.com\/wp-content\/uploads\/sites\/19\/2019\/06\/4-Enmarcado-4-1-225x300.jpeg\" alt=\"4-enmarcado-4\" width=\"225\" height=\"300\" srcset=\"https:\/\/static-blogs.diariovasco.com\/wp-content\/uploads\/sites\/19\/2019\/06\/4-Enmarcado-4-1-225x300.jpeg 225w, https:\/\/static-blogs.diariovasco.com\/wp-content\/uploads\/sites\/19\/2019\/06\/4-Enmarcado-4-1-768x1024.jpeg 768w, https:\/\/static-blogs.diariovasco.com\/wp-content\/uploads\/sites\/19\/2019\/06\/4-Enmarcado-4-1.jpeg 1664w\" sizes=\"(max-width: 225px) 100vw, 225px\" \/><\/a>Quienes convivimos con amigos caninos sabemos el sufrimiento y los ataques de nervios que les supone el ruido exacerbado; obviamente, a nadie le importa un bledo. A m\u00ed s\u00ed y no puedo hacer nada m\u00e1s que quedarme a su lado con persianas y ventanas selladas haciendo como que no pasa nada.<\/p>\n<p><strong>La hoguera, los rituales y le purificaci\u00f3n se pueden hacer en cualquier lugar. La hoguera interior tambi\u00e9n arde aunque no le echemos madera\u2026 y mi ritual de purificaci\u00f3n lo hago al d\u00eda siguiente, de buena ma\u00f1ana, con el silencio vivificador de la vida que sigue mientras los humanos ruidosos de la v\u00edspera siguen dormidos aunque ya est\u00e9n despiertos.<\/strong><\/p>\n<p><a href=\"https:\/\/static-blogs.diariovasco.com\/wp-content\/uploads\/sites\/19\/2019\/06\/A-partir-de-los-50.jpg\"><img loading=\"lazy\" class=\"alignright size-medium wp-image-6135\" src=\"https:\/\/static-blogs.diariovasco.com\/wp-content\/uploads\/sites\/19\/2019\/06\/A-partir-de-los-50-300x225.jpg\" alt=\"a-partir-de-los-50\" width=\"300\" height=\"225\" srcset=\"https:\/\/static-blogs.diariovasco.com\/wp-content\/uploads\/sites\/19\/2019\/06\/A-partir-de-los-50-300x225.jpg 300w, https:\/\/static-blogs.diariovasco.com\/wp-content\/uploads\/sites\/19\/2019\/06\/A-partir-de-los-50-768x576.jpg 768w, https:\/\/static-blogs.diariovasco.com\/wp-content\/uploads\/sites\/19\/2019\/06\/A-partir-de-los-50.jpg 816w\" sizes=\"(max-width: 300px) 100vw, 300px\" \/><\/a>Felices los felices.<\/p>\n<p>LaAlquimista<\/p>\n<p>Por si alguien desea contactar:<\/p>\n<p>apartirdeloscincuenta@gmail.com<\/p>\n<p>&nbsp;<\/p>\n<p>&nbsp;<\/p>\n<p>&nbsp;<\/p>\n<!-- AddThis Advanced Settings generic via filter on the_content --><!-- AddThis Share Buttons generic via filter on the_content -->","protected":false},"excerpt":{"rendered":"<p>** Elur, mi perrito guapo. Los ritos que acompa\u00f1an ancestralmente al solsticio de verano est\u00e1n profundamente acendrados en el imaginario tribal. Al d\u00eda m\u00e1s largo del a\u00f1o se le despide colectivamente con ofrendas de fuego y rituales de purificaci\u00f3n; no es algo que tenga sentido a nivel individual sino arropados los humanos alrededor de la [&hellip;]<!-- AddThis Advanced Settings generic via filter on get_the_excerpt --><!-- AddThis Share Buttons generic via filter on get_the_excerpt --><\/p>\n","protected":false},"author":34,"featured_media":0,"comment_status":"open","ping_status":"closed","sticky":false,"template":"","format":"standard","meta":[],"categories":[19,2],"tags":[425,423,424],"_links":{"self":[{"href":"https:\/\/blogs.diariovasco.com\/apartirdelos50\/wp-json\/wp\/v2\/posts\/6211"}],"collection":[{"href":"https:\/\/blogs.diariovasco.com\/apartirdelos50\/wp-json\/wp\/v2\/posts"}],"about":[{"href":"https:\/\/blogs.diariovasco.com\/apartirdelos50\/wp-json\/wp\/v2\/types\/post"}],"author":[{"embeddable":true,"href":"https:\/\/blogs.diariovasco.com\/apartirdelos50\/wp-json\/wp\/v2\/users\/34"}],"replies":[{"embeddable":true,"href":"https:\/\/blogs.diariovasco.com\/apartirdelos50\/wp-json\/wp\/v2\/comments?post=6211"}],"version-history":[{"count":4,"href":"https:\/\/blogs.diariovasco.com\/apartirdelos50\/wp-json\/wp\/v2\/posts\/6211\/revisions"}],"predecessor-version":[{"id":6218,"href":"https:\/\/blogs.diariovasco.com\/apartirdelos50\/wp-json\/wp\/v2\/posts\/6211\/revisions\/6218"}],"wp:attachment":[{"href":"https:\/\/blogs.diariovasco.com\/apartirdelos50\/wp-json\/wp\/v2\/media?parent=6211"}],"wp:term":[{"taxonomy":"category","embeddable":true,"href":"https:\/\/blogs.diariovasco.com\/apartirdelos50\/wp-json\/wp\/v2\/categories?post=6211"},{"taxonomy":"post_tag","embeddable":true,"href":"https:\/\/blogs.diariovasco.com\/apartirdelos50\/wp-json\/wp\/v2\/tags?post=6211"}],"curies":[{"name":"wp","href":"https:\/\/api.w.org\/{rel}","templated":true}]}}