{"id":6260,"date":"2019-07-12T07:39:14","date_gmt":"2019-07-12T06:39:14","guid":{"rendered":"https:\/\/blogs.diariovasco.com\/apartirdelos50\/?p=6260"},"modified":"2019-07-11T09:48:31","modified_gmt":"2019-07-11T08:48:31","slug":"un-granito-de-arena","status":"publish","type":"post","link":"https:\/\/blogs.diariovasco.com\/apartirdelos50\/2019\/07\/12\/un-granito-de-arena\/","title":{"rendered":"Un granito de arena"},"content":{"rendered":"<p><a href=\"https:\/\/static-blogs.diariovasco.com\/wp-content\/uploads\/sites\/19\/2019\/07\/A-grano-de-arena-2.jpg\"><img loading=\"lazy\" class=\"aligncenter size-full wp-image-6262\" src=\"https:\/\/static-blogs.diariovasco.com\/wp-content\/uploads\/sites\/19\/2019\/07\/A-grano-de-arena-2.jpg\" alt=\"a-grano-de-arena-2\" width=\"626\" height=\"417\" srcset=\"https:\/\/static-blogs.diariovasco.com\/wp-content\/uploads\/sites\/19\/2019\/07\/A-grano-de-arena-2.jpg 626w, https:\/\/static-blogs.diariovasco.com\/wp-content\/uploads\/sites\/19\/2019\/07\/A-grano-de-arena-2-300x200.jpg 300w\" sizes=\"(max-width: 626px) 100vw, 626px\" \/><\/a><\/p>\n<p><strong>A las ocho de la ma\u00f1ana ya estoy paseando por la orilla del mar, con el agua hasta las pantorrillas y limando asperezas con la arena y el silencio, sabi\u00e9ndome privilegiada y sinti\u00e9ndome feliz. Aunque sea algo muy sencillo me gusta ser consciente de ello y, con cada paso sobre la arena y luego nadando con ah\u00ednco, voy sintiendo el momento presente<\/strong><\/p>\n<p>Somos pocos y en el paseo de ir y venir hasta el malec\u00f3n nos vamos quedando con las caras; se amagan saludos por alzamiento de cejas o una sonrisa al cruzarse. Todo muy civilizado.<\/p>\n<p><strong>Pero mucho m\u00e1s civilizado y sorprendente ha sido comprobar c\u00f3mo cada d\u00eda, cuando todav\u00eda las gaviotas siguen picoteando la arena en busca del desayuno, una mujer con sombrero \u2013qu\u00e9 recuerdos, la canci\u00f3n- acompa\u00f1aba su deambular por la orilla del mar recogiendo \u2013provista de un palo puntiagudo- los peque\u00f1os trozos de pl\u00e1stico que escapan al barrido gen\u00e9rico de los empleados de la limpieza, introduciendo esos restos en una bolsa que, una vez llena, cargaba consigo hasta su destino final.<\/strong><\/p>\n<p><a href=\"https:\/\/static-blogs.diariovasco.com\/wp-content\/uploads\/sites\/19\/2019\/07\/A-grano-de-arena.png\"><img loading=\"lazy\" class=\"alignleft size-full wp-image-6264\" src=\"https:\/\/static-blogs.diariovasco.com\/wp-content\/uploads\/sites\/19\/2019\/07\/A-grano-de-arena.png\" alt=\"a-grano-de-arena\" width=\"225\" height=\"225\" srcset=\"https:\/\/static-blogs.diariovasco.com\/wp-content\/uploads\/sites\/19\/2019\/07\/A-grano-de-arena.png 225w, https:\/\/static-blogs.diariovasco.com\/wp-content\/uploads\/sites\/19\/2019\/07\/A-grano-de-arena-150x150.png 150w\" sizes=\"(max-width: 225px) 100vw, 225px\" \/><\/a>El primer d\u00eda que la vi, pens\u00e9: <em>\u201cOl\u00e9 tus ovarios<\/em>\u201d. El segundo, al cruzarme con ella, le salud\u00e9 y le expres\u00e9 con palabras el pensamiento de otras ma\u00f1anas indic\u00e1ndole que me parec\u00eda encomiable su actitud. Ella, sonriente, tan s\u00f3lo dijo que era su <em>\u201cpeque\u00f1o grano de arena<\/em>\u201d\u2026 y \u00a1qu\u00e9 raz\u00f3n ten\u00eda!<\/p>\n<p><strong>Aprendemos como loros la teor\u00eda para preservar el entorno, cuidar la Tierra, proteger la naturaleza, pero\u2026 demasiadas veces se limita esa buena intenci\u00f3n a concienciar al personal mediante bonitas campa\u00f1as publicitarias de doble filo, con sirena interpuesta, pero no nos dicen qu\u00e9 tenemos que hacer con los millones de latas de cerveza que ellos mismos nos est\u00e1n queriendo vender.<\/strong><\/p>\n<p>Afortunadamente, ya en muchos lugares del planeta, peque\u00f1as y medianas comunidades est\u00e1n ACTUANDO despu\u00e9s de haber TOMADO CONCIENCIA de que nos lo estamos cargando sin remisi\u00f3n.<\/p>\n<p><strong>Tristemente cierto es tambi\u00e9n que la mayor\u00eda de la gente dice: \u201ctotal, qu\u00e9 le voy a hacer, para cuando eso pase estaremos yo, mis hijos y mis nietos criando malvas\u201d. Que es lo mismo que aplicar esa norma no escrita de tan arraigado uso en este pa\u00eds y que se resume as\u00ed: <em>\u201cpara lo que<\/em> <em>me queda en el convento\u2026me cago dentro<\/em>\u201d. Ya s\u00e9 que suena vulgar escribirlo, pero m\u00e1s vulgar es decirlo\u2026y hacerlo.<\/strong><\/p>\n<p>Porque conciencia, lo que se dice conciencia, mal que bien y peque\u00f1ita, tenemos todos. Pero a la hora de la verdad, uf, cu\u00e1nto cuesta ser coherente y sobre todo hacer lo que hay que hacer para contaminar lo m\u00ednimo posible.<\/p>\n<p><strong>Luego explota una gran industria de productos qu\u00edmicos en el mismo litoral, -hace unos d\u00edas en Tarragona-, se produce un incendio imparable con una nube t\u00f3xica (c\u00f3mo va a ser si no) que las autoridades se precipitan a minimizar mientras los vecinos de los barrios adyacentes huyen despavoridos en sus coches a las dos de la ma\u00f1ana. Al d\u00eda siguiente llovi\u00f3 torrencialmente y lo que cay\u00f3 desde las nubes era tan sucio y apestoso que no hay palabras para describirlo.<\/strong><\/p>\n<p>Mientras tanto hemos seguido viendo anuncios con agua trasl\u00facida junto a charcas oce\u00e1nicas contaminadas por toneladas de pl\u00e1stico. La pura contradicci\u00f3n de siempre; el negocio, el trabajo, la rentabilidad por encima de cualquier otra consideraci\u00f3n.<\/p>\n<p><a href=\"https:\/\/static-blogs.diariovasco.com\/wp-content\/uploads\/sites\/19\/2019\/06\/A-partir-de-los-50-2.jpg\"><img loading=\"lazy\" class=\"alignright size-medium wp-image-6230\" src=\"https:\/\/static-blogs.diariovasco.com\/wp-content\/uploads\/sites\/19\/2019\/06\/A-partir-de-los-50-2-300x300.jpg\" alt=\"a-partir-de-los-50-2\" width=\"300\" height=\"300\" srcset=\"https:\/\/static-blogs.diariovasco.com\/wp-content\/uploads\/sites\/19\/2019\/06\/A-partir-de-los-50-2-300x300.jpg 300w, https:\/\/static-blogs.diariovasco.com\/wp-content\/uploads\/sites\/19\/2019\/06\/A-partir-de-los-50-2-150x150.jpg 150w, https:\/\/static-blogs.diariovasco.com\/wp-content\/uploads\/sites\/19\/2019\/06\/A-partir-de-los-50-2.jpg 423w\" sizes=\"(max-width: 300px) 100vw, 300px\" \/><\/a>Esta ma\u00f1ana he vuelto a ver a la mujer con sombrero y nos hemos parado a charlar un rato de lo divino y de lo humano adem\u00e1s de lo sucio y de lo limpio. Dice que su \u201cdeber\u201d es aportar lo que puede y hacerlo lo mejor posible.<\/p>\n<p><strong>Me gusta la gente con ideales, luchadora, corredora de fondo a pesar de que sepa \u2013porque lo sabe- que su ejemplo no ser\u00e1 imitado por la gran masa de gente que se dedica a manchar y a dejar su porquer\u00eda a la vista de los dem\u00e1s.<\/strong><\/p>\n<p>Yo quisiera hacer lo mismo que hace ella \u2013o algo similar- pero mi espalda (mis a\u00f1os) no me permiten agacharme cuatrocientas veces seguidas en cuarenta minutos para limpiar la playa de basura humana. En realidad, es una excusa para acallar la conciencia, lo reconozco.<\/p>\n<p><strong>Me quedo tranquila \u2013y no deber\u00eda- convencida de que reciclo lo que puedo, no tiro nada al suelo y ya no practico el consumismo. Me consuelo pensando que he hecho una nueva amiga\u2026<\/strong><\/p>\n<p><a href=\"https:\/\/static-blogs.diariovasco.com\/wp-content\/uploads\/sites\/19\/2019\/07\/A-partir-de-los-50.jpg\"><img loading=\"lazy\" class=\"alignleft size-medium wp-image-6265\" src=\"https:\/\/static-blogs.diariovasco.com\/wp-content\/uploads\/sites\/19\/2019\/07\/A-partir-de-los-50-300x225.jpg\" alt=\"a-partir-de-los-50\" width=\"300\" height=\"225\" srcset=\"https:\/\/static-blogs.diariovasco.com\/wp-content\/uploads\/sites\/19\/2019\/07\/A-partir-de-los-50-300x225.jpg 300w, https:\/\/static-blogs.diariovasco.com\/wp-content\/uploads\/sites\/19\/2019\/07\/A-partir-de-los-50-768x576.jpg 768w, https:\/\/static-blogs.diariovasco.com\/wp-content\/uploads\/sites\/19\/2019\/07\/A-partir-de-los-50.jpg 816w\" sizes=\"(max-width: 300px) 100vw, 300px\" \/><\/a>Cuando me voy a casa \u2013en mi coche contaminante- veo las papeleras del paseo rebosantes de pl\u00e1sticos y basura sin recoger, como peque\u00f1as cascadas vivas de derivados del petr\u00f3leo que van a seguir existiendo en alguna parte cuando yo, mis hijas y mis nietos no seamos m\u00e1s que polvo. Ojal\u00e1 fu\u00e9ramos polvo enamorado, como dijo el poeta, pero me temo que va a ser demasiado pedir.<\/p>\n<p>Felices los felices.<\/p>\n<p>LaAlquimista<\/p>\n<p><a href=\"https:\/\/www.facebook.com\/laalquimistaapartirdelos50\/\" rel=\"external nofollow\">https:\/\/www.facebook.com\/laalquimistaapartirdelos50\/<\/a><\/p>\n<p>Por si alguien desea contactar:<\/p>\n<p>apartirdeloscincuenta@gmail.com<\/p>\n<p>&nbsp;<\/p>\n<!-- AddThis Advanced Settings generic via filter on the_content --><!-- AddThis Share Buttons generic via filter on the_content -->","protected":false},"excerpt":{"rendered":"<p>A las ocho de la ma\u00f1ana ya estoy paseando por la orilla del mar, con el agua hasta las pantorrillas y limando asperezas con la arena y el silencio, sabi\u00e9ndome privilegiada y sinti\u00e9ndome feliz. Aunque sea algo muy sencillo me gusta ser consciente de ello y, con cada paso sobre la arena y luego nadando [&hellip;]<!-- AddThis Advanced Settings generic via filter on get_the_excerpt --><!-- AddThis Share Buttons generic via filter on get_the_excerpt --><\/p>\n","protected":false},"author":34,"featured_media":0,"comment_status":"open","ping_status":"closed","sticky":false,"template":"","format":"standard","meta":[],"categories":[2],"tags":[443,444,442],"_links":{"self":[{"href":"https:\/\/blogs.diariovasco.com\/apartirdelos50\/wp-json\/wp\/v2\/posts\/6260"}],"collection":[{"href":"https:\/\/blogs.diariovasco.com\/apartirdelos50\/wp-json\/wp\/v2\/posts"}],"about":[{"href":"https:\/\/blogs.diariovasco.com\/apartirdelos50\/wp-json\/wp\/v2\/types\/post"}],"author":[{"embeddable":true,"href":"https:\/\/blogs.diariovasco.com\/apartirdelos50\/wp-json\/wp\/v2\/users\/34"}],"replies":[{"embeddable":true,"href":"https:\/\/blogs.diariovasco.com\/apartirdelos50\/wp-json\/wp\/v2\/comments?post=6260"}],"version-history":[{"count":3,"href":"https:\/\/blogs.diariovasco.com\/apartirdelos50\/wp-json\/wp\/v2\/posts\/6260\/revisions"}],"predecessor-version":[{"id":6266,"href":"https:\/\/blogs.diariovasco.com\/apartirdelos50\/wp-json\/wp\/v2\/posts\/6260\/revisions\/6266"}],"wp:attachment":[{"href":"https:\/\/blogs.diariovasco.com\/apartirdelos50\/wp-json\/wp\/v2\/media?parent=6260"}],"wp:term":[{"taxonomy":"category","embeddable":true,"href":"https:\/\/blogs.diariovasco.com\/apartirdelos50\/wp-json\/wp\/v2\/categories?post=6260"},{"taxonomy":"post_tag","embeddable":true,"href":"https:\/\/blogs.diariovasco.com\/apartirdelos50\/wp-json\/wp\/v2\/tags?post=6260"}],"curies":[{"name":"wp","href":"https:\/\/api.w.org\/{rel}","templated":true}]}}