{"id":6305,"date":"2019-08-02T07:25:34","date_gmt":"2019-08-02T06:25:34","guid":{"rendered":"https:\/\/blogs.diariovasco.com\/apartirdelos50\/?p=6305"},"modified":"2019-08-02T07:25:24","modified_gmt":"2019-08-02T06:25:24","slug":"energia-negativa","status":"publish","type":"post","link":"https:\/\/blogs.diariovasco.com\/apartirdelos50\/2019\/08\/02\/energia-negativa\/","title":{"rendered":"Energ\u00eda negativa"},"content":{"rendered":"<p><a href=\"https:\/\/static-blogs.diariovasco.com\/wp-content\/uploads\/sites\/19\/2019\/08\/A-Energia-negativa-1.jpg\"><img loading=\"lazy\" class=\"aligncenter size-full wp-image-6307\" src=\"https:\/\/static-blogs.diariovasco.com\/wp-content\/uploads\/sites\/19\/2019\/08\/A-Energia-negativa-1.jpg\" alt=\"a-energia-negativa\" width=\"930\" height=\"486\" srcset=\"https:\/\/static-blogs.diariovasco.com\/wp-content\/uploads\/sites\/19\/2019\/08\/A-Energia-negativa-1.jpg 930w, https:\/\/static-blogs.diariovasco.com\/wp-content\/uploads\/sites\/19\/2019\/08\/A-Energia-negativa-1-300x157.jpg 300w, https:\/\/static-blogs.diariovasco.com\/wp-content\/uploads\/sites\/19\/2019\/08\/A-Energia-negativa-1-768x401.jpg 768w\" sizes=\"(max-width: 930px) 100vw, 930px\" \/><\/a><\/p>\n<p>&nbsp;<\/p>\n<p><strong>Con el paso de los a\u00f1os me he vuelto muy sensible a ciertos est\u00edmulos da\u00f1inos, y m\u00e1s vulnerable a esas invisibles, pero cotidianas \u201cenerg\u00edas negativas\u201d. Como la \u201cprincesa del guisante\u201d, detecto en el ambiente un \u201c<em>nos\u00e9qu\u00e9<\/em>\u201d que me produce inquietud. Es algo as\u00ed como una reacci\u00f3n al\u00e9rgica: inevitable, pero contundente.<\/strong><\/p>\n<p>Me ocurre tanto con personas allegadas como con seres desconocidos que se cruzan fortuitamente en mi camino. Puedo percibirlo en la cola del s\u00faper mientras alguien se impacienta y arroja miradas furibundas contra la cajera que se equivoca o el cliente que deposita con demasiada lentitud sus productos en la cinta.<\/p>\n<p><strong>En los lugares cerrados y atestados de gente como bares, cafeter\u00edas, un cine o la sala de lectura de la biblioteca, mi instinto me indica al lado de qui\u00e9n no debo situarme por pre-sentir ese \u201c<em>je ne sais quoi<\/em>\u201d \u00a0que da fe del estado interior de la persona. Es como un \u201cdetector\u201d invisible, pero que funciona a las mil maravillas.<\/strong><\/p>\n<p>Alguien con un sentido del humor tirando a c\u00ednico podr\u00eda burlarse de mi preocupaci\u00f3n y preguntarme si creo que tengo \u201cpoderes\u201d; y yo le responder\u00eda que quiz\u00e1s todos tengamos la capacidad de detectar la energ\u00eda negativa que nos impele a rechazar la cercan\u00eda de quien la lleva consigo, de la misma manera que nos sentimos atra\u00eddos sin explicaci\u00f3n alguna por esas personas que \u201cemanan algo especial\u201d.<\/p>\n<p><a href=\"https:\/\/static-blogs.diariovasco.com\/wp-content\/uploads\/sites\/19\/2019\/07\/A-partir-de-los-50-1.jpg\"><img loading=\"lazy\" class=\"aligncenter size-medium wp-image-6283\" src=\"https:\/\/static-blogs.diariovasco.com\/wp-content\/uploads\/sites\/19\/2019\/07\/A-partir-de-los-50-1-300x225.jpg\" alt=\"a-partir-de-los-50\" width=\"300\" height=\"225\" srcset=\"https:\/\/static-blogs.diariovasco.com\/wp-content\/uploads\/sites\/19\/2019\/07\/A-partir-de-los-50-1-300x225.jpg 300w, https:\/\/static-blogs.diariovasco.com\/wp-content\/uploads\/sites\/19\/2019\/07\/A-partir-de-los-50-1-768x576.jpg 768w, https:\/\/static-blogs.diariovasco.com\/wp-content\/uploads\/sites\/19\/2019\/07\/A-partir-de-los-50-1.jpg 816w\" sizes=\"(max-width: 300px) 100vw, 300px\" \/><\/a><strong>Conozco a varias personas que, por sus particular\u00edsimas circunstancias, tienen el coraz\u00f3n lleno de amargura. Una pena rabiosa que no saben c\u00f3mo gestionar y que siempre vuelcan en forma de furia, rabia, maltrato verbal o f\u00edsico encima de quienes est\u00e1n \u2013o tienen que estar- a su alrededor. Esas personas emiten una energ\u00eda negativa que provoca malestar, desconcierto y desestabilidad: como un virus que se expande sin freno.<\/strong><\/p>\n<p>Los ejemplos son de manual y de sobra conocidos. Hablo de quien se altera cuando ve algo que no le agrada y expresa su disgusto de manera violenta, elevando la voz, profiriendo insultos y desautorizando a los dem\u00e1s. Son esas personas \u00a0que est\u00e1n de mal humor la mayor\u00eda del tiempo, que tienen verbo f\u00e1cil para criticar y palabrotas m\u00e1s f\u00e1ciles todav\u00eda para el insulto. Carecen de empat\u00eda hacia el que sufre, se burlan de \u00e9l y lo desprecian. Son los que mentan la madre a los pol\u00edticos, (\u201cque son todos unos sinverg\u00fcenzas\u201d), \u00a0los que se acaloran con lo que ellos consideran injusticias sociales (\u201cvienen de fuera a quitarnos lo nuestro\u201d). Son los que hablan sin respeto del diferente, los que no se hartan ni se aburren con el discurso supremacista de raza blanca occidental.<\/p>\n<p><strong>Esa gente que exuda energ\u00eda negativa por todos los poros de su piel adem\u00e1s de lanzarla como dardos con la mirada, me provoca un rechazo tal que me quedo exhausta en su presencia, como si estuviera en una pel\u00edcula de zombies y me estuvieran absorbiendo el alma. Esa gente con la que no se puede hablar porque ellos y ellas tienen todas las palabras en su boca y todas las razones en su mente que ostenta el letrero \u201creservado el derecho de admisi\u00f3n\u201d.<\/strong><\/p>\n<p><a href=\"https:\/\/static-blogs.diariovasco.com\/wp-content\/uploads\/sites\/19\/2019\/07\/A-partir-de-los-50-2.jpg\"><img loading=\"lazy\" class=\"alignleft size-medium wp-image-6284\" src=\"https:\/\/static-blogs.diariovasco.com\/wp-content\/uploads\/sites\/19\/2019\/07\/A-partir-de-los-50-2-300x300.jpg\" alt=\"a-partir-de-los-50-2\" width=\"300\" height=\"300\" srcset=\"https:\/\/static-blogs.diariovasco.com\/wp-content\/uploads\/sites\/19\/2019\/07\/A-partir-de-los-50-2-300x300.jpg 300w, https:\/\/static-blogs.diariovasco.com\/wp-content\/uploads\/sites\/19\/2019\/07\/A-partir-de-los-50-2-150x150.jpg 150w, https:\/\/static-blogs.diariovasco.com\/wp-content\/uploads\/sites\/19\/2019\/07\/A-partir-de-los-50-2.jpg 423w\" sizes=\"(max-width: 300px) 100vw, 300px\" \/><\/a>Gente que me puede dejar indefensa, paralizada, d\u00e9bil emocionalmente y con temblores en el alma en una ma\u00f1ana de sol.<\/p>\n<p><strong>La misma \u201cdiferencia\u201d que ellos esgrimen para no tener que rozarse con quienes consideran menos que ellos, es la que me hace huir de su lado. Por fin me he dado cuenta, por fin he comprendido y comprobado que esa energ\u00eda negativa hay que evitarla\u2026 en defensa propia.<\/strong> <strong>Caiga quien caiga.<\/strong><\/p>\n<p>Felices los felices.<\/p>\n<p>LaAlquimista<\/p>\n<p><a href=\"https:\/\/www.facebook.com\/laalquimistaapartirdelos50\/\" rel=\"external nofollow\">https:\/\/www.facebook.com\/laalquimistaapartirdelos50\/<\/a><\/p>\n<p>Por si alguien desea contactar:<\/p>\n<p>apartirdeloscincuenta@gmail.com<\/p>\n<p>&nbsp;<\/p>\n<!-- AddThis Advanced Settings generic via filter on the_content --><!-- AddThis Share Buttons generic via filter on the_content -->","protected":false},"excerpt":{"rendered":"<p>&nbsp; Con el paso de los a\u00f1os me he vuelto muy sensible a ciertos est\u00edmulos da\u00f1inos, y m\u00e1s vulnerable a esas invisibles, pero cotidianas \u201cenerg\u00edas negativas\u201d. Como la \u201cprincesa del guisante\u201d, detecto en el ambiente un \u201cnos\u00e9qu\u00e9\u201d que me produce inquietud. Es algo as\u00ed como una reacci\u00f3n al\u00e9rgica: inevitable, pero contundente. Me ocurre tanto con [&hellip;]<!-- AddThis Advanced Settings generic via filter on get_the_excerpt --><!-- AddThis Share Buttons generic via filter on get_the_excerpt --><\/p>\n","protected":false},"author":34,"featured_media":0,"comment_status":"open","ping_status":"closed","sticky":false,"template":"","format":"standard","meta":[],"categories":[9,2],"tags":[457,454,456,455],"_links":{"self":[{"href":"https:\/\/blogs.diariovasco.com\/apartirdelos50\/wp-json\/wp\/v2\/posts\/6305"}],"collection":[{"href":"https:\/\/blogs.diariovasco.com\/apartirdelos50\/wp-json\/wp\/v2\/posts"}],"about":[{"href":"https:\/\/blogs.diariovasco.com\/apartirdelos50\/wp-json\/wp\/v2\/types\/post"}],"author":[{"embeddable":true,"href":"https:\/\/blogs.diariovasco.com\/apartirdelos50\/wp-json\/wp\/v2\/users\/34"}],"replies":[{"embeddable":true,"href":"https:\/\/blogs.diariovasco.com\/apartirdelos50\/wp-json\/wp\/v2\/comments?post=6305"}],"version-history":[{"count":1,"href":"https:\/\/blogs.diariovasco.com\/apartirdelos50\/wp-json\/wp\/v2\/posts\/6305\/revisions"}],"predecessor-version":[{"id":6308,"href":"https:\/\/blogs.diariovasco.com\/apartirdelos50\/wp-json\/wp\/v2\/posts\/6305\/revisions\/6308"}],"wp:attachment":[{"href":"https:\/\/blogs.diariovasco.com\/apartirdelos50\/wp-json\/wp\/v2\/media?parent=6305"}],"wp:term":[{"taxonomy":"category","embeddable":true,"href":"https:\/\/blogs.diariovasco.com\/apartirdelos50\/wp-json\/wp\/v2\/categories?post=6305"},{"taxonomy":"post_tag","embeddable":true,"href":"https:\/\/blogs.diariovasco.com\/apartirdelos50\/wp-json\/wp\/v2\/tags?post=6305"}],"curies":[{"name":"wp","href":"https:\/\/api.w.org\/{rel}","templated":true}]}}