{"id":6381,"date":"2019-09-03T07:33:33","date_gmt":"2019-09-03T06:33:33","guid":{"rendered":"https:\/\/blogs.diariovasco.com\/apartirdelos50\/?p=6381"},"modified":"2019-09-02T18:18:27","modified_gmt":"2019-09-02T17:18:27","slug":"septiembre-el-mes-diferente","status":"publish","type":"post","link":"https:\/\/blogs.diariovasco.com\/apartirdelos50\/2019\/09\/03\/septiembre-el-mes-diferente\/","title":{"rendered":"Septiembre, el mes diferente"},"content":{"rendered":"<p><a href=\"https:\/\/static-blogs.diariovasco.com\/wp-content\/uploads\/sites\/19\/2019\/09\/A-Septiembre.png\"><img loading=\"lazy\" class=\"aligncenter size-full wp-image-6383\" src=\"https:\/\/static-blogs.diariovasco.com\/wp-content\/uploads\/sites\/19\/2019\/09\/A-Septiembre.png\" alt=\"a-septiembre\" width=\"630\" height=\"352\" srcset=\"https:\/\/static-blogs.diariovasco.com\/wp-content\/uploads\/sites\/19\/2019\/09\/A-Septiembre.png 630w, https:\/\/static-blogs.diariovasco.com\/wp-content\/uploads\/sites\/19\/2019\/09\/A-Septiembre-300x168.png 300w\" sizes=\"(max-width: 630px) 100vw, 630px\" \/><\/a><\/p>\n<p><strong>De ni\u00f1a y adolescente, odiaba el mes de septiembre. Supongo que era porque odiaba la rutina disciplinaria de madrugar, ir al colegio, volver del colegio, hacer los deberes, cenar todas las noches lo mismo, acostarme pronto para recuperar las fuerzas (que no la ilusi\u00f3n) y vuelta a empezar al d\u00eda siguiente. Nueve meses como losas en el calendario hasta que junio volviera, como todos los a\u00f1os, a rescatarme.<\/strong><\/p>\n<p>Esa supuesta \u201cilusi\u00f3n\u201d de reencontrar a las compa\u00f1eras de clase \u2013la mayor\u00eda insoportablemente alineadas y alienadas-, ese temor \u2013casi siempre certero- de que monjas y profesores seguir\u00edan ese curso igual de poco felices que el anterior y lo pagar\u00edan con quien a mano estuviera, mayormente una alumna rebelde o una sumisa. Septiembre de uniforme a estrenar o con el dobladillo absurdamente largo o rid\u00edculamente corto. Forrando los libros con un hosco papel azul tinta, sin que estuviera de moda todav\u00eda que te compraran una cartera nueva o un estuche con sus l\u00e1pices Alpino \u2013para eso hab\u00eda que esperar a los Reyes y as\u00ed se mataban dos p\u00e1jaros de un tiro. Septiembre donde dejaba de ser \u201cCeci\u201d para convertirme en \u201cCasado\u201d.<\/p>\n<p><strong>Cuarenta o cincuenta a\u00f1os despu\u00e9s creo que no hemos cambiado demasiado excepto en las posibilidades consumistas que en los a\u00f1os sesenta estaban gest\u00e1ndose y ahora est\u00e1n ya medio moribundas. Antes hab\u00eda poco dinero y ahora la pescadilla se muerde la cola.<\/strong><\/p>\n<p>Pero no quiero escribir un post de a\u00f1oranzas o lamentos nost\u00e1lgicos sino compartir la idea de que, cada a\u00f1o, cada nuevo mes de Septiembre, <em>\u201cempezamos nuevo curso en lo estrictamente personal y emocional\u201d. <\/em><\/p>\n<p><strong>Ahora puede ser el momento para cambiar la rutina de tantos lustros, abrir la puerta a ese sue\u00f1o que pugna por salir, darle un tir\u00f3n a la cuerda invisible que nos ataba a una noria que tan solo existe en nuestra mente y nuestro conformar.<\/strong><\/p>\n<p>Septiembre, el mes de los divorcios por excelencia, -separaciones sentimentales, profesionales, vitales-, un tiempo en que (\u00bfpor qu\u00e9 no?) est\u00e1 abierta la \u201cmatr\u00edcula\u201d para poner en pr\u00e1ctica ilusiones almacenadas, el momento de buscar un sitio, una plaza que lleve nuestro nombre y poder, de una vez por todas, cumplir ese deseo, que no es que estuviera oculto sino relegado por mor de circunstancias, responsabilidades y limitaciones.<\/p>\n<p><strong>Septiembre es un folio \u2013qu\u00e9 digo un folio, una resma entera- en blanco donde empezar despacio y con buena letra a escribir la etapa de la calma, el momento largu\u00edsimo de la lucidez, el tiempo irremediable de volver a la casilla de salida pasando por la postal de palmeras y mar azul o reposando en una <em>suite de Bach.<\/em><\/strong><\/p>\n<p>Con m\u00e1s de cincuenta a\u00f1os, con los sesenta cumplidos, con la jubilaci\u00f3n llamando a la puerta \u2013o dentro ya de la casa interior-, Septiembre nos abre sus brazos.<\/p>\n<p><strong>Nunca habr\u00e1 otro mes como este. Ni un d\u00eda como el de hoy para tomar decisiones, comprar un billete o escribir una carta de amor\u2026o de despedida.<\/strong><\/p>\n<p>Para este \u201cnuevo curso\u201d voy a intentar que sea \u201cnuevo\u201d lo m\u00e1s posible. Empezando por m\u00ed misma, sin ir m\u00e1s lejos. Tengo muchas ideas danzando entre mi coraz\u00f3n y mi mente.<\/p>\n<p>Felices los felices.<\/p>\n<p>LaAlquimista<\/p>\n<p><a href=\"https:\/\/www.facebook.com\/laalquimistaapartirdelos50\/\" rel=\"external nofollow\">https:\/\/www.facebook.com\/laalquimistaapartirdelos50\/<\/a><\/p>\n<p>Por si alguien desea contactar:<\/p>\n<p>apartirdeloscincuenta@gmail.com<\/p>\n<!-- AddThis Advanced Settings generic via filter on the_content --><!-- AddThis Share Buttons generic via filter on the_content -->","protected":false},"excerpt":{"rendered":"<p>De ni\u00f1a y adolescente, odiaba el mes de septiembre. Supongo que era porque odiaba la rutina disciplinaria de madrugar, ir al colegio, volver del colegio, hacer los deberes, cenar todas las noches lo mismo, acostarme pronto para recuperar las fuerzas (que no la ilusi\u00f3n) y vuelta a empezar al d\u00eda siguiente. Nueve meses como losas [&hellip;]<!-- AddThis Advanced Settings generic via filter on get_the_excerpt --><!-- AddThis Share Buttons generic via filter on get_the_excerpt --><\/p>\n","protected":false},"author":34,"featured_media":0,"comment_status":"open","ping_status":"closed","sticky":false,"template":"","format":"standard","meta":[],"categories":[9,2],"tags":[491,489,490],"_links":{"self":[{"href":"https:\/\/blogs.diariovasco.com\/apartirdelos50\/wp-json\/wp\/v2\/posts\/6381"}],"collection":[{"href":"https:\/\/blogs.diariovasco.com\/apartirdelos50\/wp-json\/wp\/v2\/posts"}],"about":[{"href":"https:\/\/blogs.diariovasco.com\/apartirdelos50\/wp-json\/wp\/v2\/types\/post"}],"author":[{"embeddable":true,"href":"https:\/\/blogs.diariovasco.com\/apartirdelos50\/wp-json\/wp\/v2\/users\/34"}],"replies":[{"embeddable":true,"href":"https:\/\/blogs.diariovasco.com\/apartirdelos50\/wp-json\/wp\/v2\/comments?post=6381"}],"version-history":[{"count":3,"href":"https:\/\/blogs.diariovasco.com\/apartirdelos50\/wp-json\/wp\/v2\/posts\/6381\/revisions"}],"predecessor-version":[{"id":6385,"href":"https:\/\/blogs.diariovasco.com\/apartirdelos50\/wp-json\/wp\/v2\/posts\/6381\/revisions\/6385"}],"wp:attachment":[{"href":"https:\/\/blogs.diariovasco.com\/apartirdelos50\/wp-json\/wp\/v2\/media?parent=6381"}],"wp:term":[{"taxonomy":"category","embeddable":true,"href":"https:\/\/blogs.diariovasco.com\/apartirdelos50\/wp-json\/wp\/v2\/categories?post=6381"},{"taxonomy":"post_tag","embeddable":true,"href":"https:\/\/blogs.diariovasco.com\/apartirdelos50\/wp-json\/wp\/v2\/tags?post=6381"}],"curies":[{"name":"wp","href":"https:\/\/api.w.org\/{rel}","templated":true}]}}