{"id":6399,"date":"2019-09-24T06:22:09","date_gmt":"2019-09-24T05:22:09","guid":{"rendered":"https:\/\/blogs.diariovasco.com\/apartirdelos50\/?p=6399"},"modified":"2019-09-24T06:23:53","modified_gmt":"2019-09-24T05:23:53","slug":"poco-fundamento","status":"publish","type":"post","link":"https:\/\/blogs.diariovasco.com\/apartirdelos50\/2019\/09\/24\/poco-fundamento\/","title":{"rendered":"Poco fundamento"},"content":{"rendered":"<p><a href=\"https:\/\/static-blogs.diariovasco.com\/wp-content\/uploads\/sites\/19\/2019\/09\/sin-fundamento.jpg\"><img loading=\"lazy\" class=\"aligncenter size-full wp-image-6401\" src=\"https:\/\/static-blogs.diariovasco.com\/wp-content\/uploads\/sites\/19\/2019\/09\/sin-fundamento.jpg\" alt=\"sin-fundamento\" width=\"450\" height=\"600\" srcset=\"https:\/\/static-blogs.diariovasco.com\/wp-content\/uploads\/sites\/19\/2019\/09\/sin-fundamento.jpg 450w, https:\/\/static-blogs.diariovasco.com\/wp-content\/uploads\/sites\/19\/2019\/09\/sin-fundamento-225x300.jpg 225w\" sizes=\"(max-width: 450px) 100vw, 450px\" \/><\/a><\/p>\n<p><strong>Como buena hija de mi generaci\u00f3n me metieron en vena todos los principios religiosos, morales, \u00e9ticos y sociales que imperaban en los a\u00f1os 60\/70 del siglo pasado. As\u00ed que con el paso de los lustros he tenido que ir poni\u00e9ndome al d\u00eda y adaptar mi mente y mi criterio a la inevitable evoluci\u00f3n de costumbres y paradigmas. Algunos temas los he superado \u201ccon nota\u201d y otros se me han quedado atascados.<\/strong><\/p>\n<p>Como por ejemplo, lo de tener \u201c<span style=\"text-decoration: underline;\"><em>fundamento<\/em><\/span>\u201d. Que es algo que va con mi personalidad adem\u00e1s de ser una norma t\u00e1cita de comportamiento de la que todos deber\u00edamos hacer gala.<\/p>\n<p><strong>Desde mi \u201carquitectura\u201d personal, entiendo que el fundamento es la base de todas las cosas, esos cimientos sobre los que se sustentan edificios y vidas, puentes y trayectorias. Sin fundamento no hay relaci\u00f3n que se mantenga en lo profesional, lo emocional o incluso en lo social. Eso lo sabemos todos aunque muchas veces disimulemos y hagamos la vista gorda cuando alguien falta a su palabra o sobre todo cuando somos nosotros mismos los que nos hacemos los locos. (Ya no se debe decir \u201chacerse el sueco\u201d que queda feo.)<\/strong><\/p>\n<p>Lejos de ponerme trascendental con el tema, lo derivar\u00e9 a su parte m\u00e1s liviana y superficial, aquella en la que nos dejamos llevar por el ego\u00edsmo de un viento que nos sopla a favor y decidimos dejar en puerto a quienes tambi\u00e9n ten\u00edan billete para la traves\u00eda.<\/p>\n<p><strong>\u00a1C\u00f3mo me puede llegar a fastidiar que alguien me diga una cosa \u2013que me tomo en serio- y luego se le olvide porque le ha quitado importancia! O cuando me dicen: \u201c<em>te llamo el lunes y te confirmo<\/em>\u201d y llega el lunes y nada de nada y yo todo el d\u00eda pendiente del tel\u00e9fono hasta que se va formando una peque\u00f1a bola de ansiedad que no me hace ning\u00fan bien.<\/strong><\/p>\n<p>Entonces \u2013el martes- soy yo la que llamo y pregunto qu\u00e9 pasa y si me dicen que nada, que qu\u00e9 va a pasar y me doy cuenta de que hemos estado emitiendo en diferente longitud de onda, pienso que qu\u00e9 poco fundamento tenemos las personas cuando prometemos, cuando ofrecemos, cuando \u00a0despertamos en los dem\u00e1s ilusiones que estaban dormidas\u2026<\/p>\n<p><strong><a href=\"https:\/\/static-blogs.diariovasco.com\/wp-content\/uploads\/sites\/19\/2019\/07\/A-partir-de-los-50-2.jpg\"><img loading=\"lazy\" class=\"alignleft size-medium wp-image-6284\" src=\"https:\/\/static-blogs.diariovasco.com\/wp-content\/uploads\/sites\/19\/2019\/07\/A-partir-de-los-50-2-300x300.jpg\" alt=\"a-partir-de-los-50-2\" width=\"300\" height=\"300\" srcset=\"https:\/\/static-blogs.diariovasco.com\/wp-content\/uploads\/sites\/19\/2019\/07\/A-partir-de-los-50-2-300x300.jpg 300w, https:\/\/static-blogs.diariovasco.com\/wp-content\/uploads\/sites\/19\/2019\/07\/A-partir-de-los-50-2-150x150.jpg 150w, https:\/\/static-blogs.diariovasco.com\/wp-content\/uploads\/sites\/19\/2019\/07\/A-partir-de-los-50-2.jpg 423w\" sizes=\"(max-width: 300px) 100vw, 300px\" \/><\/a>Soy muy de decir las cosas, me gusta llamarlas por su nombre; el polvo debajo de la alfombra no se me acumula. Y lo curioso es que cuando pregunto, a veces hay enfrente esa persona tranquila que a todo o casi todo le resta importancia marcando la distancia entre quien se toma la vida en serio \u2013yo- y quien piensa que la vida es un tango.<\/strong><\/p>\n<p>Ya somos otra vez dos bandos: quienes reniegan de compromisos y de la palabra dada y los que consideramos sagrada (m\u00e1s o menos) la que hemos dado. Nunca nos vamos a entender excepto que cambiemos el \u201cfundamento\u201d de las relaciones.<\/p>\n<p><strong>Y eso es algo tan personal e intransferible como la tarjetita de pl\u00e1stico que nos identifica como lo que somos: ciudadanos todos iguales aunque nos fastidie y siempre estemos pensando en c\u00f3mo diferenciarnos del vecino. A veces, la \u00fanica manera de discrepar es perder el \u201cfundamento\u201d\u2026<\/strong><\/p>\n<p>Felices los felices.<\/p>\n<p>LaAlquimista<\/p>\n<p><a href=\"https:\/\/www.facebook.com\/laalquimistaapartirdelos50\/\" rel=\"external nofollow\">https:\/\/www.facebook.com\/laalquimistaapartirdelos50\/<\/a><\/p>\n<p>Por si alguien desea contactar:<\/p>\n<p>apartirdeloscincuenta@gmail.com<\/p>\n<!-- AddThis Advanced Settings generic via filter on the_content --><!-- AddThis Share Buttons generic via filter on the_content -->","protected":false},"excerpt":{"rendered":"<p>Como buena hija de mi generaci\u00f3n me metieron en vena todos los principios religiosos, morales, \u00e9ticos y sociales que imperaban en los a\u00f1os 60\/70 del siglo pasado. As\u00ed que con el paso de los lustros he tenido que ir poni\u00e9ndome al d\u00eda y adaptar mi mente y mi criterio a la inevitable evoluci\u00f3n de costumbres [&hellip;]<!-- AddThis Advanced Settings generic via filter on get_the_excerpt --><!-- AddThis Share Buttons generic via filter on get_the_excerpt --><\/p>\n","protected":false},"author":34,"featured_media":0,"comment_status":"open","ping_status":"closed","sticky":false,"template":"","format":"standard","meta":[],"categories":[9,2],"tags":[496,497,498],"_links":{"self":[{"href":"https:\/\/blogs.diariovasco.com\/apartirdelos50\/wp-json\/wp\/v2\/posts\/6399"}],"collection":[{"href":"https:\/\/blogs.diariovasco.com\/apartirdelos50\/wp-json\/wp\/v2\/posts"}],"about":[{"href":"https:\/\/blogs.diariovasco.com\/apartirdelos50\/wp-json\/wp\/v2\/types\/post"}],"author":[{"embeddable":true,"href":"https:\/\/blogs.diariovasco.com\/apartirdelos50\/wp-json\/wp\/v2\/users\/34"}],"replies":[{"embeddable":true,"href":"https:\/\/blogs.diariovasco.com\/apartirdelos50\/wp-json\/wp\/v2\/comments?post=6399"}],"version-history":[{"count":3,"href":"https:\/\/blogs.diariovasco.com\/apartirdelos50\/wp-json\/wp\/v2\/posts\/6399\/revisions"}],"predecessor-version":[{"id":6403,"href":"https:\/\/blogs.diariovasco.com\/apartirdelos50\/wp-json\/wp\/v2\/posts\/6399\/revisions\/6403"}],"wp:attachment":[{"href":"https:\/\/blogs.diariovasco.com\/apartirdelos50\/wp-json\/wp\/v2\/media?parent=6399"}],"wp:term":[{"taxonomy":"category","embeddable":true,"href":"https:\/\/blogs.diariovasco.com\/apartirdelos50\/wp-json\/wp\/v2\/categories?post=6399"},{"taxonomy":"post_tag","embeddable":true,"href":"https:\/\/blogs.diariovasco.com\/apartirdelos50\/wp-json\/wp\/v2\/tags?post=6399"}],"curies":[{"name":"wp","href":"https:\/\/api.w.org\/{rel}","templated":true}]}}