{"id":6417,"date":"2019-09-27T07:07:47","date_gmt":"2019-09-27T06:07:47","guid":{"rendered":"https:\/\/blogs.diariovasco.com\/apartirdelos50\/?p=6417"},"modified":"2019-09-27T07:07:30","modified_gmt":"2019-09-27T06:07:30","slug":"6417","status":"publish","type":"post","link":"https:\/\/blogs.diariovasco.com\/apartirdelos50\/2019\/09\/27\/6417\/","title":{"rendered":"\u00daltima carta de amor"},"content":{"rendered":"<p><a href=\"https:\/\/static-blogs.diariovasco.com\/wp-content\/uploads\/sites\/19\/2019\/09\/A-ELUR-1.jpeg\"><img loading=\"lazy\" class=\"aligncenter size-full wp-image-6420\" src=\"https:\/\/static-blogs.diariovasco.com\/wp-content\/uploads\/sites\/19\/2019\/09\/A-ELUR-1.jpeg\" alt=\"\" width=\"552\" height=\"520\" srcset=\"https:\/\/static-blogs.diariovasco.com\/wp-content\/uploads\/sites\/19\/2019\/09\/A-ELUR-1.jpeg 552w, https:\/\/static-blogs.diariovasco.com\/wp-content\/uploads\/sites\/19\/2019\/09\/A-ELUR-1-300x283.jpeg 300w\" sizes=\"(max-width: 552px) 100vw, 552px\" \/><\/a><\/p>\n<p><strong>Desde que duermo contigo me despierto al alba y aprovecho el momento de silencio negro para escuchar tu respiraci\u00f3n, tan agitada \u00faltimamente. Sin necesidad de encender la luz s\u00e9 que t\u00fa tambi\u00e9n has abierto los ojos \u2013es una sensaci\u00f3n inefable pero certera- y que ya estamos otra vez en marcha, dispuestos a afrontar un nuevo d\u00eda.<\/strong><\/p>\n<p><a href=\"https:\/\/static-blogs.diariovasco.com\/wp-content\/uploads\/sites\/19\/2019\/09\/Elur-y-el-m\u00f3vil.jpg\"><img loading=\"lazy\" class=\"alignright size-medium wp-image-6421\" src=\"https:\/\/static-blogs.diariovasco.com\/wp-content\/uploads\/sites\/19\/2019\/09\/Elur-y-el-m\u00f3vil-225x300.jpg\" alt=\"\" width=\"225\" height=\"300\" srcset=\"https:\/\/static-blogs.diariovasco.com\/wp-content\/uploads\/sites\/19\/2019\/09\/Elur-y-el-m\u00f3vil-225x300.jpg 225w, https:\/\/static-blogs.diariovasco.com\/wp-content\/uploads\/sites\/19\/2019\/09\/Elur-y-el-m\u00f3vil.jpg 479w\" sizes=\"(max-width: 225px) 100vw, 225px\" \/><\/a>No han sido buenos tiempos para la l\u00edrica estos \u00faltimos meses as\u00ed que me he dedicado (en el blog) a filosofar y echar balones fuera por no hablar de lo que realmente mueve la tierra bajo mis pies: nuestro mutuo amor y tu enfermedad.<\/p>\n<p>Siempre supe que la segunda ganar\u00eda la batalla, que ya la tiene ganada y ahora s\u00e9 que cuando se publiquen estas l\u00edneas t\u00fa y yo estaremos compartiendo el momento m\u00e1s \u00edntimo que pueden vivir dos seres vivos: el tr\u00e1nsito de la vida a la muerte que aunque sepamos que es la misma cosa, duele.<\/p>\n<p><strong><a href=\"https:\/\/static-blogs.diariovasco.com\/wp-content\/uploads\/sites\/19\/2019\/09\/Elur-y-Cecilia-Abril.jpg\"><img loading=\"lazy\" class=\"alignleft size-medium wp-image-6422\" src=\"https:\/\/static-blogs.diariovasco.com\/wp-content\/uploads\/sites\/19\/2019\/09\/Elur-y-Cecilia-Abril-241x300.jpg\" alt=\"\" width=\"241\" height=\"300\" srcset=\"https:\/\/static-blogs.diariovasco.com\/wp-content\/uploads\/sites\/19\/2019\/09\/Elur-y-Cecilia-Abril-241x300.jpg 241w, https:\/\/static-blogs.diariovasco.com\/wp-content\/uploads\/sites\/19\/2019\/09\/Elur-y-Cecilia-Abril.jpg 455w\" sizes=\"(max-width: 241px) 100vw, 241px\" \/><\/a>Hoy 27 de Septiembre comienza tu camino hacia el cielo donde van todos los perritos buenos y los animales inocentes, que son todos, sin excepci\u00f3n.<\/strong><\/p>\n<p>Sin embargo, nuestro tiempo no ha llegado a su fin, en absoluto, porque s\u00e9 que los amores limpios perduran en el coraz\u00f3n de quienes los han vivido: son inmutables, imperecederos, m\u00e1gicamente infinitos.<\/p>\n<p>&nbsp;<\/p>\n<p><strong>Curiosamente, y a pesar de mi poco domado car\u00e1cter, siempre nos hemos entendido: t\u00fa con tu genio y yo con el m\u00edo, t\u00fa con tus mimos y yo con la necesidad de dar y recibir, regalar y compartir.<\/strong><\/p>\n<p><a href=\"https:\/\/static-blogs.diariovasco.com\/wp-content\/uploads\/sites\/19\/2019\/09\/A-Elur-cuadro.jpeg\"><img loading=\"lazy\" class=\"alignright size-medium wp-image-6423\" src=\"https:\/\/static-blogs.diariovasco.com\/wp-content\/uploads\/sites\/19\/2019\/09\/A-Elur-cuadro-225x300.jpeg\" alt=\"\" width=\"225\" height=\"300\" srcset=\"https:\/\/static-blogs.diariovasco.com\/wp-content\/uploads\/sites\/19\/2019\/09\/A-Elur-cuadro-225x300.jpeg 225w, https:\/\/static-blogs.diariovasco.com\/wp-content\/uploads\/sites\/19\/2019\/09\/A-Elur-cuadro.jpeg 416w\" sizes=\"(max-width: 225px) 100vw, 225px\" \/><\/a>Dicen que los perros acaban pareci\u00e9ndose a sus \u201cdue\u00f1os\u201d, pero en este caso voy a declarar que soy YO la que he ido pareci\u00e9ndome a ti, una especie de metamorfosis invisible para el mundo, pero m\u00e1s que evidente para m\u00ed misma.<\/p>\n<p>Gracias a tu humilde paciencia he aprendido a ser m\u00e1s paciente con los fallos propios y ajenos. Por tu ilusionado recibimiento cada vez que volv\u00eda a casa aprend\u00ed a valorar a quien nos espera con cari\u00f1o. \u00a1C\u00f3mo olvidar nuestras divertid\u00edsimas \u201cconversaciones\u201d en las que t\u00fa ladrabas, yo te respond\u00eda con rid\u00edculos ladridos y acab\u00e1bamos los dos tirados en el suelo jadeando de la risa!<\/p>\n<p><strong>Comprend\u00ed tu idioma a la vez que t\u00fa aprendiste \u201cceciliano\u201d. Nos entend\u00edamos perfectamente en lenguaje de signos, de miradas, de silencios, de complicidad\u2026<\/strong><\/p>\n<p><a href=\"https:\/\/static-blogs.diariovasco.com\/wp-content\/uploads\/sites\/19\/2019\/09\/Elur-2012.jpg\"><img loading=\"lazy\" class=\"alignleft size-medium wp-image-6424\" src=\"https:\/\/static-blogs.diariovasco.com\/wp-content\/uploads\/sites\/19\/2019\/09\/Elur-2012-225x300.jpg\" alt=\"\" width=\"225\" height=\"300\" srcset=\"https:\/\/static-blogs.diariovasco.com\/wp-content\/uploads\/sites\/19\/2019\/09\/Elur-2012-225x300.jpg 225w, https:\/\/static-blogs.diariovasco.com\/wp-content\/uploads\/sites\/19\/2019\/09\/Elur-2012.jpg 296w\" sizes=\"(max-width: 225px) 100vw, 225px\" \/><\/a>Has viajado conmigo todos los a\u00f1os al \u201cotro mar\u201d y si bien te dej\u00e9 al cuidado de buena gente cuando me iba con la maleta y el pasaporte a sitios lejanos, siempre disfrut\u00e1bamos del reencuentro sin reproches, con la sana alegr\u00eda de quien sabe quererse sin apegos.<\/p>\n<p><strong>\u00danicamente tengo cosas que agradecerte, ning\u00fan mal recuerdo va a asaltar mi mente ni se va a instalar en mi coraz\u00f3n despu\u00e9s de estos largos a\u00f1os de vida compartida. Lo que me inspiras es mucho m\u00e1s limpio y puro que lo que me han inspirado (y yo he prodigado) a otros seres humanos.<\/strong><\/p>\n<p>Esta ma\u00f1ana iremos por \u00faltima vez donde los veterinarios cari\u00f1osos y competentes que tan bien han tratado tu dolencia degenerativa desde hace ya seis largos a\u00f1os. Has tomado mucha cortisona y antibi\u00f3ticos, pero s\u00e9 que hemos compensado todo esto con cari\u00f1o, mimos, paseos por el monte y arroz con carne picada.<\/p>\n<p><a href=\"https:\/\/static-blogs.diariovasco.com\/wp-content\/uploads\/sites\/19\/2019\/09\/A-Elur-2.jpg\"><img loading=\"lazy\" class=\"alignright size-medium wp-image-6425\" src=\"https:\/\/static-blogs.diariovasco.com\/wp-content\/uploads\/sites\/19\/2019\/09\/A-Elur-2-225x300.jpg\" alt=\"\" width=\"225\" height=\"300\" srcset=\"https:\/\/static-blogs.diariovasco.com\/wp-content\/uploads\/sites\/19\/2019\/09\/A-Elur-2-225x300.jpg 225w, https:\/\/static-blogs.diariovasco.com\/wp-content\/uploads\/sites\/19\/2019\/09\/A-Elur-2.jpg 528w\" sizes=\"(max-width: 225px) 100vw, 225px\" \/><\/a><strong>Elur, abandonas tu peque\u00f1o cuerpecillo pero dejas en el recuerdo de TODOS quienes te han conocido una sonrisa llena de cari\u00f1o. \u00a1Quien te ha conocido te ha querido!, ya quisiera yo poder decir eso de mi persona\u2026<\/strong><\/p>\n<p>S\u00e9 que voy a llorar porque soy una sentimental y nunca he constre\u00f1ido mis emociones, pero hoy estoy fuerte haciendo este peque\u00f1o homenaje p\u00fablico no solamente a mi perrillo ELUR, sino a todos los animales de compa\u00f1\u00eda que, con su cari\u00f1o, fidelidad y buen humor, han hecho que nuestras vidas humanas sean mucho m\u00e1s felices.<\/p>\n<p><strong>Gracias por siempre, mi perrito guapo.<\/strong><\/p>\n<p><em>(Y gracias de coraz\u00f3n a todas las personas que han transitado con Elur y conmigo el duro camino de su enfermedad, regal\u00e1ndonos su cari\u00f1o y entrega. Amanda y Xixili, Francisca, Marimoto y Marian, Joserra y Jesus, Karmen y Arantza, Alex y Peio.Y Javier y Roberto, los buenos veterinarios. E Isabel, que ha estado a nuestro lado en el momento final.) (Menuda esquela me ha salido, pido disculpas si me olvido de alguien&#8230;porque \u00a1han sido tantos!)<\/em><\/p>\n<p>Cecilia<\/p>\n<p><a href=\"https:\/\/www.facebook.com\/laalquimistaapartirdelos50\/\" rel=\"external nofollow\">https:\/\/www.facebook.com\/laalquimistaapartirdelos50\/<\/a><\/p>\n<p>Fotos: Propiedad de Cecilia Casado<\/p>\n<p>Por si alguien desea contactar:<\/p>\n<p>apartirdeloscincuenta@gmail.com<\/p>\n<p>&nbsp;<\/p>\n<p>&nbsp;<\/p>\n<!-- AddThis Advanced Settings generic via filter on the_content --><!-- AddThis Share Buttons generic via filter on the_content -->","protected":false},"excerpt":{"rendered":"<p>Desde que duermo contigo me despierto al alba y aprovecho el momento de silencio negro para escuchar tu respiraci\u00f3n, tan agitada \u00faltimamente. Sin necesidad de encender la luz s\u00e9 que t\u00fa tambi\u00e9n has abierto los ojos \u2013es una sensaci\u00f3n inefable pero certera- y que ya estamos otra vez en marcha, dispuestos a afrontar un nuevo [&hellip;]<!-- AddThis Advanced Settings generic via filter on get_the_excerpt --><!-- AddThis Share Buttons generic via filter on get_the_excerpt --><\/p>\n","protected":false},"author":34,"featured_media":0,"comment_status":"open","ping_status":"closed","sticky":false,"template":"","format":"standard","meta":[],"categories":[19,2],"tags":[506,507,504,505],"_links":{"self":[{"href":"https:\/\/blogs.diariovasco.com\/apartirdelos50\/wp-json\/wp\/v2\/posts\/6417"}],"collection":[{"href":"https:\/\/blogs.diariovasco.com\/apartirdelos50\/wp-json\/wp\/v2\/posts"}],"about":[{"href":"https:\/\/blogs.diariovasco.com\/apartirdelos50\/wp-json\/wp\/v2\/types\/post"}],"author":[{"embeddable":true,"href":"https:\/\/blogs.diariovasco.com\/apartirdelos50\/wp-json\/wp\/v2\/users\/34"}],"replies":[{"embeddable":true,"href":"https:\/\/blogs.diariovasco.com\/apartirdelos50\/wp-json\/wp\/v2\/comments?post=6417"}],"version-history":[{"count":3,"href":"https:\/\/blogs.diariovasco.com\/apartirdelos50\/wp-json\/wp\/v2\/posts\/6417\/revisions"}],"predecessor-version":[{"id":6426,"href":"https:\/\/blogs.diariovasco.com\/apartirdelos50\/wp-json\/wp\/v2\/posts\/6417\/revisions\/6426"}],"wp:attachment":[{"href":"https:\/\/blogs.diariovasco.com\/apartirdelos50\/wp-json\/wp\/v2\/media?parent=6417"}],"wp:term":[{"taxonomy":"category","embeddable":true,"href":"https:\/\/blogs.diariovasco.com\/apartirdelos50\/wp-json\/wp\/v2\/categories?post=6417"},{"taxonomy":"post_tag","embeddable":true,"href":"https:\/\/blogs.diariovasco.com\/apartirdelos50\/wp-json\/wp\/v2\/tags?post=6417"}],"curies":[{"name":"wp","href":"https:\/\/api.w.org\/{rel}","templated":true}]}}