{"id":6438,"date":"2019-10-04T07:00:54","date_gmt":"2019-10-04T06:00:54","guid":{"rendered":"https:\/\/blogs.diariovasco.com\/apartirdelos50\/?p=6438"},"modified":"2019-10-04T07:13:52","modified_gmt":"2019-10-04T06:13:52","slug":"tiempo-muerto","status":"publish","type":"post","link":"https:\/\/blogs.diariovasco.com\/apartirdelos50\/2019\/10\/04\/tiempo-muerto\/","title":{"rendered":"Tiempo muerto"},"content":{"rendered":"<p><a href=\"https:\/\/static-blogs.diariovasco.com\/wp-content\/uploads\/sites\/19\/2019\/10\/Cambrils-Amanecer-BN2.jpg\"><img loading=\"lazy\" class=\"aligncenter size-full wp-image-6440\" src=\"https:\/\/static-blogs.diariovasco.com\/wp-content\/uploads\/sites\/19\/2019\/10\/Cambrils-Amanecer-BN2.jpg\" alt=\"\" width=\"704\" height=\"528\" srcset=\"https:\/\/static-blogs.diariovasco.com\/wp-content\/uploads\/sites\/19\/2019\/10\/Cambrils-Amanecer-BN2.jpg 704w, https:\/\/static-blogs.diariovasco.com\/wp-content\/uploads\/sites\/19\/2019\/10\/Cambrils-Amanecer-BN2-300x225.jpg 300w\" sizes=\"(max-width: 704px) 100vw, 704px\" \/><\/a><\/p>\n<p><strong>He limpiado la casa de arriba abajo borrando el rastro f\u00edsico acumulado durante ocho a\u00f1os por mi perrillo, Elur, dormido para siempre desde el pasado 27 de Septiembre. \u00a1Qu\u00e9 pocas cosas necesitaba! En un pisp\u00e1s el parquet fregado, el cochecito guardado (a la espera de que alguien lo quiera aprovechar), sus apa\u00f1os en la basura. Igual que cuando muere un ser humano y hay que vaciar armarios, limpiar rastros emocionalmente dolorosos, invadir su intimidad de manera p\u00f3stuma.<\/strong><\/p>\n<p>Sus fotos me dulcifican el \u00e1nimo tanto como la vista -junto con las de mi amada familia- y un \u00f3leo pintado por m\u00ed detiene el tiempo desde la pared del sal\u00f3n. El resto, todo lo bueno compartido, queda almacenado en la memoria del coraz\u00f3n. Las l\u00e1grimas se resisten, no s\u00e9 a qu\u00e9 esperan, supongo que hay que dejar las paredes respirar, que el aire de la casa se regenere, es tanta la energ\u00eda que vamos depositando donde vivimos. Ser\u00e1 por eso que no puedo dormir ni descansar bien por las noches; siento la presencia del perrillo de una manera perturbadora. Dicen que es normal, que ya se pasar\u00e1, pero mientras tanto me voy sintiendo mal f\u00edsicamente, se me cierra el est\u00f3mago -\u00a1qu\u00e9 tiene que pasar para que yo deje de comer con lo que me gusta!- y salgo a la calle desorientada: me falta la correa amparando mi mano.<\/p>\n<p><strong>Mis amigas quieren ayudarme, protegerme, reintegrarme a las rutinas y hacer que me distraiga: me ofrecen mucho cari\u00f1o y arrobas de empat\u00eda. As\u00ed que llevo unos d\u00edas \u201cfren\u00e9ticos\u201d de ir de aqu\u00ed para all\u00e1 \u2013hospital incluido donde mi madre lleva ingresada m\u00e1s de dos semanas con una enfermedad degenerativa. No duermo. Apenas como. Ni siquiera puedo leer con fundamento el nuevo libro regalo de mi amiga Cris: \u201cEl colgajo\u201d de Philippe Lan\u00e7on. Miro una serie y me aburro. Hablo demasiado por tel\u00e9fono. No estoy ni nerviosa ni tranquila, simplemente, me he desubicado.<\/strong><\/p>\n<p>\u00bfQu\u00e9 necesito en estos momentos; un hombro sobre el que apoyarme y llorar? Definitivamente, no. Quiero los m\u00edos, mis hombros, mis brazos y abrazos, que me corte el aire el llanto y me enfr\u00ede el viento la mente recalentada. Quiero silencio y espacio libre: verde a ser posible.<\/p>\n<p><strong>Son casi las cuatro de la ma\u00f1ana y me viene la lucidez del insomnio, esa hora odiosa del \u201ctiempo muerto\u201d en la que tan s\u00f3lo tiene cabida la tristeza o el amor. Espero ansiosa unas horas m\u00e1s y hago una llamada. Hay sitio. Busco las botas de monte, recupero el anorak y las sudaderas tanto tiempo dormidas porque Elur ya no pod\u00eda corretear por el campo y nuestras salidas a la naturaleza no iban m\u00e1s all\u00e1 de un bosquecillo cercano y los parques citadinos.<\/strong><\/p>\n<p>Ha llovido esta noche y mi coche reluce; yo tambi\u00e9n siento que me he lavado un poco por dentro. En una hora escasa estar\u00e9 en plena naturaleza, a los pies de un bello monte, cerca de la gran sierra de Urbasa. En una casita de madera en un camping ya en deliciosa temporada baja.<\/p>\n<p><strong>Mejor que deprimirme o ir a un balneario,-odio las tinas de agua- ni pensar en una semana en un hotel con pulserita. Los bastones de marcha n\u00f3rdica con la punta bien afilada y la soledad en la mochila. Una soledad sonriente, deseada, fruct\u00edfera, amable.<\/strong><\/p>\n<p>Cuando la vida nos zarandea cuesta mucho saber c\u00f3mo actuar. Son situaciones nuevas, no figuran en nuestro &#8220;libro de instrucciones&#8221; y entonces vienen desde fuera a dar consejos, sugerir formas y maneras, opinar lo que a otros les ha hecho bien, pero que a nosotros puede provocarnos m\u00e1s dolor en forma de revulsivo. Supongo que lo m\u00e1s sano y v\u00e1lido es decidir limpiarse cada uno a su manera, como le salga desde adentro y aunque a los dem\u00e1s les parezca extra\u00f1o, raro o intempestivo. Todo es v\u00e1lido excepto ese maldito &#8220;morderse las tripas&#8221; y dejar que la procesi\u00f3n vaya por dentro.<\/p>\n<p>Porque mi perrillo querido ya no est\u00e1 y yo necesito \u201ctiempo muerto\u201d para recomponerme y sentir el \u201ctiempo vivo\u201d que a\u00fan se me regala.<\/p>\n<p>Felices los felices.<\/p>\n<p>LaAlquimista<\/p>\n<p><a href=\"https:\/\/www.facebook.com\/laalquimistaapartirdelos50\/\" rel=\"external nofollow\">https:\/\/www.facebook.com\/laalquimistaapartirdelos50\/<\/a><\/p>\n<p>Por si alguien desea contactar:<\/p>\n<p>apartirdeloscincuenta@gmail.com<\/p>\n<p>*Foto: Cecilia Casado<\/p>\n<!-- AddThis Advanced Settings generic via filter on the_content --><!-- AddThis Share Buttons generic via filter on the_content -->","protected":false},"excerpt":{"rendered":"<p>He limpiado la casa de arriba abajo borrando el rastro f\u00edsico acumulado durante ocho a\u00f1os por mi perrillo, Elur, dormido para siempre desde el pasado 27 de Septiembre. \u00a1Qu\u00e9 pocas cosas necesitaba! En un pisp\u00e1s el parquet fregado, el cochecito guardado (a la espera de que alguien lo quiera aprovechar), sus apa\u00f1os en la basura. [&hellip;]<!-- AddThis Advanced Settings generic via filter on get_the_excerpt --><!-- AddThis Share Buttons generic via filter on get_the_excerpt --><\/p>\n","protected":false},"author":34,"featured_media":0,"comment_status":"open","ping_status":"closed","sticky":false,"template":"","format":"standard","meta":[],"categories":[2],"tags":[510,512,511,374],"_links":{"self":[{"href":"https:\/\/blogs.diariovasco.com\/apartirdelos50\/wp-json\/wp\/v2\/posts\/6438"}],"collection":[{"href":"https:\/\/blogs.diariovasco.com\/apartirdelos50\/wp-json\/wp\/v2\/posts"}],"about":[{"href":"https:\/\/blogs.diariovasco.com\/apartirdelos50\/wp-json\/wp\/v2\/types\/post"}],"author":[{"embeddable":true,"href":"https:\/\/blogs.diariovasco.com\/apartirdelos50\/wp-json\/wp\/v2\/users\/34"}],"replies":[{"embeddable":true,"href":"https:\/\/blogs.diariovasco.com\/apartirdelos50\/wp-json\/wp\/v2\/comments?post=6438"}],"version-history":[{"count":7,"href":"https:\/\/blogs.diariovasco.com\/apartirdelos50\/wp-json\/wp\/v2\/posts\/6438\/revisions"}],"predecessor-version":[{"id":6446,"href":"https:\/\/blogs.diariovasco.com\/apartirdelos50\/wp-json\/wp\/v2\/posts\/6438\/revisions\/6446"}],"wp:attachment":[{"href":"https:\/\/blogs.diariovasco.com\/apartirdelos50\/wp-json\/wp\/v2\/media?parent=6438"}],"wp:term":[{"taxonomy":"category","embeddable":true,"href":"https:\/\/blogs.diariovasco.com\/apartirdelos50\/wp-json\/wp\/v2\/categories?post=6438"},{"taxonomy":"post_tag","embeddable":true,"href":"https:\/\/blogs.diariovasco.com\/apartirdelos50\/wp-json\/wp\/v2\/tags?post=6438"}],"curies":[{"name":"wp","href":"https:\/\/api.w.org\/{rel}","templated":true}]}}