{"id":6447,"date":"2019-10-08T07:50:45","date_gmt":"2019-10-08T06:50:45","guid":{"rendered":"https:\/\/blogs.diariovasco.com\/apartirdelos50\/?p=6447"},"modified":"2019-10-07T17:03:57","modified_gmt":"2019-10-07T16:03:57","slug":"que-duro-es-ser-libre","status":"publish","type":"post","link":"https:\/\/blogs.diariovasco.com\/apartirdelos50\/2019\/10\/08\/que-duro-es-ser-libre\/","title":{"rendered":"\u00a1Qu\u00e9 duro es ser libre!"},"content":{"rendered":"<p><a href=\"https:\/\/static-blogs.diariovasco.com\/wp-content\/uploads\/sites\/19\/2019\/10\/Arbizu-San-Donato-2.jpg\"><img loading=\"lazy\" class=\"aligncenter size-full wp-image-6449\" src=\"https:\/\/static-blogs.diariovasco.com\/wp-content\/uploads\/sites\/19\/2019\/10\/Arbizu-San-Donato-2.jpg\" alt=\"\" width=\"634\" height=\"845\" srcset=\"https:\/\/static-blogs.diariovasco.com\/wp-content\/uploads\/sites\/19\/2019\/10\/Arbizu-San-Donato-2.jpg 634w, https:\/\/static-blogs.diariovasco.com\/wp-content\/uploads\/sites\/19\/2019\/10\/Arbizu-San-Donato-2-225x300.jpg 225w\" sizes=\"(max-width: 634px) 100vw, 634px\" \/><\/a><\/p>\n<p><strong>No, no se me ha ido la pinza al titular este post, le he dado las vueltas suficientes como para haberme convencido de que es una gran verdad que pocas veces nos alcanza.<\/strong><\/p>\n<p>Se nos llena la boca hablando de libertades o de la \u201clibertad\u201d en general, esa utop\u00eda que casi se llega a realizar en cierta parte del mundo \u201ccivilizado\u201d, un concepto demasiadas veces metaf\u00edsico m\u00e1s que tangible, la idea sempiterna de que el ser humano es libre, due\u00f1o de sus actos y todo el etc\u00e9tera que sigue al enunciado de la frase.<\/p>\n<p><strong>Hablo de lo m\u00edo \u2013como siempre- y quiero compartir el estruendo que una especie de martillo pil\u00f3n provoca en mi mente desde que falleci\u00f3 mi perrillo y ya no tengo ataduras que me aten ni obligaciones que me obliguen en el d\u00eda a d\u00eda. Es decir, que en un p\u00f3stumo acto de amor, Elur me ha devuelto la libertad que deposit\u00e9 en sus manos (o patas) hace ocho a\u00f1os, cuando me compromet\u00ed con \u00e9l hasta que la muerte nos separase \u2013preferiblemente la suya por aquello del sentido pr\u00e1ctico de la cosa.<\/strong><\/p>\n<p>Me viene un reg\u00fceldo de iron\u00eda, qu\u00e9 cosas tiene la vida (o la muerte). En vez de llorar la despedida estoy convulsionada por la certidumbre de la realidad: puedo entrar y salir, subir y bajar, hacer o deshacer sin m\u00e1s l\u00edmite que el que me imponga mi cordura o mi deseo.<\/p>\n<p><strong><a href=\"https:\/\/static-blogs.diariovasco.com\/wp-content\/uploads\/sites\/19\/2019\/10\/Arbizu-caba\u00f1a-2.jpg\"><img loading=\"lazy\" class=\"alignleft size-medium wp-image-6451\" src=\"https:\/\/static-blogs.diariovasco.com\/wp-content\/uploads\/sites\/19\/2019\/10\/Arbizu-caba\u00f1a-2-225x300.jpg\" alt=\"\" width=\"225\" height=\"300\" srcset=\"https:\/\/static-blogs.diariovasco.com\/wp-content\/uploads\/sites\/19\/2019\/10\/Arbizu-caba\u00f1a-2-225x300.jpg 225w, https:\/\/static-blogs.diariovasco.com\/wp-content\/uploads\/sites\/19\/2019\/10\/Arbizu-caba\u00f1a-2.jpg 423w\" sizes=\"(max-width: 225px) 100vw, 225px\" \/><\/a>Llevo varios d\u00edas aislada del mundo \u2013literal- en plena naturaleza y sin m\u00e1s contacto humano que el saludo gestual \u2013o ese \u201c<em>iepa<\/em>\u201d asilvestrado- con los paseantes que me cruzo en mi diario desgastar de botas de monte. He venido huyendo del asfalto, del ruido, de todo lo social, queriendo hallar el espacio \u00edntimo y discreto en el que poder llorar o gritar o lo que me salga del coraz\u00f3n.<\/strong><\/p>\n<p>Sin embargo, ni una l\u00e1grima. Hay que ver el pedazo de piedra que se me ha instalado en mitad del pecho. No doy cr\u00e9dito y s\u00ed me siento un poco avergonzadamente culpable. Todo el mundo asaete\u00e1ndome con el duelo de meses de llanto y de angustia cuando han tenido que sacrificar a un querido animal de compa\u00f1\u00eda y yo, m\u00edsera de m\u00ed, lo que siento explotar en mi interior es el grito de que SOY LIBRE.<\/p>\n<p><strong>Ya no me ata ninguna rutina, ni estoy constre\u00f1ida por la obligaci\u00f3n de cuidar a un ser vivo \u2013de dos pies o cuatro patas. Se acab\u00f3 la amorosa cadena que me un\u00eda a otro ser, no por m\u00e1s amorosa menos cadena.<\/strong><\/p>\n<p>\u00a1Qu\u00e9 duro ahora tener que buscarme la vida sin rutina que me estabilice, como a tantos o como a todos! Despertar por la ma\u00f1ana y que las veinticuatro horas est\u00e9n expeditas, v\u00edrgenes anhelantes de algo con lo que satisfacer su af\u00e1n. Ese tiempo de libertad que se constri\u00f1e por imperativo social y sociable (para quienes ya no tenemos que ir a trabajar) a base de cursos, gimnasios, hobbies, aficiones o altruistas y generosas entregas que, ellas tambi\u00e9n, ayudan a pasar el tiempo o a matarlo o a sentirse v\u00e1lidos y necesarios para alguien.<\/p>\n<p><strong><a href=\"https:\/\/static-blogs.diariovasco.com\/wp-content\/uploads\/sites\/19\/2019\/10\/Arbizu-camino.jpg\"><img loading=\"lazy\" class=\"alignright size-medium wp-image-6452\" src=\"https:\/\/static-blogs.diariovasco.com\/wp-content\/uploads\/sites\/19\/2019\/10\/Arbizu-camino-225x300.jpg\" alt=\"\" width=\"225\" height=\"300\" srcset=\"https:\/\/static-blogs.diariovasco.com\/wp-content\/uploads\/sites\/19\/2019\/10\/Arbizu-camino-225x300.jpg 225w, https:\/\/static-blogs.diariovasco.com\/wp-content\/uploads\/sites\/19\/2019\/10\/Arbizu-camino.jpg 423w\" sizes=\"(max-width: 225px) 100vw, 225px\" \/><\/a>Ni siquiera los p\u00e1jaros son libres puesto que se ven obligados a volar en bandadas, a seguir a su l\u00edder, a no perder el rumbo impuesto por la naturaleza so pena de perecer antes de tiempo. Ni siquiera los animales salvajes son libres de dejar de buscar su refugio y condumio en una batalla cotidiana para satisfacer su necesidad en su propio h\u00e1bitat. \u00a1Y qu\u00e9 decir del ser humano! Encadenado desde antes de nacer a los proyectos familiares, despu\u00e9s a las exigencias sociales y m\u00e1s adelante a subirse a la ruedecita del h\u00e1mster y dar vueltas y vueltas hasta que el calendario se agote.<\/strong><\/p>\n<p>\u00a1Qu\u00e9 duro es ser libre de verdad, m\u00e1s all\u00e1 de la frase grandilocuente\u2026! Ser responsable de la nada cotidiana y transformarla en algo \u201ccomestible\u201d es una tarea para los buenos fil\u00f3sofos y un peque\u00f1o af\u00e1n secreto para los alquimistas de andar por casa. Como yo misma.<\/p>\n<p><a href=\"https:\/\/static-blogs.diariovasco.com\/wp-content\/uploads\/sites\/19\/2019\/10\/Arbizu-conejito.jpg\"><img loading=\"lazy\" class=\"alignleft size-medium wp-image-6453\" src=\"https:\/\/static-blogs.diariovasco.com\/wp-content\/uploads\/sites\/19\/2019\/10\/Arbizu-conejito-225x300.jpg\" alt=\"\" width=\"225\" height=\"300\" srcset=\"https:\/\/static-blogs.diariovasco.com\/wp-content\/uploads\/sites\/19\/2019\/10\/Arbizu-conejito-225x300.jpg 225w, https:\/\/static-blogs.diariovasco.com\/wp-content\/uploads\/sites\/19\/2019\/10\/Arbizu-conejito.jpg 317w\" sizes=\"(max-width: 225px) 100vw, 225px\" \/><\/a>Felices los felices.<\/p>\n<p>Recomiendo la lectura del libro: \u201cEl miedo a la libertad\u201d de Erich Fromm.<\/p>\n<p>LaAlquimista<\/p>\n<p><a href=\"https:\/\/www.facebook.com\/laalquimistaapartirdelos50\/\" rel=\"external nofollow\">https:\/\/www.facebook.com\/laalquimistaapartirdelos50\/<\/a><\/p>\n<p>Por si alguien desea contactar:<\/p>\n<p>apartirdeloscincuenta@gmail.com<\/p>\n<p>&nbsp;<\/p>\n<p>&nbsp;<\/p>\n<p>&nbsp;<\/p>\n<p>&nbsp;<\/p>\n<p>&nbsp;<\/p>\n<p>&nbsp;<\/p>\n<p>&nbsp;<\/p>\n<!-- AddThis Advanced Settings generic via filter on the_content --><!-- AddThis Share Buttons generic via filter on the_content -->","protected":false},"excerpt":{"rendered":"<p>No, no se me ha ido la pinza al titular este post, le he dado las vueltas suficientes como para haberme convencido de que es una gran verdad que pocas veces nos alcanza. Se nos llena la boca hablando de libertades o de la \u201clibertad\u201d en general, esa utop\u00eda que casi se llega a realizar [&hellip;]<!-- AddThis Advanced Settings generic via filter on get_the_excerpt --><!-- AddThis Share Buttons generic via filter on get_the_excerpt --><\/p>\n","protected":false},"author":34,"featured_media":0,"comment_status":"open","ping_status":"closed","sticky":false,"template":"","format":"standard","meta":[],"categories":[2],"tags":[513,375],"_links":{"self":[{"href":"https:\/\/blogs.diariovasco.com\/apartirdelos50\/wp-json\/wp\/v2\/posts\/6447"}],"collection":[{"href":"https:\/\/blogs.diariovasco.com\/apartirdelos50\/wp-json\/wp\/v2\/posts"}],"about":[{"href":"https:\/\/blogs.diariovasco.com\/apartirdelos50\/wp-json\/wp\/v2\/types\/post"}],"author":[{"embeddable":true,"href":"https:\/\/blogs.diariovasco.com\/apartirdelos50\/wp-json\/wp\/v2\/users\/34"}],"replies":[{"embeddable":true,"href":"https:\/\/blogs.diariovasco.com\/apartirdelos50\/wp-json\/wp\/v2\/comments?post=6447"}],"version-history":[{"count":3,"href":"https:\/\/blogs.diariovasco.com\/apartirdelos50\/wp-json\/wp\/v2\/posts\/6447\/revisions"}],"predecessor-version":[{"id":6454,"href":"https:\/\/blogs.diariovasco.com\/apartirdelos50\/wp-json\/wp\/v2\/posts\/6447\/revisions\/6454"}],"wp:attachment":[{"href":"https:\/\/blogs.diariovasco.com\/apartirdelos50\/wp-json\/wp\/v2\/media?parent=6447"}],"wp:term":[{"taxonomy":"category","embeddable":true,"href":"https:\/\/blogs.diariovasco.com\/apartirdelos50\/wp-json\/wp\/v2\/categories?post=6447"},{"taxonomy":"post_tag","embeddable":true,"href":"https:\/\/blogs.diariovasco.com\/apartirdelos50\/wp-json\/wp\/v2\/tags?post=6447"}],"curies":[{"name":"wp","href":"https:\/\/api.w.org\/{rel}","templated":true}]}}