{"id":6560,"date":"2019-11-26T08:28:15","date_gmt":"2019-11-26T07:28:15","guid":{"rendered":"https:\/\/blogs.diariovasco.com\/apartirdelos50\/?p=6560"},"modified":"2019-11-26T11:20:46","modified_gmt":"2019-11-26T10:20:46","slug":"perfil-bajo","status":"publish","type":"post","link":"https:\/\/blogs.diariovasco.com\/apartirdelos50\/2019\/11\/26\/perfil-bajo\/","title":{"rendered":"Perfil bajo"},"content":{"rendered":"<p><a href=\"https:\/\/static-blogs.diariovasco.com\/wp-content\/uploads\/sites\/19\/2019\/11\/mujer-solitaria.jpg\"><img loading=\"lazy\" class=\"aligncenter size-full wp-image-6562\" src=\"https:\/\/static-blogs.diariovasco.com\/wp-content\/uploads\/sites\/19\/2019\/11\/mujer-solitaria.jpg\" alt=\"\" width=\"533\" height=\"300\" srcset=\"https:\/\/static-blogs.diariovasco.com\/wp-content\/uploads\/sites\/19\/2019\/11\/mujer-solitaria.jpg 533w, https:\/\/static-blogs.diariovasco.com\/wp-content\/uploads\/sites\/19\/2019\/11\/mujer-solitaria-300x169.jpg 300w\" sizes=\"(max-width: 533px) 100vw, 533px\" \/><\/a><\/p>\n<p><strong>Me he cansado. As\u00ed, en general, lo manifiesto. Durante demasiados a\u00f1os he sido una especie de \u201cperejil de todas las salsas\u201d a la que gustaba organizar grupos, juntar a la gente, llevar a cabo proyectos imaginativos, inventarme retos que a veces eran compartidos y otras no. He conseguido muchos amigos y algunos enemigos, lo que es l\u00f3gico y normal cuando alguien abandona el rinc\u00f3n personal y salta a la palestra.<\/strong><\/p>\n<p>Todo est\u00e1 bien, todo ha estado bien y de cada situaci\u00f3n \u2013buena, regular o mala- he sacado mi beneficio en forma de experiencia. Tengo poco de qu\u00e9 arrepentirme y donde met\u00ed la pata creo que ya lo he solucionado\u2026o casi.<\/p>\n<p><strong>Pero de un tiempo a esta parte me apetece cada vez menos andar para arriba y para abajo \u201chaciendo cosas\u201d y para ello voy aceptando los m\u00ednimos compromisos sociales posibles porque debo escuchar a esa voz interior que me susurra lo que me conviene o no hacer.<\/strong><\/p>\n<p>Hace poco pas\u00e9 una semana en Valencia acompa\u00f1ando a una amiga. Parec\u00eda un viaje tur\u00edstico \u2013por supuesto que visit\u00e9 la Albufera y los monumentos emblem\u00e1ticos de la capital adem\u00e1s de los museos que me interesaban-, pero al segundo d\u00eda yo ya no estaba \u201cen mi salsa\u201d. Deseaba volver a casa, a mi txoko, recuperar mi m\u00fasica y mis libros, el paisaje desde el ventanal, la lluvia y el olor a salitre.<\/p>\n<p><strong><a href=\"https:\/\/static-blogs.diariovasco.com\/wp-content\/uploads\/sites\/19\/2019\/10\/A-partir-de-los-50.jpg\"><img loading=\"lazy\" class=\"alignright size-medium wp-image-6468\" src=\"https:\/\/static-blogs.diariovasco.com\/wp-content\/uploads\/sites\/19\/2019\/10\/A-partir-de-los-50-300x225.jpg\" alt=\"\" width=\"300\" height=\"225\" srcset=\"https:\/\/static-blogs.diariovasco.com\/wp-content\/uploads\/sites\/19\/2019\/10\/A-partir-de-los-50-300x225.jpg 300w, https:\/\/static-blogs.diariovasco.com\/wp-content\/uploads\/sites\/19\/2019\/10\/A-partir-de-los-50-768x576.jpg 768w, https:\/\/static-blogs.diariovasco.com\/wp-content\/uploads\/sites\/19\/2019\/10\/A-partir-de-los-50.jpg 816w\" sizes=\"(max-width: 300px) 100vw, 300px\" \/><\/a>Comprend\u00ed que, por mucho que uno acarree una maleta arriba y abajo, la esencia de la persona va a perseguirte, como una sombra \u2013a veces agradecida, otras veces pegajosa. Que no se puede ni se debe huir de uno mismo hacia otros horizontes porque el \u201cpaisaje emocional\u201d est\u00e1 arraigado en la mente y tambi\u00e9n en el coraz\u00f3n.<\/strong><\/p>\n<p>Buscamos lo que creemos haber perdido o escapamos de lo que pensamos nos resta libertad sin comprender \u2013y qui\u00e9n querr\u00eda comprender esto- que lo que somos lo forjamos \u00edntimamente sin importar si estamos en una gran ciudad o en un pueblo peque\u00f1o.<\/p>\n<p><strong><a href=\"https:\/\/static-blogs.diariovasco.com\/wp-content\/uploads\/sites\/19\/2019\/10\/A-partir-de-los-50-2.jpg\"><img loading=\"lazy\" class=\"alignleft size-medium wp-image-6469\" src=\"https:\/\/static-blogs.diariovasco.com\/wp-content\/uploads\/sites\/19\/2019\/10\/A-partir-de-los-50-2-300x300.jpg\" alt=\"\" width=\"300\" height=\"300\" srcset=\"https:\/\/static-blogs.diariovasco.com\/wp-content\/uploads\/sites\/19\/2019\/10\/A-partir-de-los-50-2-300x300.jpg 300w, https:\/\/static-blogs.diariovasco.com\/wp-content\/uploads\/sites\/19\/2019\/10\/A-partir-de-los-50-2-150x150.jpg 150w, https:\/\/static-blogs.diariovasco.com\/wp-content\/uploads\/sites\/19\/2019\/10\/A-partir-de-los-50-2.jpg 423w\" sizes=\"(max-width: 300px) 100vw, 300px\" \/><\/a>Desde que he vuelto he adoptado un \u201cperfil bajo\u201d. Observo y callo mucho m\u00e1s de lo que hablo. No me merece la pena suscitar controversia alguna ni entre mis familiares ni entre mis amistades. Bastante tengo con llevarme la contraria a m\u00ed misma como tantas veces he hecho y sigo haciendo. Al final acabo consensuando, pero por pura necesidad emocional.<\/strong><\/p>\n<p>Supongo que se habr\u00e1n dado cuenta algunas personas de que ya no llamo por tel\u00e9fono como antes; de que ya no organizo ni cuchipandas ni \u201cquedadas\u201d y de que me he salido de todos los grupos de whatsapp.<\/p>\n<p><strong>\u00bfMe ha dado un ataque virulento de misantrop\u00eda? \u00bfDe repente he perdido el gusto o la alegr\u00eda por la vida?<\/strong><\/p>\n<p><strong>\u00a1Todo lo contrario!<\/strong><\/p>\n<p>Escuchando a mi voz interior \u2013y haci\u00e9ndole caso- dejo que la vida me fluya por las venas sin forzarla ni intentar llevarla por el camino que antes cre\u00eda que me conven\u00eda. Dejo que las cosas \u201csean como tienen que ser\u201d y as\u00ed he conseguido dormir m\u00e1s tranquila.<\/p>\n<p><strong>En este proceso s\u00e9 que caer\u00e1n algunas relaciones, como ya han desaparecido de mi plano emocional muchas otras. Pero la maravilla de interactuar con la gente, lo hermoso de sincerarse y compartir, estriba en que se renueva d\u00eda a d\u00eda.<\/strong><\/p>\n<p>Por cada amiga que no est\u00e1, aparece otra nueva aportando ilusi\u00f3n. Por cada amante (como si los tuviera a montones) que da un portazo, hay otro que se insin\u00faa por la esquina. Por cada experiencia que termina, hay una oportunidad nueva acerc\u00e1ndose. Es un ciclo imparable, ahora lo comprendo.<\/p>\n<p><strong>Por eso me quedo en \u201cperfil bajo\u201d muy a gusto. Ya no tengo que correr detr\u00e1s de nada\u2026ni de nadie.<\/strong><\/p>\n<p><strong>Felices los felices.<\/strong><\/p>\n<p>LaAlquimista<\/p>\n<p><a href=\"https:\/\/www.facebook.com\/laalquimistaapartirdelos50\/\" rel=\"external nofollow\"><span style=\"font-size: 14.0pt; font-family: 'Verdana','sans-serif';\">https:\/\/www.facebook.com\/laalquimistaapartirdelos50\/<\/span><\/a><\/p>\n<p>Por si alguien desea contactar:<\/p>\n<p>apartirdeloscincuenta@gmail.com<\/p>\n<!-- AddThis Advanced Settings generic via filter on the_content --><!-- AddThis Share Buttons generic via filter on the_content -->","protected":false},"excerpt":{"rendered":"<p>Me he cansado. As\u00ed, en general, lo manifiesto. Durante demasiados a\u00f1os he sido una especie de \u201cperejil de todas las salsas\u201d a la que gustaba organizar grupos, juntar a la gente, llevar a cabo proyectos imaginativos, inventarme retos que a veces eran compartidos y otras no. He conseguido muchos amigos y algunos enemigos, lo que [&hellip;]<!-- AddThis Advanced Settings generic via filter on get_the_excerpt --><!-- AddThis Share Buttons generic via filter on get_the_excerpt --><\/p>\n","protected":false},"author":34,"featured_media":0,"comment_status":"open","ping_status":"closed","sticky":false,"template":"","format":"standard","meta":[],"categories":[9],"tags":[544,545,543],"_links":{"self":[{"href":"https:\/\/blogs.diariovasco.com\/apartirdelos50\/wp-json\/wp\/v2\/posts\/6560"}],"collection":[{"href":"https:\/\/blogs.diariovasco.com\/apartirdelos50\/wp-json\/wp\/v2\/posts"}],"about":[{"href":"https:\/\/blogs.diariovasco.com\/apartirdelos50\/wp-json\/wp\/v2\/types\/post"}],"author":[{"embeddable":true,"href":"https:\/\/blogs.diariovasco.com\/apartirdelos50\/wp-json\/wp\/v2\/users\/34"}],"replies":[{"embeddable":true,"href":"https:\/\/blogs.diariovasco.com\/apartirdelos50\/wp-json\/wp\/v2\/comments?post=6560"}],"version-history":[{"count":4,"href":"https:\/\/blogs.diariovasco.com\/apartirdelos50\/wp-json\/wp\/v2\/posts\/6560\/revisions"}],"predecessor-version":[{"id":6576,"href":"https:\/\/blogs.diariovasco.com\/apartirdelos50\/wp-json\/wp\/v2\/posts\/6560\/revisions\/6576"}],"wp:attachment":[{"href":"https:\/\/blogs.diariovasco.com\/apartirdelos50\/wp-json\/wp\/v2\/media?parent=6560"}],"wp:term":[{"taxonomy":"category","embeddable":true,"href":"https:\/\/blogs.diariovasco.com\/apartirdelos50\/wp-json\/wp\/v2\/categories?post=6560"},{"taxonomy":"post_tag","embeddable":true,"href":"https:\/\/blogs.diariovasco.com\/apartirdelos50\/wp-json\/wp\/v2\/tags?post=6560"}],"curies":[{"name":"wp","href":"https:\/\/api.w.org\/{rel}","templated":true}]}}