{"id":6662,"date":"2020-01-10T08:28:55","date_gmt":"2020-01-10T07:28:55","guid":{"rendered":"https:\/\/blogs.diariovasco.com\/apartirdelos50\/?p=6662"},"modified":"2020-01-10T08:28:27","modified_gmt":"2020-01-10T07:28:27","slug":"mujeres-en-grupo","status":"publish","type":"post","link":"https:\/\/blogs.diariovasco.com\/apartirdelos50\/2020\/01\/10\/mujeres-en-grupo\/","title":{"rendered":"Mujeres en grupo"},"content":{"rendered":"<p><a href=\"https:\/\/static-blogs.diariovasco.com\/wp-content\/uploads\/sites\/19\/2020\/01\/mujeres.jpg\"><img loading=\"lazy\" class=\"aligncenter size-full wp-image-6665\" src=\"https:\/\/static-blogs.diariovasco.com\/wp-content\/uploads\/sites\/19\/2020\/01\/mujeres.jpg\" alt=\"\" width=\"730\" height=\"385\" srcset=\"https:\/\/static-blogs.diariovasco.com\/wp-content\/uploads\/sites\/19\/2020\/01\/mujeres.jpg 730w, https:\/\/static-blogs.diariovasco.com\/wp-content\/uploads\/sites\/19\/2020\/01\/mujeres-300x158.jpg 300w\" sizes=\"(max-width: 730px) 100vw, 730px\" \/><\/a><\/p>\n<p><strong>Mi buena amiga S. me invit\u00f3 a unirme a un grupo heterog\u00e9neo que ella frecuenta. Celebraban una \u201ccomida navide\u00f1a\u201d y, por estar con ella y a la vez tener una nueva experiencia, me apunt\u00e9 sin dudarlo. \u00c9ramos diecisiete mujeres y cuatro hombres \u2013creo que esta proporci\u00f3n es absolutamente fiel a las estad\u00edsticas-, pero despu\u00e9s de constatar este dato superfluo me dediqu\u00e9 a lo que iba: a socializar con gente nueva.<\/strong><\/p>\n<p>Ya antes de sentarnos a la larga mesa del restaurante me sent\u00ed tranquila y acogida en un <em>petit comit\u00e9<\/em> de otras cuatro mujeres: todas de perfil parecido al m\u00edo. En el mismo rango de edad y en similar \u201cnivel de ganas\u201d.<\/p>\n<p><strong>Ganas de vivir, de apurar, de arrasar con la pena y superar los descalabros. Supervivientes an\u00f3nimas de la vida que nos ha tocado vivir a las mujeres de la misma generaci\u00f3n. Hicimos muchas risas, nos lo comimos todo y nos bebimos casi todo. Con las confidencias del caf\u00e9 nos cambiamos los n\u00fameros de tel\u00e9fono y a la hora de salir ya hab\u00eda quienes se prepararon para ir a bailar despu\u00e9s de un peque\u00f1o respiro.<\/strong><\/p>\n<p>\u00bfQu\u00e9 nos pasa a las mujeres que somos capaces de enlazar los mimbres del inicio de una amistad al poco tiempo de habernos conocido? \u00bfDe d\u00f3nde sacamos esa sororidad que tanto nos complace en la tranquilidad?<\/p>\n<p><strong>En unas pocas horas hablamos de hijos y amores, de alegr\u00edas y males, desgranamos un curr\u00edculo r\u00e1pido de l\u00edneas maestras y dejamos, eso es seguro, las confidencias para m\u00e1s adelante, pero\u2026 \u00a1qu\u00e9 satisfacci\u00f3n sentirse entre cong\u00e9neres sin careta ni dobleces!<\/strong><\/p>\n<p><a href=\"https:\/\/static-blogs.diariovasco.com\/wp-content\/uploads\/sites\/19\/2019\/10\/A-partir-de-los-50.jpg\"><img loading=\"lazy\" class=\"alignright size-medium wp-image-6468\" src=\"https:\/\/static-blogs.diariovasco.com\/wp-content\/uploads\/sites\/19\/2019\/10\/A-partir-de-los-50-300x225.jpg\" alt=\"\" width=\"300\" height=\"225\" srcset=\"https:\/\/static-blogs.diariovasco.com\/wp-content\/uploads\/sites\/19\/2019\/10\/A-partir-de-los-50-300x225.jpg 300w, https:\/\/static-blogs.diariovasco.com\/wp-content\/uploads\/sites\/19\/2019\/10\/A-partir-de-los-50-768x576.jpg 768w, https:\/\/static-blogs.diariovasco.com\/wp-content\/uploads\/sites\/19\/2019\/10\/A-partir-de-los-50.jpg 816w\" sizes=\"(max-width: 300px) 100vw, 300px\" \/><\/a>Me viene la reflexi\u00f3n de c\u00f3mo nos juntamos las mujeres; no solo en lo social sino en lo emocional. Lo comprob\u00e9 la vez anterior que acud\u00ed a un restaurante: hab\u00eda un par de parejas mayores disfrutando tranquilamente, pero el resto de mesas \u2013incluida la m\u00eda- estaban ocupadas exclusivamente por mujeres.<\/p>\n<p><strong>No quiero decir con esto que los hombres no se re\u00fanan entre ellos, que ya me consta que las sociedades gastron\u00f3micas est\u00e1n para eso y bien que las usan. Mi reflexi\u00f3n va por otro camino, acaso sea que a nosotras nos gusta ponernos guapas, arreglarnos para salir con las amigas a un sitio p\u00fablico y los hombres pues\u2026 en la sociedad se sienten mejor que en casa, mangoneando en la cocina, en su salsa, sin que se les ocurra ir a la peluquer\u00eda para ese d\u00eda ni estrenar algo bonito.<\/strong><\/p>\n<p>Y saco el esc\u00e1ner y en casi todos los \u00e1mbitos se da el mismo par\u00e1metro: en los cursos y talleres hay abrumadora presencia de mujeres, en el estudio de pintura al que voy rara vez coincido con alg\u00fan var\u00f3n, en las clases de pilates \u2013a las que ya no acudo gracias a la lesi\u00f3n que me hice en el hombro-, en la piscina del polideportivo, en las presentaciones de libros, en las conferencias para \u201cgente intelectual\u201d\u2026 incluso en el cine el \u201cd\u00eda del espectador\u201d. Cada cual que saque sus propias conclusiones como yo saco las m\u00edas.<\/p>\n<p><a href=\"https:\/\/static-blogs.diariovasco.com\/wp-content\/uploads\/sites\/19\/2019\/10\/A-partir-de-los-50-2.jpg\"><img loading=\"lazy\" class=\"alignleft size-medium wp-image-6469\" src=\"https:\/\/static-blogs.diariovasco.com\/wp-content\/uploads\/sites\/19\/2019\/10\/A-partir-de-los-50-2-300x300.jpg\" alt=\"\" width=\"300\" height=\"300\" srcset=\"https:\/\/static-blogs.diariovasco.com\/wp-content\/uploads\/sites\/19\/2019\/10\/A-partir-de-los-50-2-300x300.jpg 300w, https:\/\/static-blogs.diariovasco.com\/wp-content\/uploads\/sites\/19\/2019\/10\/A-partir-de-los-50-2-150x150.jpg 150w, https:\/\/static-blogs.diariovasco.com\/wp-content\/uploads\/sites\/19\/2019\/10\/A-partir-de-los-50-2.jpg 423w\" sizes=\"(max-width: 300px) 100vw, 300px\" \/><\/a><strong>Me gusta la compa\u00f1\u00eda de los hombres, me gusta la de las mujeres. Pero siempre me toca disfrutarlos por separado, qu\u00e9 cosas tiene la vida. A ver si dais un paso al frente, chicos, que ya somos todos mayorcitos\u2026<\/strong><\/p>\n<p>Felices los felices.<\/p>\n<p>LaAlquimista<\/p>\n<p><a href=\"https:\/\/www.facebook.com\/laalquimistaapartirdelos50\/\" rel=\"external nofollow\">https:\/\/www.facebook.com\/laalquimistaapartirdelos50\/<\/a><\/p>\n<p>Por si alguien desea contactar:<\/p>\n<p>apartirdeloscincuenta@gmail.com<\/p>\n<p>&nbsp;<\/p>\n<p>&nbsp;<\/p>\n<!-- AddThis Advanced Settings generic via filter on the_content --><!-- AddThis Share Buttons generic via filter on the_content -->","protected":false},"excerpt":{"rendered":"<p>Mi buena amiga S. me invit\u00f3 a unirme a un grupo heterog\u00e9neo que ella frecuenta. Celebraban una \u201ccomida navide\u00f1a\u201d y, por estar con ella y a la vez tener una nueva experiencia, me apunt\u00e9 sin dudarlo. \u00c9ramos diecisiete mujeres y cuatro hombres \u2013creo que esta proporci\u00f3n es absolutamente fiel a las estad\u00edsticas-, pero despu\u00e9s de [&hellip;]<!-- AddThis Advanced Settings generic via filter on get_the_excerpt --><!-- AddThis Share Buttons generic via filter on get_the_excerpt --><\/p>\n","protected":false},"author":34,"featured_media":0,"comment_status":"open","ping_status":"closed","sticky":false,"template":"","format":"standard","meta":[],"categories":[2],"tags":[575,322,576],"_links":{"self":[{"href":"https:\/\/blogs.diariovasco.com\/apartirdelos50\/wp-json\/wp\/v2\/posts\/6662"}],"collection":[{"href":"https:\/\/blogs.diariovasco.com\/apartirdelos50\/wp-json\/wp\/v2\/posts"}],"about":[{"href":"https:\/\/blogs.diariovasco.com\/apartirdelos50\/wp-json\/wp\/v2\/types\/post"}],"author":[{"embeddable":true,"href":"https:\/\/blogs.diariovasco.com\/apartirdelos50\/wp-json\/wp\/v2\/users\/34"}],"replies":[{"embeddable":true,"href":"https:\/\/blogs.diariovasco.com\/apartirdelos50\/wp-json\/wp\/v2\/comments?post=6662"}],"version-history":[{"count":4,"href":"https:\/\/blogs.diariovasco.com\/apartirdelos50\/wp-json\/wp\/v2\/posts\/6662\/revisions"}],"predecessor-version":[{"id":6667,"href":"https:\/\/blogs.diariovasco.com\/apartirdelos50\/wp-json\/wp\/v2\/posts\/6662\/revisions\/6667"}],"wp:attachment":[{"href":"https:\/\/blogs.diariovasco.com\/apartirdelos50\/wp-json\/wp\/v2\/media?parent=6662"}],"wp:term":[{"taxonomy":"category","embeddable":true,"href":"https:\/\/blogs.diariovasco.com\/apartirdelos50\/wp-json\/wp\/v2\/categories?post=6662"},{"taxonomy":"post_tag","embeddable":true,"href":"https:\/\/blogs.diariovasco.com\/apartirdelos50\/wp-json\/wp\/v2\/tags?post=6662"}],"curies":[{"name":"wp","href":"https:\/\/api.w.org\/{rel}","templated":true}]}}