{"id":7102,"date":"2020-06-23T06:06:51","date_gmt":"2020-06-23T05:06:51","guid":{"rendered":"https:\/\/blogs.diariovasco.com\/apartirdelos50\/?p=7102"},"modified":"2020-06-23T06:07:04","modified_gmt":"2020-06-23T05:07:04","slug":"toca-pasar-lista","status":"publish","type":"post","link":"https:\/\/blogs.diariovasco.com\/apartirdelos50\/2020\/06\/23\/toca-pasar-lista\/","title":{"rendered":"Toca pasar lista"},"content":{"rendered":"<p><a href=\"https:\/\/static-blogs.diariovasco.com\/wp-content\/uploads\/sites\/19\/2020\/06\/amigos-falsos-2.jpg\"><img loading=\"lazy\" class=\"aligncenter size-full wp-image-7104\" src=\"https:\/\/static-blogs.diariovasco.com\/wp-content\/uploads\/sites\/19\/2020\/06\/amigos-falsos-2.jpg\" alt=\"\" width=\"400\" height=\"267\" srcset=\"https:\/\/static-blogs.diariovasco.com\/wp-content\/uploads\/sites\/19\/2020\/06\/amigos-falsos-2.jpg 400w, https:\/\/static-blogs.diariovasco.com\/wp-content\/uploads\/sites\/19\/2020\/06\/amigos-falsos-2-300x200.jpg 300w\" sizes=\"(max-width: 400px) 100vw, 400px\" \/><\/a><\/p>\n<p><strong>Hemos estado fuera de nosotros mismos estos \u00faltimos tiempos, qu\u00e9 duda cabe, que nos hemos visto obligados a cercenar nuestras mejores costumbres y sustituirlas por remedos pobretones de lo que antes nos gustaba hacer. Sin salir de casa, sin respirar aire puro a placer, toda nuestra cotidianeidad se ha relatado en negativo: nos ha faltado de todo menos comida y papel higi\u00e9nico<\/strong>.<\/p>\n<p>La salud f\u00edsica ah\u00ed ha andado, unos peor que otros, qu\u00e9 duda cabe, ahora ya todos sabemos de quien lo ha pasado fatal o incluso se ha terminado la funci\u00f3n para ellos. La salud mental mejor no hablar demasiado alto porque me da que quien m\u00e1s quien menos estamos asomando t\u00edmidamente la cabeza del agujero donde la ten\u00edamos metida con m\u00e1s miedo que verg\u00fcenza.<\/p>\n<p><strong><a href=\"https:\/\/static-blogs.diariovasco.com\/wp-content\/uploads\/sites\/19\/2020\/06\/pasar-lista.jpg\"><img loading=\"lazy\" class=\"alignright size-full wp-image-7106\" src=\"https:\/\/static-blogs.diariovasco.com\/wp-content\/uploads\/sites\/19\/2020\/06\/pasar-lista.jpg\" alt=\"\" width=\"300\" height=\"300\" srcset=\"https:\/\/static-blogs.diariovasco.com\/wp-content\/uploads\/sites\/19\/2020\/06\/pasar-lista.jpg 300w, https:\/\/static-blogs.diariovasco.com\/wp-content\/uploads\/sites\/19\/2020\/06\/pasar-lista-150x150.jpg 150w\" sizes=\"(max-width: 300px) 100vw, 300px\" \/><\/a>No hay \u201cnueva normalidad\u201d ni cristo que lo fund\u00f3: son palabras que inventan conceptos para que todo el mundo sepa a qu\u00e9 se refieren (ellos). Mejor lo dec\u00eda el cantor: \u201cLa vida sigue igual\u201d\u2026 pero menos igual para muchos, desgraciadamente. Como en una \u201cvuelta al cole\u201d t\u00edpica, ahora hay que pasar lista y ver quien est\u00e1 y quien no ha venido ni se le espera.<\/strong><\/p>\n<p>Mi balance personal ha conseguido mantener cierto equilibrio \u2013o eso parece de momento. El fiel de la balanza mira con ojo cr\u00edtico lo que he perdido y ha comenzado a restar y valora lo que ha aparecido para sumar y compensar. Todo son vaivenes en este lago de agua dulce con corrientes profundas y no pocos remolinos inesperados.<\/p>\n<p><strong>He perdido el cari\u00f1o de alguna persona y he recuperado el de alguna otra. Amistades \u201cde toda la vida\u201d que en un momento determinado \u2013y por culpa del coronavirus, el confinamiento, el desajuste emocional y los problemas dom\u00e9sticos insoslayables- me han dejado caer como amiga.<\/strong><\/p>\n<p>Para compensar, viejas amistades casi olvidadas han asomado t\u00edmidamente la patita y hemos decidido darnos una nueva oportunidad recuperando las brasas de lo que una vez ardi\u00f3 con mucha fuerza. Nada es casual, no hay coincidencias, quiero pensar que todo tiene su sentido y su porqu\u00e9.<\/p>\n<p><a href=\"https:\/\/static-blogs.diariovasco.com\/wp-content\/uploads\/sites\/19\/2020\/04\/A-partir-de-los-50.jpg\"><img loading=\"lazy\" class=\"alignleft size-medium wp-image-6909\" src=\"https:\/\/static-blogs.diariovasco.com\/wp-content\/uploads\/sites\/19\/2020\/04\/A-partir-de-los-50-300x225.jpg\" alt=\"\" width=\"300\" height=\"225\" srcset=\"https:\/\/static-blogs.diariovasco.com\/wp-content\/uploads\/sites\/19\/2020\/04\/A-partir-de-los-50-300x225.jpg 300w, https:\/\/static-blogs.diariovasco.com\/wp-content\/uploads\/sites\/19\/2020\/04\/A-partir-de-los-50.jpg 719w\" sizes=\"(max-width: 300px) 100vw, 300px\" \/><\/a><strong>Tambi\u00e9n he ganado por sorpresa el afecto de personas desconocidas con las que he comenzado a urdir los mimbres virtuales del apoyo y el afecto a la espera de consolidarlos de una manera real y presencial. Con abrazos incluidos.<\/strong><\/p>\n<p>\u00a1C\u00f3mo ha cambiado todo en unos pocos meses! \u00a1C\u00f3mo hemos cambiado nosotros mismos incluso en contra de nuestra voluntad!<\/p>\n<p><strong>Paso lista a mis amigos y me faltan tres, dos mujeres y un hombre. Y eso que los sent\u00eda importantes para mi equilibrio emocional, pero ha pasado un \u00e1ngel y se ha hecho un silencio muy inc\u00f3modo. Vuelvo a pasar lista y aparecen cuatro m\u00e1s, tres mujeres y un hombre. Balance positivo. La vie est belle! Porque la vida nos pone a todos en nuestro sitio, bueno es reconocerlo.<\/strong><\/p>\n<p>Quiz\u00e1s no ser\u00eda una mala idea del todo \u201cpasar lista\u201d y ver si son todos los que est\u00e1n o est\u00e1n todos los que son, que lo humano suele ser creer que \u201cnosotros\u201d nos portamos bien y \u201clos otros\u201d son los que no han dado la talla; el viejo y arraigado comportamiento que lleva a media humanidad a estar convencida de que la culpa de todos sus males la tiene la otra mitad. Sartre y su <em>\u201cL\u2019enfer, c\u2019est les autres<\/em>\u201d*, sigue vigente, para nuestra desgracia.<\/p>\n<p><strong>Empecemos de nuevo, no queda otra. Hay que recomponer de la mejor manera posible nuestro castillo de naipes emocional. Volvemos a la casilla de salida; que sea con ilusi\u00f3n y fuerza.<\/strong><\/p>\n<p>Felices los felices.<\/p>\n<p><strong><em>*\u201dEl infierno, son los dem\u00e1s\u201d.<\/em><\/strong><\/p>\n<p>LaAlquimista<\/p>\n<p>Tambi\u00e9n puedes seguir la p\u00e1gina de Facebook:<\/p>\n<p><a href=\"https:\/\/www.facebook.com\/apartirdelos50\/\" rel=\"external nofollow\">https:\/\/www.facebook.com\/apartirdelos50\/<\/a><\/p>\n<p>Por si alguien desea contactar:<\/p>\n<p>apartirdeloscincuenta@gmail.com<\/p>\n<p>&nbsp;<\/p>\n<p>&nbsp;<\/p>\n<p>&nbsp;<\/p>\n<p>&nbsp;<\/p>\n<p>&nbsp;<\/p>\n<p>&nbsp;<\/p>\n<!-- AddThis Advanced Settings generic via filter on the_content --><!-- AddThis Share Buttons generic via filter on the_content -->","protected":false},"excerpt":{"rendered":"<p>Hemos estado fuera de nosotros mismos estos \u00faltimos tiempos, qu\u00e9 duda cabe, que nos hemos visto obligados a cercenar nuestras mejores costumbres y sustituirlas por remedos pobretones de lo que antes nos gustaba hacer. Sin salir de casa, sin respirar aire puro a placer, toda nuestra cotidianeidad se ha relatado en negativo: nos ha faltado [&hellip;]<!-- AddThis Advanced Settings generic via filter on get_the_excerpt --><!-- AddThis Share Buttons generic via filter on get_the_excerpt --><\/p>\n","protected":false},"author":34,"featured_media":0,"comment_status":"open","ping_status":"closed","sticky":false,"template":"","format":"standard","meta":[],"categories":[17,2],"tags":[698,699,697],"_links":{"self":[{"href":"https:\/\/blogs.diariovasco.com\/apartirdelos50\/wp-json\/wp\/v2\/posts\/7102"}],"collection":[{"href":"https:\/\/blogs.diariovasco.com\/apartirdelos50\/wp-json\/wp\/v2\/posts"}],"about":[{"href":"https:\/\/blogs.diariovasco.com\/apartirdelos50\/wp-json\/wp\/v2\/types\/post"}],"author":[{"embeddable":true,"href":"https:\/\/blogs.diariovasco.com\/apartirdelos50\/wp-json\/wp\/v2\/users\/34"}],"replies":[{"embeddable":true,"href":"https:\/\/blogs.diariovasco.com\/apartirdelos50\/wp-json\/wp\/v2\/comments?post=7102"}],"version-history":[{"count":3,"href":"https:\/\/blogs.diariovasco.com\/apartirdelos50\/wp-json\/wp\/v2\/posts\/7102\/revisions"}],"predecessor-version":[{"id":7107,"href":"https:\/\/blogs.diariovasco.com\/apartirdelos50\/wp-json\/wp\/v2\/posts\/7102\/revisions\/7107"}],"wp:attachment":[{"href":"https:\/\/blogs.diariovasco.com\/apartirdelos50\/wp-json\/wp\/v2\/media?parent=7102"}],"wp:term":[{"taxonomy":"category","embeddable":true,"href":"https:\/\/blogs.diariovasco.com\/apartirdelos50\/wp-json\/wp\/v2\/categories?post=7102"},{"taxonomy":"post_tag","embeddable":true,"href":"https:\/\/blogs.diariovasco.com\/apartirdelos50\/wp-json\/wp\/v2\/tags?post=7102"}],"curies":[{"name":"wp","href":"https:\/\/api.w.org\/{rel}","templated":true}]}}