{"id":7133,"date":"2020-06-26T06:24:18","date_gmt":"2020-06-26T05:24:18","guid":{"rendered":"https:\/\/blogs.diariovasco.com\/apartirdelos50\/?p=7133"},"modified":"2020-06-26T06:24:34","modified_gmt":"2020-06-26T05:24:34","slug":"ni-hablando-nos-entendemos","status":"publish","type":"post","link":"https:\/\/blogs.diariovasco.com\/apartirdelos50\/2020\/06\/26\/ni-hablando-nos-entendemos\/","title":{"rendered":"Ni hablando nos entendemos"},"content":{"rendered":"<p><a href=\"https:\/\/static-blogs.diariovasco.com\/wp-content\/uploads\/sites\/19\/2020\/06\/torre-de-babel.jpg\"><img loading=\"lazy\" class=\"alignnone size-full wp-image-7135\" src=\"https:\/\/static-blogs.diariovasco.com\/wp-content\/uploads\/sites\/19\/2020\/06\/torre-de-babel.jpg\" alt=\"\" width=\"458\" height=\"458\" srcset=\"https:\/\/static-blogs.diariovasco.com\/wp-content\/uploads\/sites\/19\/2020\/06\/torre-de-babel.jpg 458w, https:\/\/static-blogs.diariovasco.com\/wp-content\/uploads\/sites\/19\/2020\/06\/torre-de-babel-150x150.jpg 150w, https:\/\/static-blogs.diariovasco.com\/wp-content\/uploads\/sites\/19\/2020\/06\/torre-de-babel-300x300.jpg 300w\" sizes=\"(max-width: 458px) 100vw, 458px\" \/><\/a><\/p>\n<p>**&#8221;La construcci\u00f3n de la torre de Babel&#8221;. (Brueghel &#8220;El viejo&#8221; 1563)<\/p>\n<p><strong>Uno de los aprendizajes m\u00e1s dif\u00edciles que he tenido que hacer a lo largo de la vida ha sido aprender a escuchar lo que me dec\u00edan los dem\u00e1s hasta el final y no interrumpir terminando las frases porque \u201cya sab\u00eda\u201d lo que iban a decir. Ha sido este un defecto insoslayable hasta como quien dice antes de ayer mismo. Podr\u00eda decir en mi descargo que fue una \u201chabilidad\u201d aprendida a fuerza de padecerla durante toda mi infancia y juventud en el seno de una familia donde no se pod\u00eda abrir la boca para expresar libremente la opini\u00f3n personal.<\/strong><\/p>\n<p>Bien es cierto que la mayor\u00eda de los humanos somos bastante predecibles en esto del lenguaje, que las situaciones son conocidas y familiares por lo repetitivas y vulgares y que, finalmente, la ilaci\u00f3n de los pensamientos y su expresi\u00f3n oral sigue cauces marcados por siglos de costumbre. Es decir, que copiamos lo que hemos visto \u201cen casa\u201d.<\/p>\n<p><strong>As\u00ed que cuando fui capaz de escuchar y meterme en silencio en el discurso del otro y esperar a que acabara de hablar para procesar su verbo y gestionarlo en mi mente y en mi coraz\u00f3n, descubr\u00ed \u2013con harto horror y desasosiego- que a la mayor\u00eda de las personas les da exactamente igual lo que t\u00fa pienses en relaci\u00f3n con lo que ellos cuentan y que, al final de su discurso, ni esperan ni quieren ni necesitan soportar el consiguiente derecho de r\u00e9plica, ni mucho menos tu opini\u00f3n sobre lo que te han relatado.<\/strong><\/p>\n<p>Se habla porque se siente que hay mucho por decir, pero con inter\u00e9s casi nulo en lo que pueda necesitar expresar el contrario. Que, como en aquellos tiempos de dictaduras dentro y fuera de casa, hay demasiadas personas que siguen hablando <em>ex cathedra<\/em> y les importa un ardite la opini\u00f3n ajena. Vamos, que no hemos avanzado demasiado en esto de la comunicaci\u00f3n. (No hay m\u00e1s que ver los ejemplos que nos brindan los medios de comunicaci\u00f3n y las redes sociales)<\/p>\n<p><a href=\"https:\/\/static-blogs.diariovasco.com\/wp-content\/uploads\/sites\/19\/2020\/05\/A-partir-de-los-50-2.jpg\"><img loading=\"lazy\" class=\"alignright size-medium wp-image-6987\" src=\"https:\/\/static-blogs.diariovasco.com\/wp-content\/uploads\/sites\/19\/2020\/05\/A-partir-de-los-50-2-300x300.jpg\" alt=\"\" width=\"300\" height=\"300\" srcset=\"https:\/\/static-blogs.diariovasco.com\/wp-content\/uploads\/sites\/19\/2020\/05\/A-partir-de-los-50-2-300x300.jpg 300w, https:\/\/static-blogs.diariovasco.com\/wp-content\/uploads\/sites\/19\/2020\/05\/A-partir-de-los-50-2-150x150.jpg 150w, https:\/\/static-blogs.diariovasco.com\/wp-content\/uploads\/sites\/19\/2020\/05\/A-partir-de-los-50-2.jpg 524w\" sizes=\"(max-width: 300px) 100vw, 300px\" \/><\/a>Ahora que escucho m\u00e1s que hablo, me doy cuenta de lo mal que lo he estado haciendo durante tantos a\u00f1os; ahora que presto atenci\u00f3n a las palabras ajenas sin distraerme con la lista de la compra soy perfectamente consciente de lo poco y mal que nos comunicamos los seres humanos, de c\u00f3mo uno habla sin darse cuenta de que lo que cuenta al otro le puede traer absolutamente al pairo, que el verbo es personal y casi siempre intransferible y que lo que para uno es piedra angular de su existencia para el oyente puede quedarse en pura an\u00e9cdota intranscendente.<\/p>\n<p><strong>Como cuando me preguntan por la ausencia de Elur y retomo el relato \u2013tantas veces repetido- de que ya los ataques de epilepsia eran anormalmente repetitivos y por eso le liber\u00e9 de su sufrimiento, ofreci\u00e9ndole la eutanasia, enseguida me cuentan que su propio perro \u2013o el de su hijo o el de su cu\u00f1ada- tuvo gastroenteritis porque se comi\u00f3 una tarrina entera de helado de las grandes que encontr\u00f3 tirada en una cuneta. Como cuando cuentas \u2013a quien crees que te escucha, a quien piensas que le interesa- que llevas una mala racha por los motivos que sean y te contesta algo as\u00ed como: <em>\u201cbueno, pues nada, que sigas bien, ya nos veremos un d\u00eda de estos\u2026\u201d<\/em> y te quedas con una cara de p\u00f3ker inviable, que sabes que acabas de perder esa partida y que no quieres<\/strong> <strong>volver a jugar con esa persona.<\/strong><\/p>\n<p>Hablando no siempre se entiende la gente si uno habla y el otro no escucha; o cuando los dos hablan a la vez. O, lo m\u00e1s com\u00fan, cuando cada uno suelta su discurso sin mostrar inter\u00e9s en el de la otra persona. Y ya el summum: cuando se supone que est\u00e1s hablando con alguien y le suena el m\u00f3vil a esa persona y contesta y se pone a hablar como si de repente te hubieras volatilizado en su presencia. Todo un arte.<\/p>\n<p><strong>Quiz\u00e1s por eso cada vez tengo menos ganas de ir por ah\u00ed contando cosas o, simplemente, charlando.<\/strong><\/p>\n<p>Felices los felices.<\/p>\n<p>LaAlquimista<\/p>\n<p>S\u00edgueme en mi p\u00e1gina de Fb.<\/p>\n<p><a href=\"https:\/\/www.facebook.com\/laalquimistaapartirdelos50\/\" rel=\"external nofollow\">https:\/\/www.facebook.com\/laalquimistaapartirdelos50\/<\/a><\/p>\n<p>Por si alguien desea contactar:<\/p>\n<p>apartirdeloscincuenta@gmail.com<\/p>\n<!-- AddThis Advanced Settings generic via filter on the_content --><!-- AddThis Share Buttons generic via filter on the_content -->","protected":false},"excerpt":{"rendered":"<p>**&#8221;La construcci\u00f3n de la torre de Babel&#8221;. (Brueghel &#8220;El viejo&#8221; 1563) Uno de los aprendizajes m\u00e1s dif\u00edciles que he tenido que hacer a lo largo de la vida ha sido aprender a escuchar lo que me dec\u00edan los dem\u00e1s hasta el final y no interrumpir terminando las frases porque \u201cya sab\u00eda\u201d lo que iban a [&hellip;]<!-- AddThis Advanced Settings generic via filter on get_the_excerpt --><!-- AddThis Share Buttons generic via filter on get_the_excerpt --><\/p>\n","protected":false},"author":34,"featured_media":0,"comment_status":"open","ping_status":"closed","sticky":false,"template":"","format":"standard","meta":[],"categories":[2],"tags":[710,711,708,709],"_links":{"self":[{"href":"https:\/\/blogs.diariovasco.com\/apartirdelos50\/wp-json\/wp\/v2\/posts\/7133"}],"collection":[{"href":"https:\/\/blogs.diariovasco.com\/apartirdelos50\/wp-json\/wp\/v2\/posts"}],"about":[{"href":"https:\/\/blogs.diariovasco.com\/apartirdelos50\/wp-json\/wp\/v2\/types\/post"}],"author":[{"embeddable":true,"href":"https:\/\/blogs.diariovasco.com\/apartirdelos50\/wp-json\/wp\/v2\/users\/34"}],"replies":[{"embeddable":true,"href":"https:\/\/blogs.diariovasco.com\/apartirdelos50\/wp-json\/wp\/v2\/comments?post=7133"}],"version-history":[{"count":3,"href":"https:\/\/blogs.diariovasco.com\/apartirdelos50\/wp-json\/wp\/v2\/posts\/7133\/revisions"}],"predecessor-version":[{"id":7137,"href":"https:\/\/blogs.diariovasco.com\/apartirdelos50\/wp-json\/wp\/v2\/posts\/7133\/revisions\/7137"}],"wp:attachment":[{"href":"https:\/\/blogs.diariovasco.com\/apartirdelos50\/wp-json\/wp\/v2\/media?parent=7133"}],"wp:term":[{"taxonomy":"category","embeddable":true,"href":"https:\/\/blogs.diariovasco.com\/apartirdelos50\/wp-json\/wp\/v2\/categories?post=7133"},{"taxonomy":"post_tag","embeddable":true,"href":"https:\/\/blogs.diariovasco.com\/apartirdelos50\/wp-json\/wp\/v2\/tags?post=7133"}],"curies":[{"name":"wp","href":"https:\/\/api.w.org\/{rel}","templated":true}]}}