{"id":7138,"date":"2020-06-30T09:50:41","date_gmt":"2020-06-30T08:50:41","guid":{"rendered":"https:\/\/blogs.diariovasco.com\/apartirdelos50\/?p=7138"},"modified":"2020-06-30T10:03:55","modified_gmt":"2020-06-30T09:03:55","slug":"la-vida-es-un-regalo","status":"publish","type":"post","link":"https:\/\/blogs.diariovasco.com\/apartirdelos50\/2020\/06\/30\/la-vida-es-un-regalo\/","title":{"rendered":"La vida es un regalo"},"content":{"rendered":"<p><a href=\"https:\/\/static-blogs.diariovasco.com\/wp-content\/uploads\/sites\/19\/2020\/06\/Cambrils-24-Junio-2020.jpg\"><img loading=\"lazy\" class=\"aligncenter size-full wp-image-7140\" src=\"https:\/\/static-blogs.diariovasco.com\/wp-content\/uploads\/sites\/19\/2020\/06\/Cambrils-24-Junio-2020.jpg\" alt=\"\" width=\"845\" height=\"622\" srcset=\"https:\/\/static-blogs.diariovasco.com\/wp-content\/uploads\/sites\/19\/2020\/06\/Cambrils-24-Junio-2020.jpg 845w, https:\/\/static-blogs.diariovasco.com\/wp-content\/uploads\/sites\/19\/2020\/06\/Cambrils-24-Junio-2020-300x221.jpg 300w, https:\/\/static-blogs.diariovasco.com\/wp-content\/uploads\/sites\/19\/2020\/06\/Cambrils-24-Junio-2020-768x565.jpg 768w\" sizes=\"(max-width: 845px) 100vw, 845px\" \/><\/a><\/p>\n<p><strong>S\u00e9 de qu\u00e9 hablo cuando me marco un t\u00edtulo tan grandilocuente para este post que acabar\u00e1 siendo sencillo, porque la vida que yo vivo no tiene nada de magistral ni mucho menos es manual de sabidur\u00eda para nadie. Una vida <em>\u201cregalada<\/em>\u201d la m\u00eda, en la que he recibido mucho m\u00e1s de lo que he aportado para equilibrar la balanza.<\/strong><\/p>\n<p>Un regalo ha sido nacer diez cent\u00edmetros m\u00e1s al norte en el mapa de donde viene el hambre, el dolor, la guerra y la miseria. Y m\u00e1s al este de donde siguen faltando libertades. Tambi\u00e9n es un valor a\u00f1adido \u2013al menos para m\u00ed- vivir al sur de ciertas tristezas derivadas de la falta de sol, ergo de alegr\u00eda. Tengo un mapa emocional que me da alas, para qu\u00e9 voy a cort\u00e1rmelas.<\/p>\n<p><strong>Mis padres me regalaron la vida aunque no supieran demasiado bien qu\u00e9 hacer conmigo una vez que me dio por hablar\u2026y pensar. No me \u201cfalt\u00f3 de nada\u201d material, aunque s\u00ed tuve exceso y sobredosis de normas, reglas y virtudes teologales a ritmo de bofetada socialmente consentida.<\/strong><\/p>\n<p>Nunca he estado enferma m\u00e1s que de amor y eso se cura sin necesidad de antibi\u00f3ticos ya que hace siglos se invent\u00f3 la vacuna para combatir la malquerencia o el desprecio ajeno. He tenido la suerte de poder trabajar en aquello para lo que me prepar\u00e9 y recoger la cosecha que sembr\u00e9 durante lustros de cotizaciones. Me funcionan las piernas, los brazos y la parte que importa del cerebro. El resto, acorde con la edad y las limitaciones que impone la naturaleza humana.<\/p>\n<p><strong>He tenido hijos porque dese\u00e9 tenerlos y fueron fruto del amor o por lo menos del cari\u00f1o. Casi nada, si nos paramos a pensar en lo que hay por ah\u00ed. Mis hijas siguen vivas, sanas, guapas y felices (o eso dicen ellas y yo les creo con los ojos cerrados). Tengo una nietecita de cuatro a\u00f1os que nos da lecciones a todos a pesar o gracias a la par\u00e1lisis cerebral que le aqueja; para eso ha venido al mundo, para ser faro de los que andamos en penumbra.<\/strong><\/p>\n<p>Doy gracias por todo lo que tengo en vez de condolerme por lo que creo que me falta. No lo mencionar\u00e9 aqu\u00ed, porque las carencias emocionales o an\u00edmicas son algo muy \u00edntimo -y lo que es m\u00e1s cruel- a veces son espejismos que nos han obligado a perseguir sin que lleven al oasis placentero so\u00f1ado.<\/p>\n<p><strong>La vida es un regalo para m\u00ed en estos momentos porque no tengo quejas contra nadie, ni rabias ocultas, ni albergo malos deseos hacia las personas que hayan podido hacer mi vida un poco menos feliz por lo que espero no se me tome demasiado en cuenta mis meteduras de pata. La gente viene y va, as\u00ed como los afectos. Yo voy y vengo tambi\u00e9n. S\u00e9 que nada es duradero y procuro no apegarme en exceso, dejar ir, soltar a quien quiere partir con su equipaje de razones. <em>\u201cSomos solos<\/em>\u201d, como dice una poeta bien conocida en esta p\u00e1gina. Y bien est\u00e1 as\u00ed. Cuanto antes lo aceptemos antes empezamos a disfrutar hasta de los m\u00e1s m\u00ednimos instantes de nuestra existencia.<\/strong><\/p>\n<p>La pandemia no se ha cebado en m\u00ed ni en mis seres queridos; es como si la guerra se librara al otro lado de la frontera de uno y el alivio de saberse relativamente a salvo hace ver el panorama de otra manera. La crisis econ\u00f3mica no me afecta de momento en mi condici\u00f3n de pensionista ni a mis hijas en el desarrollo de sus respectivas profesiones. El viento sopla de popa, a favor\u2026 \u00a1c\u00f3mo no estar agradecida!<\/p>\n<p><strong>Fui objeto hace poco de un \u201cdiscurso\u201d en forma de arma arrojadiza, que pretend\u00eda resumir mi trayectoria vital: \u201c<em>dos matrimonios, dos fracasos; dos hijas, ambas en la lejan\u00eda. No tengo pareja que me quiera ni perro que me ladre y ni siquiera he sido capaz de medrar econ\u00f3micamente si me hubiera esforzado un poco m\u00e1s en el desarrollo profesional. Tengo que vivir sola y morir\u00e9 sola. Deber\u00eda esforzarme un poco m\u00e1s. As\u00ed no puedes seguir, Cecilia\u201d.<\/em><\/strong><\/p>\n<p>Todo eso me dijo una persona previo permiso auto otorgado para \u201cser sincero conmigo\u201d. Escuch\u00e9 atentamente y call\u00e9 m\u00e1s sabiamente a\u00fan. Mi reflexi\u00f3n surgi\u00f3 despu\u00e9s de reposar el discurso de marras. Aqu\u00ed os la he contado y creo que <strong><span style=\"text-decoration: underline;\">\u201cas\u00ed voy a seguir\u201d.<\/span><\/strong><\/p>\n<p>Felices los felices. Dedicado a mis hijas Xixili y Amanda y a mi nieta Eila por las bendiciones recibidas.<\/p>\n<p><em>***Me tomo unas semanas de descanso del blog en el mes de Julio. Quiero concentrarme todav\u00eda m\u00e1s en el regalo que es la vida.<\/em><\/p>\n<p>LaAlquimista<\/p>\n<p>Por si alguien desea contactar:<\/p>\n<p>apartirdeloscincuenta@gmail.com<\/p>\n<p>Tambi\u00e9n puedes seguir la p\u00e1gina de Facebook:<\/p>\n<p><a href=\"https:\/\/www.facebook.com\/apartirdelos50\/\" rel=\"external nofollow\">https:\/\/www.facebook.com\/apartirdelos50\/<\/a><\/p>\n<p>y mi bit\u00e1cora estival en:<\/p>\n<p>https:\/\/a-partir-de-los50.blogspot.com\/2020\/06\/bitacora-estival-dia-9<\/p>\n<p>Fotograf\u00eda: Cecilia Casado. (Reservados los derechos)<\/p>\n<p>&nbsp;<\/p>\n<p>&nbsp;<\/p>\n<p>&nbsp;<\/p>\n<p>&nbsp;<\/p>\n<p>&nbsp;<\/p>\n<!-- AddThis Advanced Settings generic via filter on the_content --><!-- AddThis Share Buttons generic via filter on the_content -->","protected":false},"excerpt":{"rendered":"<p>S\u00e9 de qu\u00e9 hablo cuando me marco un t\u00edtulo tan grandilocuente para este post que acabar\u00e1 siendo sencillo, porque la vida que yo vivo no tiene nada de magistral ni mucho menos es manual de sabidur\u00eda para nadie. Una vida \u201cregalada\u201d la m\u00eda, en la que he recibido mucho m\u00e1s de lo que he aportado [&hellip;]<!-- AddThis Advanced Settings generic via filter on get_the_excerpt --><!-- AddThis Share Buttons generic via filter on get_the_excerpt --><\/p>\n","protected":false},"author":34,"featured_media":0,"comment_status":"open","ping_status":"closed","sticky":false,"template":"","format":"standard","meta":[],"categories":[2,1],"tags":[67,712,713],"_links":{"self":[{"href":"https:\/\/blogs.diariovasco.com\/apartirdelos50\/wp-json\/wp\/v2\/posts\/7138"}],"collection":[{"href":"https:\/\/blogs.diariovasco.com\/apartirdelos50\/wp-json\/wp\/v2\/posts"}],"about":[{"href":"https:\/\/blogs.diariovasco.com\/apartirdelos50\/wp-json\/wp\/v2\/types\/post"}],"author":[{"embeddable":true,"href":"https:\/\/blogs.diariovasco.com\/apartirdelos50\/wp-json\/wp\/v2\/users\/34"}],"replies":[{"embeddable":true,"href":"https:\/\/blogs.diariovasco.com\/apartirdelos50\/wp-json\/wp\/v2\/comments?post=7138"}],"version-history":[{"count":5,"href":"https:\/\/blogs.diariovasco.com\/apartirdelos50\/wp-json\/wp\/v2\/posts\/7138\/revisions"}],"predecessor-version":[{"id":7145,"href":"https:\/\/blogs.diariovasco.com\/apartirdelos50\/wp-json\/wp\/v2\/posts\/7138\/revisions\/7145"}],"wp:attachment":[{"href":"https:\/\/blogs.diariovasco.com\/apartirdelos50\/wp-json\/wp\/v2\/media?parent=7138"}],"wp:term":[{"taxonomy":"category","embeddable":true,"href":"https:\/\/blogs.diariovasco.com\/apartirdelos50\/wp-json\/wp\/v2\/categories?post=7138"},{"taxonomy":"post_tag","embeddable":true,"href":"https:\/\/blogs.diariovasco.com\/apartirdelos50\/wp-json\/wp\/v2\/tags?post=7138"}],"curies":[{"name":"wp","href":"https:\/\/api.w.org\/{rel}","templated":true}]}}