{"id":7168,"date":"2020-07-30T07:12:30","date_gmt":"2020-07-30T06:12:30","guid":{"rendered":"https:\/\/blogs.diariovasco.com\/apartirdelos50\/?p=7168"},"modified":"2020-07-30T07:13:08","modified_gmt":"2020-07-30T06:13:08","slug":"me-niego-a-la-no-vida","status":"publish","type":"post","link":"https:\/\/blogs.diariovasco.com\/apartirdelos50\/2020\/07\/30\/me-niego-a-la-no-vida\/","title":{"rendered":"Me niego a la &#8220;no vida&#8221;"},"content":{"rendered":"<p>&nbsp;<\/p>\n<p>&nbsp;<\/p>\n<p><a href=\"https:\/\/static-blogs.diariovasco.com\/wp-content\/uploads\/sites\/19\/2020\/07\/cerebro-enjaulado.jpg\"><img loading=\"lazy\" class=\"aligncenter size-full wp-image-7173\" src=\"https:\/\/static-blogs.diariovasco.com\/wp-content\/uploads\/sites\/19\/2020\/07\/cerebro-enjaulado.jpg\" alt=\"\" width=\"800\" height=\"800\" srcset=\"https:\/\/static-blogs.diariovasco.com\/wp-content\/uploads\/sites\/19\/2020\/07\/cerebro-enjaulado.jpg 800w, https:\/\/static-blogs.diariovasco.com\/wp-content\/uploads\/sites\/19\/2020\/07\/cerebro-enjaulado-150x150.jpg 150w, https:\/\/static-blogs.diariovasco.com\/wp-content\/uploads\/sites\/19\/2020\/07\/cerebro-enjaulado-300x300.jpg 300w, https:\/\/static-blogs.diariovasco.com\/wp-content\/uploads\/sites\/19\/2020\/07\/cerebro-enjaulado-768x768.jpg 768w\" sizes=\"(max-width: 800px) 100vw, 800px\" \/><\/a><\/p>\n<p><strong>\u00bf\u00a1Pero qu\u00e9 nos ha dado ahora por recrearnos en la <u>negaci\u00f3n<\/u> de todo lo que se mueve!? \u00bfA qu\u00e9 viene esta sinraz\u00f3n de anular la esencia de las cosas? Que si la <u>no Semana Grande<\/u>, que si las <u>no fiestas<\/u> de aqu\u00ed o de all\u00e1, que si la <u>no nueva normalidad<\/u>\u2026 \u00a1Basta ya de ahondar en el vac\u00edo! Que las cosas tienen un nombre y su contrario, tambi\u00e9n. Si no va a haber Semana Grande, pues no hay y punto, a ver si voy a tener que decirles a mis hijas que soy su \u201c<u>no madre\u201d<\/u> porque no podemos estar juntas celebrando y compartiendo la vida, a ver si resulta que soy la \u201c<u>no amante<\/u>\u201d porque con esto del coronavirus no hay hijo de vecino que se arrime a nadie por miedo a convertirse en un <u>\u201cno sano<\/u>\u201d. Rebobino y bajo el tono que estoy a punto de escribir con may\u00fasculas\u2026<\/strong><\/p>\n<p>Ahora en serio, pero que muy en serio. Primero nos obligaron a <u>\u201cdesescalar<\/u>\u201d los picos monta\u00f1osos que nunca hab\u00edamos escalado, en un giro de birlibirloque que se invent\u00f3 uno que hab\u00eda suspendido las clases de lengua en la ESO. Luego nos dijeron que se implantar\u00eda la \u201c<u>nueva normalidad<\/u>\u201d y no les dio reparo en utilizar una mera contradicci\u00f3n entre los dos t\u00e9rminos: <em>nueva y normalidad<\/em>. Despu\u00e9s \u2013y esto no tiene visos de terminar- nos hablan del \u201c<u>Nuevo Orden Mundial<\/u>\u201d como si hubieran inventado la p\u00f3lvora, sin explicar al que no sabe \u2013supongo que porque \u201cellos\u201d tampoco saben-, que ese t\u00e9rmino (Nuevo Orden Mundial = New World Order) es m\u00e1s viejo que la pana y se lo han apropiado para hablarnos de conspiraciones paranoicas que la gente comienza a creer con la misma fe con la que desde hace dos mil a\u00f1os vienen creyendo las teor\u00edas fant\u00e1sticas e indemostrables del Antiguo y Nuevo Testamento.<\/p>\n<p><strong>Ahora estamos en el \u201cno\u201d esto y \u201cno\u201d lo otro. Pronto terminar\u00e1n las <u>no vacaciones<\/u>, llegar\u00e1 el <u>nuevo no curso<\/u>, ya se ha celebrado la no Liga de futbol (a saber si los partidos se jugaron primero y se editaron despu\u00e9s para transmitirlos), en mi barrio hay un local que ya es una <u>no discoteca<\/u> aunque siga abierto y un colega que, por cierto cada d\u00eda est\u00e1 m\u00e1s trastocado con todas estas no informaciones, me ha dicho que a partir de ahora va a ser mi <u>no amigo<\/u> ya que no podemos vernos ni rozarnos <em>comme il faut<\/em>, o como mandan los c\u00e1nones de toda la vida.<\/strong><\/p>\n<p>Siguiendo esa l\u00ednea ahora podr\u00eda llegar a ser la <u>no Alquimista<\/u> porque ya s\u00f3lo puedo dar <u>no abrazos<\/u> y tengo que limitar el <u>no intercambio<\/u> de energ\u00edas porque todo esto est\u00e1 prohibido por el <u>no gobierno<\/u> que no gobierna sino que se limita a decir lo uno y su contrario con la \u00fanica variaci\u00f3n del cambio diario de mascarilla. Se ve que se las dan\u00a0 cada d\u00eda gratis y no como al com\u00fan de los mortales, que me consta que la de 0,96\u20ac que compraron muchas personas a finales de junio todav\u00eda la siguen usando sin darse cuenta de que llevan colgando (de la papada, del codo, de la mu\u00f1eca o de la oreja de Van Gogh) una <u>no mascarilla<\/u> que sirve para no proteger ni a quien la lleva ni al que est\u00e1 enfrente.<\/p>\n<p><strong>Miedo me da despertar cada ma\u00f1ana y conocer qu\u00e9 nueva boutade han perge\u00f1ado los que cobran el sueldo por contarnos como es en estos momentos la <u>no vida<\/u> que estamos viviendo y que ellos se dedican a <em>no arreglar<\/em>. En esta \u00faltima frase S\u00cd que est\u00e1 bien escrito el adverbio de negaci\u00f3n, mecachis.<\/strong><\/p>\n<p><a href=\"https:\/\/static-blogs.diariovasco.com\/wp-content\/uploads\/sites\/19\/2020\/05\/A-partir-de-los-50-2.jpg\"><img loading=\"lazy\" class=\"alignright size-medium wp-image-6987\" src=\"https:\/\/static-blogs.diariovasco.com\/wp-content\/uploads\/sites\/19\/2020\/05\/A-partir-de-los-50-2-300x300.jpg\" alt=\"\" width=\"300\" height=\"300\" srcset=\"https:\/\/static-blogs.diariovasco.com\/wp-content\/uploads\/sites\/19\/2020\/05\/A-partir-de-los-50-2-300x300.jpg 300w, https:\/\/static-blogs.diariovasco.com\/wp-content\/uploads\/sites\/19\/2020\/05\/A-partir-de-los-50-2-150x150.jpg 150w, https:\/\/static-blogs.diariovasco.com\/wp-content\/uploads\/sites\/19\/2020\/05\/A-partir-de-los-50-2.jpg 524w\" sizes=\"(max-width: 300px) 100vw, 300px\" \/><\/a>Por cierto, la \u201cno vida\u201d es la muerte, sin m\u00e1s florituras ling\u00fc\u00edsticas y ya estamos en ese camino sin retorno del que habl\u00f3 el padre del existencialismo (S\u00f6ren Kierkegaard), ese \u201cmorir en vida\u201d que se enraiza con la actual <u>no libertad. <\/u>Por no liarme m\u00e1s: tengo la certeza de que nos est\u00e1n liando malamente.<\/p>\n<p>Felices los felices.<\/p>\n<p>LaAlquimista<\/p>\n<p>Por si alguien desea contactar:<\/p>\n<p>apartirdeloscincuenta@gmail.com<\/p>\n<p>Tambi\u00e9n puedes seguir la p\u00e1gina de Facebook:<\/p>\n<p><a href=\"https:\/\/www.facebook.com\/apartirdelos50\/\" rel=\"external nofollow\">https:\/\/www.facebook.com\/apartirdelos50\/<\/a><\/p>\n<p>&nbsp;<\/p>\n<p>&nbsp;<\/p>\n<p>&nbsp;<\/p>\n<!-- AddThis Advanced Settings generic via filter on the_content --><!-- AddThis Share Buttons generic via filter on the_content -->","protected":false},"excerpt":{"rendered":"<p>&nbsp; &nbsp; \u00bf\u00a1Pero qu\u00e9 nos ha dado ahora por recrearnos en la negaci\u00f3n de todo lo que se mueve!? \u00bfA qu\u00e9 viene esta sinraz\u00f3n de anular la esencia de las cosas? Que si la no Semana Grande, que si las no fiestas de aqu\u00ed o de all\u00e1, que si la no nueva normalidad\u2026 \u00a1Basta ya [&hellip;]<!-- AddThis Advanced Settings generic via filter on get_the_excerpt --><!-- AddThis Share Buttons generic via filter on get_the_excerpt --><\/p>\n","protected":false},"author":34,"featured_media":0,"comment_status":"open","ping_status":"closed","sticky":false,"template":"","format":"standard","meta":[],"categories":[2],"tags":[722,65,721],"_links":{"self":[{"href":"https:\/\/blogs.diariovasco.com\/apartirdelos50\/wp-json\/wp\/v2\/posts\/7168"}],"collection":[{"href":"https:\/\/blogs.diariovasco.com\/apartirdelos50\/wp-json\/wp\/v2\/posts"}],"about":[{"href":"https:\/\/blogs.diariovasco.com\/apartirdelos50\/wp-json\/wp\/v2\/types\/post"}],"author":[{"embeddable":true,"href":"https:\/\/blogs.diariovasco.com\/apartirdelos50\/wp-json\/wp\/v2\/users\/34"}],"replies":[{"embeddable":true,"href":"https:\/\/blogs.diariovasco.com\/apartirdelos50\/wp-json\/wp\/v2\/comments?post=7168"}],"version-history":[{"count":3,"href":"https:\/\/blogs.diariovasco.com\/apartirdelos50\/wp-json\/wp\/v2\/posts\/7168\/revisions"}],"predecessor-version":[{"id":7174,"href":"https:\/\/blogs.diariovasco.com\/apartirdelos50\/wp-json\/wp\/v2\/posts\/7168\/revisions\/7174"}],"wp:attachment":[{"href":"https:\/\/blogs.diariovasco.com\/apartirdelos50\/wp-json\/wp\/v2\/media?parent=7168"}],"wp:term":[{"taxonomy":"category","embeddable":true,"href":"https:\/\/blogs.diariovasco.com\/apartirdelos50\/wp-json\/wp\/v2\/categories?post=7168"},{"taxonomy":"post_tag","embeddable":true,"href":"https:\/\/blogs.diariovasco.com\/apartirdelos50\/wp-json\/wp\/v2\/tags?post=7168"}],"curies":[{"name":"wp","href":"https:\/\/api.w.org\/{rel}","templated":true}]}}