{"id":8515,"date":"2022-05-06T06:05:56","date_gmt":"2022-05-06T05:05:56","guid":{"rendered":"https:\/\/blogs.diariovasco.com\/apartirdelos50\/?p=8515"},"modified":"2022-05-06T06:19:42","modified_gmt":"2022-05-06T05:19:42","slug":"mi-cuerpo-es-el-que-es","status":"publish","type":"post","link":"https:\/\/blogs.diariovasco.com\/apartirdelos50\/2022\/05\/06\/mi-cuerpo-es-el-que-es\/","title":{"rendered":"Mi cuerpo es el que es"},"content":{"rendered":"<p><a href=\"https:\/\/static-blogs.diariovasco.com\/wp-content\/uploads\/sites\/19\/2022\/05\/46055-1200x675.jpg\"><img loading=\"lazy\" class=\"aligncenter size-full wp-image-8517\" src=\"https:\/\/static-blogs.diariovasco.com\/wp-content\/uploads\/sites\/19\/2022\/05\/46055-1200x675.jpg\" alt=\"\" width=\"528\" height=\"297\" srcset=\"https:\/\/static-blogs.diariovasco.com\/wp-content\/uploads\/sites\/19\/2022\/05\/46055-1200x675.jpg 528w, https:\/\/static-blogs.diariovasco.com\/wp-content\/uploads\/sites\/19\/2022\/05\/46055-1200x675-300x169.jpg 300w\" sizes=\"(max-width: 528px) 100vw, 528px\" \/><\/a><\/p>\n<p><strong>Estoy luchando contra la rabia de tener un cuerpo viejo malamente instalado en una mente mucho m\u00e1s joven. Quiero decir que sigo con la pelea de los gimnasios (que no quiero ir ni harta de vino), de las dietas (que ya hay suficiente hambre en el mundo) y de la falta de pareja (que parece que si la tienes te mantienes m\u00e1s en forma).<\/strong><\/p>\n<p>Me miro al espejo desnuda cada ma\u00f1ana y veo c\u00f3mo mi cuerpo se va transformando; y digo transformando porque no puedo decir \u201cevolucionando\u201d. Si fuera valiente \u2013y famosa- como Valeria Schapira me fotografiar\u00eda desnuda para salir en un peri\u00f3dico de tirada nacional y romper una lanza \u2013otra m\u00e1s- a favor de la dignidad de la mujer y en contra de la dictadura del cuerpo perfecto.<\/p>\n<p><strong>Es curioso c\u00f3mo en las redes sociales se censura la desnudez humana, pero en los medios \u201cpagados\u201d no s\u00f3lo se tolera sino que se abunda en ella con permisos y parabienes. Como si fuera m\u00e1s digno \u2013o menos indigno- desnudarse bajo seg\u00fan qu\u00e9 \u00e1rboles protectores.<\/strong><\/p>\n<p>Pero a lo que voy, que me disperso.<\/p>\n<p>Dice el viejo chascarrillo que el deseo que le pedir\u00edamos todas las mujeres al genio de la l\u00e1mpara ser\u00eda \u201cpoder comer todo lo que quisiera, sin engordar\u201d. Puede ser; igual no andamos demasiado lejos, igual es el caballo de batalla que nos hace \u201cinfelices\u201d a much\u00edsimas mujeres de hoy en d\u00eda en este lado del mapamundi. En el otro, las carnes rollizas, las lorzas abundantes son objeto de deseo; aqu\u00ed, de desprecio.<\/p>\n<p><strong>Envejecen los cuerpos y envejecen las mentes, aunque nos empe\u00f1emos en adulterar ese proceso a base de tratamientos de choque que nos son vendidos por quienes siempre tienen algo que vender incluso a los que declaramos no necesitarlo.<\/strong><\/p>\n<p>S\u00ed, la mente tambi\u00e9n envejece, no me vale eso de \u201ctengo el cuerpo de 60, pero la mente de 30\u201d. \u00a1Qu\u00e9 me est\u00e1s contando! Si a los treinta no sab\u00edamos ni por d\u00f3nde nos daba el aire\u2026en comparaci\u00f3n con lo que hemos aprendido y evolucionado a lo largo de los lustros. \u00a1Ojal\u00e1 hubiera sabido a los treinta la mitad de todo lo que s\u00e9 ahora mismo! \u00a1Otro gallo me habr\u00eda cantado y no una lechuza desafinada!<\/p>\n<p><strong><a href=\"https:\/\/static-blogs.diariovasco.com\/wp-content\/uploads\/sites\/19\/2022\/01\/thumbnail_IMG_4156.jpg\"><img loading=\"lazy\" class=\"alignleft size-medium wp-image-8299\" src=\"https:\/\/static-blogs.diariovasco.com\/wp-content\/uploads\/sites\/19\/2022\/01\/thumbnail_IMG_4156-225x300.jpg\" alt=\"\" width=\"225\" height=\"300\" srcset=\"https:\/\/static-blogs.diariovasco.com\/wp-content\/uploads\/sites\/19\/2022\/01\/thumbnail_IMG_4156-225x300.jpg 225w, https:\/\/static-blogs.diariovasco.com\/wp-content\/uploads\/sites\/19\/2022\/01\/thumbnail_IMG_4156-768x1024.jpg 768w, https:\/\/static-blogs.diariovasco.com\/wp-content\/uploads\/sites\/19\/2022\/01\/thumbnail_IMG_4156.jpg 960w\" sizes=\"(max-width: 225px) 100vw, 225px\" \/><\/a>Por eso insisto: mi cuerpo es el que es. Y el tuyo y el de todos. Y no andemos comparando ni para ganar ni para salir perdiendo. Puede que la carrocer\u00eda est\u00e9 rayada y deteriorada, pero mientras el motor aguante todos tan contentos. Todas y todos, que aqu\u00ed no se libra ni el apuntador.<\/strong><\/p>\n<p>Me estaba acordando ahora de cierta amiga a la que le ha dado por decirme: \u201cCeci, tienes que adelgazar, ir al gimnasio, hacer m\u00e1s ejercicio\u201d y eso supone, untar menos pan, comer menos croquetas, menos jam\u00f3n, beber menos vino del bueno y abandonar para siempre los placeres que conforman nuestra cultura.<\/p>\n<p><a href=\"https:\/\/static-blogs.diariovasco.com\/wp-content\/uploads\/sites\/19\/2021\/10\/A-partir-de-los-50.jpg\"><img loading=\"lazy\" class=\"alignright size-medium wp-image-8167\" src=\"https:\/\/static-blogs.diariovasco.com\/wp-content\/uploads\/sites\/19\/2021\/10\/A-partir-de-los-50-300x225.jpg\" alt=\"\" width=\"300\" height=\"225\" srcset=\"https:\/\/static-blogs.diariovasco.com\/wp-content\/uploads\/sites\/19\/2021\/10\/A-partir-de-los-50-300x225.jpg 300w, https:\/\/static-blogs.diariovasco.com\/wp-content\/uploads\/sites\/19\/2021\/10\/A-partir-de-los-50.jpg 719w\" sizes=\"(max-width: 300px) 100vw, 300px\" \/><\/a><strong>Una cosa es la salud f\u00edsica y otra la salud mental. Deber\u00edan ir de la mano, pero mucho me temo que quienes se someten a duras disciplinas para tener un cuerpo fet\u00e9n, tendr\u00e1n en un rinconcito del cerebro alguna queja por verse privados de los disfrutes de la vida.<\/strong><\/p>\n<p><span style=\"text-decoration: underline;\"><em>Mi cuerpo es el que es y mientras yo lo ame todo est\u00e1 bien y en orden. No hay nada m\u00e1s que decir.<\/em><\/span><\/p>\n<p>Felices los felices.<\/p>\n<p>LaAlquimista<\/p>\n<p>Te invito a visitar mi p\u00e1gina en Facebook.<\/p>\n<p><a href=\"https:\/\/www.facebook.com\/apartirdelos50\/\" rel=\"external nofollow\">https:\/\/www.facebook.com\/apartirdelos50\/<\/a><\/p>\n<p>Por si alguien desea contactar:<\/p>\n<p>apartirdeloscincuenta@gmail.com<\/p>\n<!-- AddThis Advanced Settings generic via filter on the_content --><!-- AddThis Share Buttons generic via filter on the_content -->","protected":false},"excerpt":{"rendered":"<p>Estoy luchando contra la rabia de tener un cuerpo viejo malamente instalado en una mente mucho m\u00e1s joven. Quiero decir que sigo con la pelea de los gimnasios (que no quiero ir ni harta de vino), de las dietas (que ya hay suficiente hambre en el mundo) y de la falta de pareja (que parece [&hellip;]<!-- AddThis Advanced Settings generic via filter on get_the_excerpt --><!-- AddThis Share Buttons generic via filter on get_the_excerpt --><\/p>\n","protected":false},"author":34,"featured_media":0,"comment_status":"open","ping_status":"closed","sticky":false,"template":"","format":"standard","meta":[],"categories":[2],"tags":[1240,668,1149,98],"_links":{"self":[{"href":"https:\/\/blogs.diariovasco.com\/apartirdelos50\/wp-json\/wp\/v2\/posts\/8515"}],"collection":[{"href":"https:\/\/blogs.diariovasco.com\/apartirdelos50\/wp-json\/wp\/v2\/posts"}],"about":[{"href":"https:\/\/blogs.diariovasco.com\/apartirdelos50\/wp-json\/wp\/v2\/types\/post"}],"author":[{"embeddable":true,"href":"https:\/\/blogs.diariovasco.com\/apartirdelos50\/wp-json\/wp\/v2\/users\/34"}],"replies":[{"embeddable":true,"href":"https:\/\/blogs.diariovasco.com\/apartirdelos50\/wp-json\/wp\/v2\/comments?post=8515"}],"version-history":[{"count":3,"href":"https:\/\/blogs.diariovasco.com\/apartirdelos50\/wp-json\/wp\/v2\/posts\/8515\/revisions"}],"predecessor-version":[{"id":8519,"href":"https:\/\/blogs.diariovasco.com\/apartirdelos50\/wp-json\/wp\/v2\/posts\/8515\/revisions\/8519"}],"wp:attachment":[{"href":"https:\/\/blogs.diariovasco.com\/apartirdelos50\/wp-json\/wp\/v2\/media?parent=8515"}],"wp:term":[{"taxonomy":"category","embeddable":true,"href":"https:\/\/blogs.diariovasco.com\/apartirdelos50\/wp-json\/wp\/v2\/categories?post=8515"},{"taxonomy":"post_tag","embeddable":true,"href":"https:\/\/blogs.diariovasco.com\/apartirdelos50\/wp-json\/wp\/v2\/tags?post=8515"}],"curies":[{"name":"wp","href":"https:\/\/api.w.org\/{rel}","templated":true}]}}