{"id":8778,"date":"2022-11-18T07:30:15","date_gmt":"2022-11-18T06:30:15","guid":{"rendered":"https:\/\/blogs.diariovasco.com\/apartirdelos50\/?p=8778"},"modified":"2022-11-17T09:39:17","modified_gmt":"2022-11-17T08:39:17","slug":"peinar-canas-o-tenirlas","status":"publish","type":"post","link":"https:\/\/blogs.diariovasco.com\/apartirdelos50\/2022\/11\/18\/peinar-canas-o-tenirlas\/","title":{"rendered":"\u00bfPeinar canas o te\u00f1irlas?"},"content":{"rendered":"<p><a href=\"https:\/\/static-blogs.diariovasco.com\/wp-content\/uploads\/sites\/19\/2022\/11\/CANAS-kv6G-U901363416428fTF-1248x770@Las-Provincias.jpg\"><img loading=\"lazy\" class=\"aligncenter size-full wp-image-8780\" src=\"https:\/\/static-blogs.diariovasco.com\/wp-content\/uploads\/sites\/19\/2022\/11\/CANAS-kv6G-U901363416428fTF-1248x770@Las-Provincias.jpg\" alt=\"\" width=\"687\" height=\"424\" srcset=\"https:\/\/static-blogs.diariovasco.com\/wp-content\/uploads\/sites\/19\/2022\/11\/CANAS-kv6G-U901363416428fTF-1248x770@Las-Provincias.jpg 687w, https:\/\/static-blogs.diariovasco.com\/wp-content\/uploads\/sites\/19\/2022\/11\/CANAS-kv6G-U901363416428fTF-1248x770@Las-Provincias-300x185.jpg 300w\" sizes=\"(max-width: 687px) 100vw, 687px\" \/><\/a><\/p>\n<p><strong>Mis primeras canas aparecieron de la mano de las primeras desilusiones, es decir, hace ya muchos a\u00f1os, pero como soy m\u00e1s bien tirando a rubia no se me notaron mucho \u2013las canas, que las desilusiones las llevo grabadas a fuego- as\u00ed que no les hice mucho caso \u2013a las canas- hasta que un d\u00eda una de mis hijas me mir\u00f3 fijamente y poniendo cara de haber encontrado una colonia de chinches en mi cabeza grit\u00f3:<\/strong><\/p>\n<p><em>\u201cAma, \u00a1pero si tienes canas!\u201d.<\/em><\/p>\n<p><em>\u201cA ver, coraz\u00f3n m\u00edo, -le dije- tengo canas de la misma manera que tengo una hipoteca, para ser igual que los dem\u00e1s\u201d.<\/em><\/p>\n<p><strong>Mis iron\u00edas no suelen tener mucho \u00e9xito en casa, m\u00e1s bien generan morros y alg\u00fan que otro portazo as\u00ed que me qued\u00e9 con la mordacidad colgando de los labios y fui a trotecillo ligero al espejo del cuarto de ba\u00f1o \u2013ese que ampl\u00eda la imagen y se ve la piel como los cr\u00e1teres de la Luna- a constatar los cabellos plateados (cursiler\u00eda donde las haya). Y bueno, s\u00ed, all\u00ed estaban ellas \u2013las canas- inopinadamente surgidas como las setas despu\u00e9s de la lluvia, recientes, fresquitas, de \u00faltima generaci\u00f3n.<\/strong><\/p>\n<p>L\u00f3gicamente me deprim\u00ed durante unas cuantas horas y luego, saqu\u00e9 fuerzas de flaqueza y empec\u00e9 a llamar a mis amigas.<\/p>\n<p>\u2013 Oye, \u00bft\u00fa tienes canas?, preguntaba yo\u2026 -y las respuestas fueron de antolog\u00eda.<\/p>\n<p>&#8211; \u201cPero\u2026t\u00fa\u2026 \u00bfde qu\u00e9 vas?\u00a0\u00a0 (la amiga pija)<\/p>\n<p>&#8211; \u201cOye, guapa, canas tendr\u00e1 tu madre \u2013con perd\u00f3n- (la amiga borde)<\/p>\n<p>&#8211; \u201c\u00bfCanas, qui\u00e9n? \u00bf\u2026Yooo?\u201d\u00a0 (la amiga mentirosa)<\/p>\n<p>&#8211; \u201cPues claro, pero me las ti\u00f1o como todo el mundo\u201d (la amiga sincera)<\/p>\n<p>&#8211; \u201cOye, d\u00e9jame en paz que tengo mucho trabajo\u201d (el amigo que se las ti\u00f1e tambi\u00e9n, seguro.<\/p>\n<p><strong>Y me puse a observar a la gente de m\u00e1s o menos mi edad, a hombres y a mujeres. Cont\u00e9 una gran cantidad de f\u00e9minas con el pelo completamente blanco, cortito y ellas tan felices. A otras tantas con el pelo te\u00f1ido, a mechas, con reflejos o mechas, es decir, tapando las canas. Tambi\u00e9n hab\u00eda otras mujeres con el pelo entreverado de plata \u2013m\u00e1s cursiler\u00eda- y tan felices tambi\u00e9n. Los hombres, ellos lo tienen m\u00e1s dif\u00edcil, porque al llevar el pelo tan cortito normalmente, los que se las ti\u00f1en a la semana ya se les nota y como que no; los de abundante cabellera blanca, interesantes, s\u00ed, pero bien avejentados. Los calvos no cuentan. As\u00ed que deb\u00eda tomar una decisi\u00f3n trascendental.<\/strong><\/p>\n<p>Pero era \u00e9sta tan dif\u00edcil que, por m\u00e1s que me estrujaba el cerebro y me quitaba horas de sue\u00f1o, no consegu\u00eda decidirme. Y as\u00ed fue pasando el tiempo y los a\u00f1os y ni mis hijas ni nadie se hab\u00eda vuelto a fijar en que yo ten\u00eda canas y tan contenta pensando en todo lo que me hab\u00eda ahorrado en tintes y molestias hasta que justo ayer mismo, mi peluquera, a la que yo cre\u00eda pagaba por ser condescendiente, me dijo: \u201cbueno, a ver, \u00bfte vas a te\u00f1ir las canas de una vez o no?\u201d.<\/p>\n<p><strong><a href=\"https:\/\/static-blogs.diariovasco.com\/wp-content\/uploads\/sites\/19\/2021\/10\/A-partir-de-los-50-2.jpg\"><img loading=\"lazy\" class=\"alignleft size-medium wp-image-8176\" src=\"https:\/\/static-blogs.diariovasco.com\/wp-content\/uploads\/sites\/19\/2021\/10\/A-partir-de-los-50-2-300x300.jpg\" alt=\"\" width=\"300\" height=\"300\" srcset=\"https:\/\/static-blogs.diariovasco.com\/wp-content\/uploads\/sites\/19\/2021\/10\/A-partir-de-los-50-2-300x300.jpg 300w, https:\/\/static-blogs.diariovasco.com\/wp-content\/uploads\/sites\/19\/2021\/10\/A-partir-de-los-50-2-150x150.jpg 150w, https:\/\/static-blogs.diariovasco.com\/wp-content\/uploads\/sites\/19\/2021\/10\/A-partir-de-los-50-2.jpg 524w\" sizes=\"(max-width: 300px) 100vw, 300px\" \/><\/a>Aquel listillo medio idiota que dijo: \u201cLos hombres maduran, las mujeres envejecen\u201d, seguro que cuando lo dijo era viejo y calvo, no ten\u00eda ni idea de lo guap\u00edsimas que podemos estar hoy en d\u00eda las mujeres mayores con canas\u2026 o sin ellas.<\/strong><\/p>\n<p>Felices los felices.<\/p>\n<p>LaAlquimista<\/p>\n<p>Te invito a visitar mi p\u00e1gina en Fb.<\/p>\n<p><a href=\"https:\/\/www.facebook.com\/apartirdelos50\/\" rel=\"external nofollow\">https:\/\/www.facebook.com\/apartirdelos50\/<\/a><\/p>\n<p>Por si alguien desea contactar:<\/p>\n<p>apartirdeloscincuenta@gmail.com<\/p>\n<p>&nbsp;<\/p>\n<p>&nbsp;<\/p>\n<p>&nbsp;<\/p>\n<p>&nbsp;<\/p>\n<!-- AddThis Advanced Settings generic via filter on the_content --><!-- AddThis Share Buttons generic via filter on the_content -->","protected":false},"excerpt":{"rendered":"<p>Mis primeras canas aparecieron de la mano de las primeras desilusiones, es decir, hace ya muchos a\u00f1os, pero como soy m\u00e1s bien tirando a rubia no se me notaron mucho \u2013las canas, que las desilusiones las llevo grabadas a fuego- as\u00ed que no les hice mucho caso \u2013a las canas- hasta que un d\u00eda una [&hellip;]<!-- AddThis Advanced Settings generic via filter on get_the_excerpt --><!-- AddThis Share Buttons generic via filter on get_the_excerpt --><\/p>\n","protected":false},"author":34,"featured_media":0,"comment_status":"open","ping_status":"closed","sticky":false,"template":"","format":"standard","meta":[],"categories":[9,2],"tags":[1329,1330],"_links":{"self":[{"href":"https:\/\/blogs.diariovasco.com\/apartirdelos50\/wp-json\/wp\/v2\/posts\/8778"}],"collection":[{"href":"https:\/\/blogs.diariovasco.com\/apartirdelos50\/wp-json\/wp\/v2\/posts"}],"about":[{"href":"https:\/\/blogs.diariovasco.com\/apartirdelos50\/wp-json\/wp\/v2\/types\/post"}],"author":[{"embeddable":true,"href":"https:\/\/blogs.diariovasco.com\/apartirdelos50\/wp-json\/wp\/v2\/users\/34"}],"replies":[{"embeddable":true,"href":"https:\/\/blogs.diariovasco.com\/apartirdelos50\/wp-json\/wp\/v2\/comments?post=8778"}],"version-history":[{"count":3,"href":"https:\/\/blogs.diariovasco.com\/apartirdelos50\/wp-json\/wp\/v2\/posts\/8778\/revisions"}],"predecessor-version":[{"id":8782,"href":"https:\/\/blogs.diariovasco.com\/apartirdelos50\/wp-json\/wp\/v2\/posts\/8778\/revisions\/8782"}],"wp:attachment":[{"href":"https:\/\/blogs.diariovasco.com\/apartirdelos50\/wp-json\/wp\/v2\/media?parent=8778"}],"wp:term":[{"taxonomy":"category","embeddable":true,"href":"https:\/\/blogs.diariovasco.com\/apartirdelos50\/wp-json\/wp\/v2\/categories?post=8778"},{"taxonomy":"post_tag","embeddable":true,"href":"https:\/\/blogs.diariovasco.com\/apartirdelos50\/wp-json\/wp\/v2\/tags?post=8778"}],"curies":[{"name":"wp","href":"https:\/\/api.w.org\/{rel}","templated":true}]}}