{"id":8828,"date":"2022-12-23T10:24:31","date_gmt":"2022-12-23T09:24:31","guid":{"rendered":"https:\/\/blogs.diariovasco.com\/apartirdelos50\/?p=8828"},"modified":"2022-12-23T10:34:34","modified_gmt":"2022-12-23T09:34:34","slug":"todos-somos-buenos-por-navidad","status":"publish","type":"post","link":"https:\/\/blogs.diariovasco.com\/apartirdelos50\/2022\/12\/23\/todos-somos-buenos-por-navidad\/","title":{"rendered":"\u00bfTodos somos buenos por Navidad?"},"content":{"rendered":"<p><a href=\"https:\/\/static-blogs.diariovasco.com\/wp-content\/uploads\/sites\/19\/2022\/12\/91347500_l.jpg\"><img loading=\"lazy\" class=\"aligncenter size-large wp-image-8829\" src=\"https:\/\/static-blogs.diariovasco.com\/wp-content\/uploads\/sites\/19\/2022\/12\/91347500_l-1024x683.jpg\" alt=\"\" width=\"1024\" height=\"683\" srcset=\"https:\/\/static-blogs.diariovasco.com\/wp-content\/uploads\/sites\/19\/2022\/12\/91347500_l-1024x683.jpg 1024w, https:\/\/static-blogs.diariovasco.com\/wp-content\/uploads\/sites\/19\/2022\/12\/91347500_l-300x200.jpg 300w, https:\/\/static-blogs.diariovasco.com\/wp-content\/uploads\/sites\/19\/2022\/12\/91347500_l-768x513.jpg 768w\" sizes=\"(max-width: 1024px) 100vw, 1024px\" \/><\/a><\/p>\n<p><strong>Que s\u00ed, que ya s\u00e9 que son fechas propicias para rascarse un poco el corazoncito \u2013adem\u00e1s del bolsillo- y que quien m\u00e1s quien menos saca a pasear un rato al pepito grillo que dicen que todos llevamos dentro.<\/strong><\/p>\n<p>Yo siempre me lo he cre\u00eddo, eso de que por Navidad se aten\u00faan las ideas atravesadas y maldades en general, pero lo de las treguas en la guerra por Nochebuena era cosa de los chistes de Gila y de la Primera Guerra Mundial en 1914. Ya no hay quien deponga las armas \u2013del tipo que sean- porque estemos en \u201cfechas entra\u00f1ables\u201d.<\/p>\n<p><strong>Sin embargo, como si fuera un insulto a la inteligencia, la actualidad mundial nos ofrece cada d\u00eda, veinticuatro horas al d\u00eda, la m\u00e1s flagrante de las contradicciones. Basta con mirar de soslayo los titulares de los medios, es un puro ejercicio de masoquismo leer, escuchar o visualizar lo que cuentan.<\/strong><\/p>\n<p>Como contrapunto <em><u>buenista<\/u><\/em> y sin m\u00e1s fundamento que la necesidad de vendernos algo, (siempre hay una intenci\u00f3n espuria en estas cosas) nos ametrallan con mensajes de amor y paz, como si fuera una mercanc\u00eda que se puede comprar on-line y te la dejan en la puerta del vecino si t\u00fa no est\u00e1s en casa cuando llega el mensajero.<\/p>\n<p><strong>Supongo que de eso \u2013de la contradicci\u00f3n del \u201chaz lo que yo digo y no lo que yo hago\u201d- nos damos cuenta todos. Porque hay que ser poco avispado para no percibirlo, hay que estar muy despistado o viviendo en un mundo piruleta para que no nos chirr\u00ede el dichoso \u201cpepito grillo\u201d.<\/strong><\/p>\n<p>Los pol\u00edticos o andan como pollos sin cabeza o d\u00e1ndose dentelladas, los megaempresarios no tienen ojos m\u00e1s que para su cuenta de resultados, los banqueros se frotan las manos con crisis o sin ella porque nunca les ha afectado. Los chamanes de por aqu\u00ed \u2013l\u00e9ase funcionarios de la iglesia oficial- se suben al p\u00falpito real o virtual y tiran los balones fuera en su \u201cmundial\u201d particular.<\/p>\n<p><a href=\"https:\/\/static-blogs.diariovasco.com\/wp-content\/uploads\/sites\/19\/2022\/12\/12360388_10153377202162877_6342640939071299269_n.jpg\"><img loading=\"lazy\" class=\"alignleft size-medium wp-image-8830\" src=\"https:\/\/static-blogs.diariovasco.com\/wp-content\/uploads\/sites\/19\/2022\/12\/12360388_10153377202162877_6342640939071299269_n-300x225.jpg\" alt=\"\" width=\"300\" height=\"225\" srcset=\"https:\/\/static-blogs.diariovasco.com\/wp-content\/uploads\/sites\/19\/2022\/12\/12360388_10153377202162877_6342640939071299269_n-300x225.jpg 300w, https:\/\/static-blogs.diariovasco.com\/wp-content\/uploads\/sites\/19\/2022\/12\/12360388_10153377202162877_6342640939071299269_n-768x576.jpg 768w, https:\/\/static-blogs.diariovasco.com\/wp-content\/uploads\/sites\/19\/2022\/12\/12360388_10153377202162877_6342640939071299269_n.jpg 960w\" sizes=\"(max-width: 300px) 100vw, 300px\" \/><\/a><strong>Los ni\u00f1os quieren regalos, muchos a ser posible, porque los ven anunciados en la televisi\u00f3n. Los padres de esos ni\u00f1os son conscientes de que les maleducan y, sin embargo, a pesar de todo, miran hacia otro lado, queriendo ser \u201cbuenos padres\u201d. Los j\u00f3venes quieren tambi\u00e9n tener de todo y de marca y si no se lo pueden sacar a sus \u201cbuenos padres\u201d ya se buscan la vida para conseguirlo; ellos tambi\u00e9n necesitan estar en paz consigo mismos. Y as\u00ed, vamos subiendo, de hijos a padres y de padres a abuelos, en una carrera obligadamente desenfrenada en la que \u2013a ver qui\u00e9n lo puede refutar- eres \u201cm\u00e1s bueno\u201d cuanto mejores son los regalos que haces a los tuyos.<\/strong><\/p>\n<p>Pero \u201cser bueno\u201d\u2026 no es eso, ni de lejos. Ser buena persona es cultivar las cualidades humanas positivas: honestidad, sensibilidad, empat\u00eda, sencillez, humildad\u2026y no sigo porque hay algunas en las que \u201cno llego a la nota\u201d. Son buenas fechas para mirarnos hacia adentro y, con inusitada sinceridad, hacer un peque\u00f1o examen de conciencia y, por qu\u00e9 no, aflojar en lo que somos inflexibles y tensar la cuerda donde sabemos que nos est\u00e1n tomando el pelo.<\/p>\n<p><a href=\"https:\/\/static-blogs.diariovasco.com\/wp-content\/uploads\/sites\/19\/2021\/10\/A-partir-de-los-50.jpg\"><img loading=\"lazy\" class=\"alignright size-medium wp-image-8167\" src=\"https:\/\/static-blogs.diariovasco.com\/wp-content\/uploads\/sites\/19\/2021\/10\/A-partir-de-los-50-300x225.jpg\" alt=\"\" width=\"300\" height=\"225\" srcset=\"https:\/\/static-blogs.diariovasco.com\/wp-content\/uploads\/sites\/19\/2021\/10\/A-partir-de-los-50-300x225.jpg 300w, https:\/\/static-blogs.diariovasco.com\/wp-content\/uploads\/sites\/19\/2021\/10\/A-partir-de-los-50.jpg 719w\" sizes=\"(max-width: 300px) 100vw, 300px\" \/><\/a><strong>Ya es d\u00eda 23 de Diciembre: ya est\u00e1 echando humo el m\u00f3vil con mensajitos de paz y amor\u2026. \u00a1Qu\u00e9 ingenuos podemos llegar a ser en estas fechas del a\u00f1o!<\/strong><\/p>\n<p>Felices los felices. Siempre, diga lo que diga el calendario.<\/p>\n<p>LaAlquimista<\/p>\n<p>Te invito a visitar mi p\u00e1gina en Facebook.<\/p>\n<p><a href=\"https:\/\/www.facebook.com\/apartirdelos50\/\" rel=\"external nofollow\">https:\/\/www.facebook.com\/apartirdelos50\/<\/a><\/p>\n<p><em>Por si alguien desea contactar:<\/em><\/p>\n<p><a href=\"mailto:apartirdeloscincuenta@gmail.com\">apartirdeloscincuenta@gmail.com<\/a><\/p>\n<p>&nbsp;<\/p>\n<p>&nbsp;<\/p>\n<p>&nbsp;<\/p>\n<p>&nbsp;<\/p>\n<!-- AddThis Advanced Settings generic via filter on the_content --><!-- AddThis Share Buttons generic via filter on the_content -->","protected":false},"excerpt":{"rendered":"<p>Que s\u00ed, que ya s\u00e9 que son fechas propicias para rascarse un poco el corazoncito \u2013adem\u00e1s del bolsillo- y que quien m\u00e1s quien menos saca a pasear un rato al pepito grillo que dicen que todos llevamos dentro. Yo siempre me lo he cre\u00eddo, eso de que por Navidad se aten\u00faan las ideas atravesadas y [&hellip;]<!-- AddThis Advanced Settings generic via filter on get_the_excerpt --><!-- AddThis Share Buttons generic via filter on get_the_excerpt --><\/p>\n","protected":false},"author":34,"featured_media":0,"comment_status":"open","ping_status":"closed","sticky":false,"template":"","format":"standard","meta":[],"categories":[2],"tags":[1341,1152],"_links":{"self":[{"href":"https:\/\/blogs.diariovasco.com\/apartirdelos50\/wp-json\/wp\/v2\/posts\/8828"}],"collection":[{"href":"https:\/\/blogs.diariovasco.com\/apartirdelos50\/wp-json\/wp\/v2\/posts"}],"about":[{"href":"https:\/\/blogs.diariovasco.com\/apartirdelos50\/wp-json\/wp\/v2\/types\/post"}],"author":[{"embeddable":true,"href":"https:\/\/blogs.diariovasco.com\/apartirdelos50\/wp-json\/wp\/v2\/users\/34"}],"replies":[{"embeddable":true,"href":"https:\/\/blogs.diariovasco.com\/apartirdelos50\/wp-json\/wp\/v2\/comments?post=8828"}],"version-history":[{"count":2,"href":"https:\/\/blogs.diariovasco.com\/apartirdelos50\/wp-json\/wp\/v2\/posts\/8828\/revisions"}],"predecessor-version":[{"id":8833,"href":"https:\/\/blogs.diariovasco.com\/apartirdelos50\/wp-json\/wp\/v2\/posts\/8828\/revisions\/8833"}],"wp:attachment":[{"href":"https:\/\/blogs.diariovasco.com\/apartirdelos50\/wp-json\/wp\/v2\/media?parent=8828"}],"wp:term":[{"taxonomy":"category","embeddable":true,"href":"https:\/\/blogs.diariovasco.com\/apartirdelos50\/wp-json\/wp\/v2\/categories?post=8828"},{"taxonomy":"post_tag","embeddable":true,"href":"https:\/\/blogs.diariovasco.com\/apartirdelos50\/wp-json\/wp\/v2\/tags?post=8828"}],"curies":[{"name":"wp","href":"https:\/\/api.w.org\/{rel}","templated":true}]}}