{"id":9086,"date":"2023-05-23T07:01:22","date_gmt":"2023-05-23T06:01:22","guid":{"rendered":"https:\/\/blogs.diariovasco.com\/apartirdelos50\/?p=9086"},"modified":"2023-05-23T07:02:36","modified_gmt":"2023-05-23T06:02:36","slug":"como-gestionar-las-vacaciones-sin-peleas","status":"publish","type":"post","link":"https:\/\/blogs.diariovasco.com\/apartirdelos50\/2023\/05\/23\/como-gestionar-las-vacaciones-sin-peleas\/","title":{"rendered":"C\u00f3mo gestionar las vacaciones sin peleas"},"content":{"rendered":"<p><a href=\"https:\/\/static-blogs.diariovasco.com\/wp-content\/uploads\/sites\/19\/2023\/05\/9750921216030-1.jpg\"><img loading=\"lazy\" class=\"aligncenter size-full wp-image-9092\" src=\"https:\/\/static-blogs.diariovasco.com\/wp-content\/uploads\/sites\/19\/2023\/05\/9750921216030-1.jpg\" alt=\"\" width=\"674\" height=\"562\" srcset=\"https:\/\/static-blogs.diariovasco.com\/wp-content\/uploads\/sites\/19\/2023\/05\/9750921216030-1.jpg 674w, https:\/\/static-blogs.diariovasco.com\/wp-content\/uploads\/sites\/19\/2023\/05\/9750921216030-1-300x250.jpg 300w\" sizes=\"(max-width: 674px) 100vw, 674px\" \/><\/a><\/p>\n<p><strong>Ahora que se perfilan los meses de asueto laboral para la mayor\u00eda del personal o las fechas veraniegas en las que casi todos queremos romper la rutina para sumergirnos en otra que no siempre es m\u00e1s placentera, hay que negociar el c\u00f3mo y el d\u00f3nde.<\/strong><\/p>\n<p><strong>A unos les gusta \u201cir al pueblo\u201d y a los que viven junto al mar a la monta\u00f1a. Y los de interior quieren arena fina y mucho sol y otros ir a cualquier lugar, pero que est\u00e9 \u201clejos\u201d. Los menos, prefieren que les dejen en paz y no moverse ni de casa ni un dedo en nada que suponga esfuerzo.<\/strong><\/p>\n<p><strong>Los que tienen dinero de sobra se rompen la cabeza pensando en c\u00f3mo gastarlo de la manera m\u00e1s vanidosa posible \u2013que el postureo sigue en pie en todos los \u00e1mbitos- y los que no pueden porque no pueden de verdad a veces prefieren trabajar para sacar una cantidad extra y tapar agujeros.<\/strong><\/p>\n<p><strong>En cualquier caso, hay que negociar. Escuchar deseos y opiniones de los dem\u00e1s, dar gusto a los hijos o a la pareja, ceder \u201cpor la paz un avemar\u00eda\u201d o morderse los higadillos y seguir agachando la testuz y aceptar la imposici\u00f3n de quien levanta m\u00e1s la voz o controla la cartera. Yo qu\u00e9 s\u00e9, cada familia es un mundo, cada pareja un fort\u00edn fortificado donde quienes est\u00e1n dentro quieren salir y algunos ilusos que est\u00e1n fuera querr\u00edan entrar.<\/strong><\/p>\n<p><strong>En lo personal hace ya varios lustros que no tengo que \u201cconciliar\u201d con nadie el tiempo de ocio. La \u00faltima vez que compart\u00ed vacaciones con otra persona aquello acab\u00f3 como el rosario de la aurora por (falta de buena) voluntad expresa de ambos participantes. Compart\u00edamos mesa y mantel y poco m\u00e1s ya que mente y coraz\u00f3n iban paralelas como las v\u00edas del tren y nunca coincid\u00edan. Tanto conoc\u00edamos el percal que nos alejamos quinientos kil\u00f3metros de la \u201czona de confort\u201d cada cual en su coche previendo que hubiera que apretar el \u201cbot\u00f3n del p\u00e1nico\u201d.<\/strong><\/p>\n<p><strong>Recuerdo la falta de coincidencia de horarios y apetencias. A m\u00ed me gusta la playa a primer\u00edsima hora y salir a cenar y pasear y echar la siesta y tirarme horas leyendo a la fresca. Y hay a quien le gusta dormir hasta casi la hora del \u00e1ngelus y achicharrarse con la calorina o coger el coche y hacer kil\u00f3metros para ir a otro lugar casi id\u00e9ntico para comer en un restaurante donde las gambas son igual de sosas y de caras que en el chiringuito que est\u00e1 a tiro de piedra del apartamento alquilado.<\/strong><\/p>\n<p><strong>Cierto es que tambi\u00e9n los hay que se llevan genial y no discuten nunca y firman acuerdos t\u00e1citos con un beso y no le hacen al otro una &#8220;moci\u00f3n de censura&#8221; jam\u00e1s. Pero me perd\u00ed esa pel\u00edcula&#8230;<\/strong><\/p>\n<p><strong>Es por eso que desde hace ya unos cuantos a\u00f1os gestiono mis vacaciones sin pelea alguna. Quiero decir que voy adonde quiero, en las fechas que me convienen, con el presupuesto que me asigno (s\u00f3lo para m\u00ed) y con la tranquilidad de que no tengo que ir de copiloto sino que yo solita manejo mi barca.<\/strong><\/p>\n<p><strong>Al principio me resultaba un poco desconcertante eso de ir de vacaciones sin compa\u00f1\u00eda que llevarme a la boca -sobre todo porque las paellas exigen m\u00ednimo dos personas-, pero a fin de cuentas \u00a1hay tantas cosas ricas que se pueden comer sin necesidad de compartirlas! Y no hablo \u00fanicamente de \u201ccompa\u00f1\u00eda sentimental\u201d, que ir con una amiga puede ser igual o m\u00e1s frustrante y cabreante que hacerlo con el novio o la novia. Tambi\u00e9n me daba un nos\u00e9qu\u00e9 conducir yo sola (con la radio puesta) durante muchas horas, (\u00bfy si me pasa algo?) hasta que atraves\u00e9 sin ninguna incidencia Los Monegros y empec\u00e9 a oler a mar otra vez.<\/strong><\/p>\n<p><strong><a href=\"https:\/\/static-blogs.diariovasco.com\/wp-content\/uploads\/sites\/19\/2023\/01\/A-partir-de-los-50.jpg\"><img loading=\"lazy\" class=\"alignright size-medium wp-image-8846\" src=\"https:\/\/static-blogs.diariovasco.com\/wp-content\/uploads\/sites\/19\/2023\/01\/A-partir-de-los-50-300x225.jpg\" alt=\"\" width=\"300\" height=\"225\" srcset=\"https:\/\/static-blogs.diariovasco.com\/wp-content\/uploads\/sites\/19\/2023\/01\/A-partir-de-los-50-300x225.jpg 300w, https:\/\/static-blogs.diariovasco.com\/wp-content\/uploads\/sites\/19\/2023\/01\/A-partir-de-los-50.jpg 719w\" sizes=\"(max-width: 300px) 100vw, 300px\" \/><\/a>Luego ya todo tiende a ser miel sobre hojuelas: comer cuando llega el hambre, dormir cuando se tiene sue\u00f1o y as\u00ed todo lo dem\u00e1s. Valorar y apreciar la propia compa\u00f1\u00eda, la ausencia de normas y reglas (ajenas), agradecer el silencio (o la ausencia de ruidos humanos) y, sobre todo, ni acordarse de las cosas que uno piensa que va a echar en falta. Aprender de una vez a disfrutar de m\u00ed misma, de lo que soy y de todo lo que me gusta.<\/strong><\/p>\n<p><strong>Que nunca es tarde si la dicha es buena. Doy fe.<\/strong><\/p>\n<p><strong>Felices los felices.<\/strong><\/p>\n<p>LaAlquimista<\/p>\n<p>*Fotograf\u00eda sacada de internet<\/p>\n<p>Te invito a visitar mi p\u00e1gina en Facebook.<\/p>\n<p><a href=\"https:\/\/www.facebook.com\/apartirdelos50\/\" rel=\"external nofollow\">https:\/\/www.facebook.com\/apartirdelos50\/<\/a><\/p>\n<p><em>Por si alguien desea contactar:<\/em><\/p>\n<p><a href=\"mailto:apartirdeloscincuenta@gmail.com\">apartirdeloscincuenta@gmail.com<\/a><\/p>\n<p>&nbsp;<\/p>\n<p>&nbsp;<\/p>\n<p>&nbsp;<\/p>\n<!-- AddThis Advanced Settings generic via filter on the_content --><!-- AddThis Share Buttons generic via filter on the_content -->","protected":false},"excerpt":{"rendered":"<p>Ahora que se perfilan los meses de asueto laboral para la mayor\u00eda del personal o las fechas veraniegas en las que casi todos queremos romper la rutina para sumergirnos en otra que no siempre es m\u00e1s placentera, hay que negociar el c\u00f3mo y el d\u00f3nde. A unos les gusta \u201cir al pueblo\u201d y a los [&hellip;]<!-- AddThis Advanced Settings generic via filter on get_the_excerpt --><!-- AddThis Share Buttons generic via filter on get_the_excerpt --><\/p>\n","protected":false},"author":34,"featured_media":0,"comment_status":"open","ping_status":"closed","sticky":false,"template":"","format":"standard","meta":[],"categories":[9,2],"tags":[375,374,427],"_links":{"self":[{"href":"https:\/\/blogs.diariovasco.com\/apartirdelos50\/wp-json\/wp\/v2\/posts\/9086"}],"collection":[{"href":"https:\/\/blogs.diariovasco.com\/apartirdelos50\/wp-json\/wp\/v2\/posts"}],"about":[{"href":"https:\/\/blogs.diariovasco.com\/apartirdelos50\/wp-json\/wp\/v2\/types\/post"}],"author":[{"embeddable":true,"href":"https:\/\/blogs.diariovasco.com\/apartirdelos50\/wp-json\/wp\/v2\/users\/34"}],"replies":[{"embeddable":true,"href":"https:\/\/blogs.diariovasco.com\/apartirdelos50\/wp-json\/wp\/v2\/comments?post=9086"}],"version-history":[{"count":7,"href":"https:\/\/blogs.diariovasco.com\/apartirdelos50\/wp-json\/wp\/v2\/posts\/9086\/revisions"}],"predecessor-version":[{"id":9096,"href":"https:\/\/blogs.diariovasco.com\/apartirdelos50\/wp-json\/wp\/v2\/posts\/9086\/revisions\/9096"}],"wp:attachment":[{"href":"https:\/\/blogs.diariovasco.com\/apartirdelos50\/wp-json\/wp\/v2\/media?parent=9086"}],"wp:term":[{"taxonomy":"category","embeddable":true,"href":"https:\/\/blogs.diariovasco.com\/apartirdelos50\/wp-json\/wp\/v2\/categories?post=9086"},{"taxonomy":"post_tag","embeddable":true,"href":"https:\/\/blogs.diariovasco.com\/apartirdelos50\/wp-json\/wp\/v2\/tags?post=9086"}],"curies":[{"name":"wp","href":"https:\/\/api.w.org\/{rel}","templated":true}]}}