{"id":9189,"date":"2023-08-22T07:00:19","date_gmt":"2023-08-22T06:00:19","guid":{"rendered":"https:\/\/blogs.diariovasco.com\/apartirdelos50\/?p=9189"},"modified":"2023-08-22T08:09:23","modified_gmt":"2023-08-22T07:09:23","slug":"sin-nada-rosa-en-el-armario","status":"publish","type":"post","link":"https:\/\/blogs.diariovasco.com\/apartirdelos50\/2023\/08\/22\/sin-nada-rosa-en-el-armario\/","title":{"rendered":"Sin nada rosa en el armario"},"content":{"rendered":"<p><a href=\"https:\/\/static-blogs.diariovasco.com\/wp-content\/uploads\/sites\/19\/2023\/08\/new-barbie.jpg\"><img loading=\"lazy\" class=\"aligncenter size-full wp-image-9190\" src=\"https:\/\/static-blogs.diariovasco.com\/wp-content\/uploads\/sites\/19\/2023\/08\/new-barbie.jpg\" alt=\"\" width=\"742\" height=\"507\" srcset=\"https:\/\/static-blogs.diariovasco.com\/wp-content\/uploads\/sites\/19\/2023\/08\/new-barbie.jpg 742w, https:\/\/static-blogs.diariovasco.com\/wp-content\/uploads\/sites\/19\/2023\/08\/new-barbie-300x205.jpg 300w\" sizes=\"(max-width: 742px) 100vw, 742px\" \/><\/a><\/p>\n<p><strong>Toda mujer tiene un color favorito ya que tenemos el \u201cpantone\u201d a nuestra disposici\u00f3n. No as\u00ed los hombres, que pivotan entre azules y grises y poco m\u00e1s. El m\u00edo es el verde. (S\u00ed, ya s\u00e9 que hay un dicho al respecto, pero me da igual). Verde oliva, verde esmeralda, verde hierba o verde verderol, me gustan todos. Del resto de colores picoteo aqu\u00ed y all\u00e1 seg\u00fan el estado de \u00e1nimo, aunque hay dos que me resultan nefastos emocionalmente: el marr\u00f3n y el rosa chicle. As\u00ed que me he quedado desfasada de nuevo en cuanto a moda y tendencias ahora mismo.<\/strong><\/p>\n<p><strong>\u00bfPor qu\u00e9 tal fobia al color rosa? (Lo del marr\u00f3n se entiende f\u00e1cil). Pues ni m\u00e1s ni menos porque siempre lo he asociado a las mu\u00f1ecas de mi infancia; quiero decir a las mu\u00f1ecas que no tuve. Porque mi madre nunca se complaci\u00f3 en complacerme compr\u00e1ndome mu\u00f1ecas de ning\u00fan tipo, ni ella ni los Reyes Magos que deb\u00edan de estar aliados. Ella \u2013mi madre, una feminista de lo m\u00e1s heteropatriarcal- argumentaba que a las ni\u00f1as se nos condicionaba para el futuro de madres y amas de casa desde peque\u00f1itas y que esos referentes le parec\u00edan malsanos. Teniendo en cuenta que ella misma tuvo cuatro hijas, no ten\u00eda mucha coherencia su posici\u00f3n, pero eso no lo supe hasta mucho m\u00e1s tarde.<\/strong><\/p>\n<p><strong>El caso es que no tuve mu\u00f1ecas en mi infancia, ni una triste mu\u00f1eca que llevarme a los brazos. Lo juro. Obviamente, tal dislate me pas\u00f3 factura en la edad m\u00e1s o menos adulta, pero es bien sabido que cada quien lleva en la mochila las piedras que le han metido. A cambio, me regalaba libros, l\u00e1pices de colores y todos los juegos de construcci\u00f3n que sal\u00edan al mercado. Igual es que quer\u00eda que fuera escritora o artista o arquitecta. No lo s\u00e9.<\/strong><\/p>\n<p><strong><a href=\"https:\/\/static-blogs.diariovasco.com\/wp-content\/uploads\/sites\/19\/2023\/01\/A-partir-de-los-50-2.jpg\"><img loading=\"lazy\" class=\"alignleft size-medium wp-image-8847\" src=\"https:\/\/static-blogs.diariovasco.com\/wp-content\/uploads\/sites\/19\/2023\/01\/A-partir-de-los-50-2-300x300.jpg\" alt=\"\" width=\"300\" height=\"300\" srcset=\"https:\/\/static-blogs.diariovasco.com\/wp-content\/uploads\/sites\/19\/2023\/01\/A-partir-de-los-50-2-300x300.jpg 300w, https:\/\/static-blogs.diariovasco.com\/wp-content\/uploads\/sites\/19\/2023\/01\/A-partir-de-los-50-2-150x150.jpg 150w, https:\/\/static-blogs.diariovasco.com\/wp-content\/uploads\/sites\/19\/2023\/01\/A-partir-de-los-50-2.jpg 524w\" sizes=\"(max-width: 300px) 100vw, 300px\" \/><\/a>Tambi\u00e9n me hizo odiar el estereotipo de \u201clas ni\u00f1as de rosa, los ni\u00f1os de azul\u201d, de forma que cuando par\u00ed a mi primera criatura s\u00f3lo quise vestirla de blanco, beige o amarillo. Y sin orejas perforadas. La gente no supo a qu\u00e9 atenerse con ella hasta que le lleg\u00f3 la melena por la mitad de la espalda.<\/strong><\/p>\n<p><strong>El caso es que desarroll\u00e9 una especie de fobia al color chicle de la \u00e9poca y ahora que lo han reivindicado en una especie de movimiento global feministoide no s\u00e9 qu\u00e9 hacer, de verdad. No est\u00e1 una ya para cambiar de vigas maestras mentales. O quiz\u00e1s me pasa como aquel que siempre llegaba tarde adonde no pasaba nada\u2026.<\/strong><\/p>\n<p><strong>Felices los felices.<\/strong><\/p>\n<p><strong>LaAlquimista<\/strong><\/p>\n<p>Te invito a visitar mi p\u00e1gina en Facebook.<\/p>\n<p><a href=\"https:\/\/www.facebook.com\/apartirdelos50\/\" rel=\"external nofollow\">https:\/\/www.facebook.com\/apartirdelos50\/<\/a><\/p>\n<p><em>Por si alguien desea contactar:<\/em><\/p>\n<p><a href=\"mailto:apartirdeloscincuenta@gmail.com\">apartirdeloscincuenta@gmail.com<\/a><\/p>\n<p>&nbsp;<\/p>\n<!-- AddThis Advanced Settings generic via filter on the_content --><!-- AddThis Share Buttons generic via filter on the_content -->","protected":false},"excerpt":{"rendered":"<p>Toda mujer tiene un color favorito ya que tenemos el \u201cpantone\u201d a nuestra disposici\u00f3n. No as\u00ed los hombres, que pivotan entre azules y grises y poco m\u00e1s. El m\u00edo es el verde. (S\u00ed, ya s\u00e9 que hay un dicho al respecto, pero me da igual). Verde oliva, verde esmeralda, verde hierba o verde verderol, me [&hellip;]<!-- AddThis Advanced Settings generic via filter on get_the_excerpt --><!-- AddThis Share Buttons generic via filter on get_the_excerpt --><\/p>\n","protected":false},"author":34,"featured_media":0,"comment_status":"open","ping_status":"closed","sticky":false,"template":"","format":"standard","meta":[],"categories":[9,2],"tags":[1415,97,1416,1417],"_links":{"self":[{"href":"https:\/\/blogs.diariovasco.com\/apartirdelos50\/wp-json\/wp\/v2\/posts\/9189"}],"collection":[{"href":"https:\/\/blogs.diariovasco.com\/apartirdelos50\/wp-json\/wp\/v2\/posts"}],"about":[{"href":"https:\/\/blogs.diariovasco.com\/apartirdelos50\/wp-json\/wp\/v2\/types\/post"}],"author":[{"embeddable":true,"href":"https:\/\/blogs.diariovasco.com\/apartirdelos50\/wp-json\/wp\/v2\/users\/34"}],"replies":[{"embeddable":true,"href":"https:\/\/blogs.diariovasco.com\/apartirdelos50\/wp-json\/wp\/v2\/comments?post=9189"}],"version-history":[{"count":4,"href":"https:\/\/blogs.diariovasco.com\/apartirdelos50\/wp-json\/wp\/v2\/posts\/9189\/revisions"}],"predecessor-version":[{"id":9194,"href":"https:\/\/blogs.diariovasco.com\/apartirdelos50\/wp-json\/wp\/v2\/posts\/9189\/revisions\/9194"}],"wp:attachment":[{"href":"https:\/\/blogs.diariovasco.com\/apartirdelos50\/wp-json\/wp\/v2\/media?parent=9189"}],"wp:term":[{"taxonomy":"category","embeddable":true,"href":"https:\/\/blogs.diariovasco.com\/apartirdelos50\/wp-json\/wp\/v2\/categories?post=9189"},{"taxonomy":"post_tag","embeddable":true,"href":"https:\/\/blogs.diariovasco.com\/apartirdelos50\/wp-json\/wp\/v2\/tags?post=9189"}],"curies":[{"name":"wp","href":"https:\/\/api.w.org\/{rel}","templated":true}]}}