{"id":9273,"date":"2023-11-21T07:25:51","date_gmt":"2023-11-21T06:25:51","guid":{"rendered":"https:\/\/blogs.diariovasco.com\/apartirdelos50\/?p=9273"},"modified":"2023-11-19T10:29:50","modified_gmt":"2023-11-19T09:29:50","slug":"los-que-no-quieren-saber-nada","status":"publish","type":"post","link":"https:\/\/blogs.diariovasco.com\/apartirdelos50\/2023\/11\/21\/los-que-no-quieren-saber-nada\/","title":{"rendered":"Los que &#8220;no quieren saber nada&#8221;"},"content":{"rendered":"<p><a href=\"https:\/\/static-blogs.diariovasco.com\/wp-content\/uploads\/sites\/19\/2023\/11\/negar-la-realidad.jpg\"><img loading=\"lazy\" class=\"aligncenter size-full wp-image-9275\" src=\"https:\/\/static-blogs.diariovasco.com\/wp-content\/uploads\/sites\/19\/2023\/11\/negar-la-realidad.jpg\" alt=\"\" width=\"500\" height=\"277\" srcset=\"https:\/\/static-blogs.diariovasco.com\/wp-content\/uploads\/sites\/19\/2023\/11\/negar-la-realidad.jpg 500w, https:\/\/static-blogs.diariovasco.com\/wp-content\/uploads\/sites\/19\/2023\/11\/negar-la-realidad-300x166.jpg 300w\" sizes=\"(max-width: 500px) 100vw, 500px\" \/><\/a><\/p>\n<p><strong>La semana pasada me toc\u00f3 compartir durante una media hora larga un espacio cerrado con otra mujer. Est\u00e1bamos en un centro de rehabilitaci\u00f3n \u2013del que soy desgraciadamente asidua por el tema de mi troc\u00e1nter lesionado- y en vez de estar cada una con su m\u00f3vil mientras corrientes y ultrasonidos hac\u00edan su (supuesto) beneficio, pegamos la hebra.<\/strong><\/p>\n<p><strong>En realidad fui yo la que tir\u00f3 la primera piedra porque la jornada ven\u00eda calentita con la investidura del nuevo presidente de gobierno. Hice un chiste sobre los chistes que se hacen los pol\u00edticos entre ellos y ella me ataj\u00f3 contundentemente.<\/strong><\/p>\n<p><strong>\u2013\u201c<u>Yo no quiero saber nada<\/u>, (comenz\u00f3 su discurso) as\u00ed que ni escucho noticias ni leo peri\u00f3dicos. La televisi\u00f3n no la enciendo jam\u00e1s y como vivo sola no tengo obligaci\u00f3n de escuchar a nadie. No me interesa lo que pasa en el mundo porque todo es horrible; no hay m\u00e1s que guerras, asesinatos, violaciones y mil cosas terribles contra las que no puedo hacer nada. As\u00ed que sigo con mi vida, me preocupo de mi vida y que los dem\u00e1s hagan lo que les d\u00e9 la gana con la suya, pero a m\u00ed que me dejen en paz. Y me da igual qui\u00e9n salga presidente o quien gobierne porque no me interesa la pol\u00edtica porque todos son iguales. Yo, a lo m\u00edo. Ya te digo que no quiero saber nada\u2026as\u00ed que, si no te importa, prefiero no hablar\u201d.<\/strong><\/p>\n<p><strong>Tard\u00f3 en decir esto de corrido menos de treinta segundos, sin respirar ni pesta\u00f1ear y no le hizo mella alguna mi expresi\u00f3n molesta por lo que yo entend\u00ed era un manifiesto con ramalazo de poca educaci\u00f3n y menos aptitud social. As\u00ed que, como no pod\u00eda ser de otra manera, le sostuve la mirada, le regal\u00e9 una sonrisa y le dije: \u201cVale\u201d. Y me puse a mirar en el m\u00f3vil mi cuenta de Facebook a ver si alguien hab\u00eda compartido algo m\u00e1s interesante que lo que me dec\u00eda mi arisca compa\u00f1era.<\/strong><\/p>\n<p><strong>Y, pensando pensando, creo que estoy a punto de llegar a la conclusi\u00f3n de que hay much\u00edsima gente as\u00ed, quiero decir, gente que \u201cpasa de todo\u201d y \u201cno quiere saber nada\u201d de lo que para m\u00ed son hitos vitales, problemas comunes, retos universales.<\/strong><\/p>\n<p><strong>Gente que ocupa su tiempo en seguir el rastro de lo superficial o carente de valor intr\u00ednseco positivo. Gente que se \u201cdistrae\u201d de su propio camino cotilleando la andadura ajena, que sabe m\u00e1s de con qui\u00e9n duermen las socialit\u00e9s que de la deriva de nuestro mundo, con guerras y derechos humanos pisoteados.<\/strong><\/p>\n<p><strong><a href=\"https:\/\/static-blogs.diariovasco.com\/wp-content\/uploads\/sites\/19\/2023\/01\/A-partir-de-los-50.jpg\"><img loading=\"lazy\" class=\"alignleft size-medium wp-image-8846\" src=\"https:\/\/static-blogs.diariovasco.com\/wp-content\/uploads\/sites\/19\/2023\/01\/A-partir-de-los-50-300x225.jpg\" alt=\"\" width=\"300\" height=\"225\" srcset=\"https:\/\/static-blogs.diariovasco.com\/wp-content\/uploads\/sites\/19\/2023\/01\/A-partir-de-los-50-300x225.jpg 300w, https:\/\/static-blogs.diariovasco.com\/wp-content\/uploads\/sites\/19\/2023\/01\/A-partir-de-los-50.jpg 719w\" sizes=\"(max-width: 300px) 100vw, 300px\" \/><\/a>Pienso si esos que \u201cno quieren saber nada\u201d no se merecen todo lo que les pase, por tibios o por cobardes o, lo m\u00e1s probable, por est\u00fapidos.<\/strong><\/p>\n<p><strong>Pero tambi\u00e9n me doy cuenta de que esas personas se mover\u00e1n en su propio mundo de indiferencia e ignorancia, de la misma manera que yo estoy rodeada de seres con inquietudes y con quienes compartimos preocupaciones de otra \u00edndole bien distinta.<\/strong><\/p>\n<p><strong>No querer saber nada es peligroso. Te la van a meter por la escuadra. Y si no, al tiempo.<\/strong><\/p>\n<p><strong>Felices los felices.<\/strong><\/p>\n<p><strong>LaAlquimista<\/strong><\/p>\n<p>Te invito a visitar mi p\u00e1gina en Facebook.<\/p>\n<p><a href=\"https:\/\/www.facebook.com\/apartirdelos50\/\" rel=\"external nofollow\">https:\/\/www.facebook.com\/apartirdelos50\/<\/a><\/p>\n<p><em>Por si alguien desea contactar:<\/em><\/p>\n<p><a href=\"mailto:apartirdeloscincuenta@gmail.com\">apartirdeloscincuenta@gmail.com<\/a><\/p>\n<p>&nbsp;<\/p>\n<p>&nbsp;<\/p>\n<!-- AddThis Advanced Settings generic via filter on the_content --><!-- AddThis Share Buttons generic via filter on the_content -->","protected":false},"excerpt":{"rendered":"<p>La semana pasada me toc\u00f3 compartir durante una media hora larga un espacio cerrado con otra mujer. Est\u00e1bamos en un centro de rehabilitaci\u00f3n \u2013del que soy desgraciadamente asidua por el tema de mi troc\u00e1nter lesionado- y en vez de estar cada una con su m\u00f3vil mientras corrientes y ultrasonidos hac\u00edan su (supuesto) beneficio, pegamos la [&hellip;]<!-- AddThis Advanced Settings generic via filter on get_the_excerpt --><!-- AddThis Share Buttons generic via filter on get_the_excerpt --><\/p>\n","protected":false},"author":34,"featured_media":0,"comment_status":"open","ping_status":"closed","sticky":false,"template":"","format":"standard","meta":[],"categories":[9],"tags":[405,660,266],"_links":{"self":[{"href":"https:\/\/blogs.diariovasco.com\/apartirdelos50\/wp-json\/wp\/v2\/posts\/9273"}],"collection":[{"href":"https:\/\/blogs.diariovasco.com\/apartirdelos50\/wp-json\/wp\/v2\/posts"}],"about":[{"href":"https:\/\/blogs.diariovasco.com\/apartirdelos50\/wp-json\/wp\/v2\/types\/post"}],"author":[{"embeddable":true,"href":"https:\/\/blogs.diariovasco.com\/apartirdelos50\/wp-json\/wp\/v2\/users\/34"}],"replies":[{"embeddable":true,"href":"https:\/\/blogs.diariovasco.com\/apartirdelos50\/wp-json\/wp\/v2\/comments?post=9273"}],"version-history":[{"count":3,"href":"https:\/\/blogs.diariovasco.com\/apartirdelos50\/wp-json\/wp\/v2\/posts\/9273\/revisions"}],"predecessor-version":[{"id":9277,"href":"https:\/\/blogs.diariovasco.com\/apartirdelos50\/wp-json\/wp\/v2\/posts\/9273\/revisions\/9277"}],"wp:attachment":[{"href":"https:\/\/blogs.diariovasco.com\/apartirdelos50\/wp-json\/wp\/v2\/media?parent=9273"}],"wp:term":[{"taxonomy":"category","embeddable":true,"href":"https:\/\/blogs.diariovasco.com\/apartirdelos50\/wp-json\/wp\/v2\/categories?post=9273"},{"taxonomy":"post_tag","embeddable":true,"href":"https:\/\/blogs.diariovasco.com\/apartirdelos50\/wp-json\/wp\/v2\/tags?post=9273"}],"curies":[{"name":"wp","href":"https:\/\/api.w.org\/{rel}","templated":true}]}}