{"id":9422,"date":"2024-01-30T07:25:29","date_gmt":"2024-01-30T06:25:29","guid":{"rendered":"https:\/\/blogs.diariovasco.com\/apartirdelos50\/?p=9422"},"modified":"2024-01-29T09:36:29","modified_gmt":"2024-01-29T08:36:29","slug":"que-hacemos-cuando-falla-la-ilusion","status":"publish","type":"post","link":"https:\/\/blogs.diariovasco.com\/apartirdelos50\/2024\/01\/30\/que-hacemos-cuando-falla-la-ilusion\/","title":{"rendered":"\u00bfQu\u00e9 hacemos cuando falla la ilusi\u00f3n?"},"content":{"rendered":"<p><a href=\"https:\/\/static-blogs.diariovasco.com\/wp-content\/uploads\/sites\/19\/2024\/01\/14Pousthomis-Postales-4-superJumbo.jpg\"><img loading=\"lazy\" class=\"aligncenter size-large wp-image-9427\" src=\"https:\/\/static-blogs.diariovasco.com\/wp-content\/uploads\/sites\/19\/2024\/01\/14Pousthomis-Postales-4-superJumbo-1024x683.jpg\" alt=\"\" width=\"1024\" height=\"683\" srcset=\"https:\/\/static-blogs.diariovasco.com\/wp-content\/uploads\/sites\/19\/2024\/01\/14Pousthomis-Postales-4-superJumbo-1024x683.jpg 1024w, https:\/\/static-blogs.diariovasco.com\/wp-content\/uploads\/sites\/19\/2024\/01\/14Pousthomis-Postales-4-superJumbo-300x200.jpg 300w, https:\/\/static-blogs.diariovasco.com\/wp-content\/uploads\/sites\/19\/2024\/01\/14Pousthomis-Postales-4-superJumbo-768x512.jpg 768w, https:\/\/static-blogs.diariovasco.com\/wp-content\/uploads\/sites\/19\/2024\/01\/14Pousthomis-Postales-4-superJumbo.jpg 2048w\" sizes=\"(max-width: 1024px) 100vw, 1024px\" \/><\/a><\/p>\n<p>&nbsp;<\/p>\n<p><strong>A veces me encuentro con personas que dicen cosas que me ponen el alma patas arriba, una especie de asalto emocional inesperado, de esos que precisan un trago o un meneo para digerirlos.\u00a0\u00bfA qui\u00e9n no le habr\u00e1 ocurrido?<\/strong><\/p>\n<p><strong>Una mujer de mi edad, conocida por m\u00e1s se\u00f1as, dos besos sin fervor en una cafeter\u00eda, un \u201cqu\u00e9 tal pues bien y t\u00fa pues ya ves aqu\u00ed, bien habr\u00e1 que decir\u201d. Pero le vi la tristeza en los ojos y en vez de ser cautelosa y callar se lo dije \u201cte noto triste o ser\u00e1 la lluvia\u201d y ella me agarr\u00f3 del brazo, \u201cay, vamos a sentarnos un rato te invito a un caf\u00e9 venga, despu\u00e9s de tanto tiempo, Cecilia\u201d.<\/strong><\/p>\n<p><strong>Me cont\u00f3, despu\u00e9s del primer sorbo al caf\u00e9 con leche, que su vida era un agujero al que hab\u00eda ido bajando poco a poco alej\u00e1ndose de la luz, del esfuerzo, de la esperanza. Que sus hijos ya eran mayores y aunque estaban casados no estaban por la labor de perpetuar la especie, que su marido tambi\u00e9n estaba muy mayor y tan s\u00f3lo balbuceaban algo cuando se sentaban a la mesa: \u201cesto est\u00e1 rico, p\u00e1same la sal\u201d, que se le hab\u00edan desgastado los \u00faltimos sue\u00f1os cuidando a sus padres ancianos y que su vida, a los sesenta bien cumplidos, no ten\u00eda ning\u00fan horizonte, ninguna ilusi\u00f3n, que se alimentaba de pastillas en vez de retos y que ten\u00eda pavor de pensar que todav\u00eda pudieran quedarle veinte a\u00f1os de vida en estas condiciones.<\/strong><\/p>\n<p><strong>No dije nada y le dej\u00e9 pagar los caf\u00e9s. Se fue d\u00e1ndome un abrazo y llev\u00e1ndose el m\u00edo. Le hubiera dicho de quedar otro d\u00eda pero para qu\u00e9 si ella ya hab\u00eda elegido su destino\u2026<\/strong><\/p>\n<p><strong>\u00bfC\u00f3mo hace una persona adulta para vivir sin ilusi\u00f3n? \u00bfQu\u00e9 vac\u00edo se oculta detr\u00e1s del tel\u00f3n cuando este cae y no se vuelve a levantar?<\/strong><\/p>\n<p><strong>Tuve que aplicarme mi regla de oro n\u00famero tres, esa que dice que \u201cel peor ejemplo es el mejor ejemplo\u201d y camin\u00e9 hacia casa en elipse para prolongar la reflexi\u00f3n y que se me espabilase la mirada, mortecina por la energ\u00eda gastada en la escucha.<\/strong><\/p>\n<p><strong><a href=\"https:\/\/static-blogs.diariovasco.com\/wp-content\/uploads\/sites\/19\/2023\/01\/A-partir-de-los-50.jpg\"><img loading=\"lazy\" class=\"alignright size-medium wp-image-8846\" src=\"https:\/\/static-blogs.diariovasco.com\/wp-content\/uploads\/sites\/19\/2023\/01\/A-partir-de-los-50-300x225.jpg\" alt=\"\" width=\"300\" height=\"225\" srcset=\"https:\/\/static-blogs.diariovasco.com\/wp-content\/uploads\/sites\/19\/2023\/01\/A-partir-de-los-50-300x225.jpg 300w, https:\/\/static-blogs.diariovasco.com\/wp-content\/uploads\/sites\/19\/2023\/01\/A-partir-de-los-50.jpg 719w\" sizes=\"(max-width: 300px) 100vw, 300px\" \/><\/a>Pens\u00e9 en mis propias ilusiones, hice memoria en mi pobre biograf\u00eda ara\u00f1ando recuerdos desde los siete a\u00f1os cuando so\u00f1aba con ser viajera famosa y escribir mis peripecias o cuando mi ilusi\u00f3n se emborrach\u00f3 de fantas\u00edas period\u00edsticas, de relatos inventados, de libros por escribir. Los libros y el mundo imaginario, los viajes y sentir mi piel arder en los desiertos y temblar en los glaciares, mapamundi de imaginaci\u00f3n inacabable, sue\u00f1os, proyectos, ilusiones\u2026Aprender muchos idiomas para hablar en los confines lejanos, pintar el pasaporte con sellos de colores y experiencias, conocer, saber, comparar, disfrutar, curiosear siempre con la inquietud propia de un esp\u00edritu libre.<\/strong><\/p>\n<p><strong>No fui capaz. O tan s\u00f3lo fui capaz a medias. O ni eso.<\/strong><\/p>\n<p><strong>Tropec\u00e9 con barreras que me ara\u00f1aron con sus p\u00faas y retroced\u00ed a la trinchera de la comodidad. Hice lo que ellos quer\u00edan que hiciera y amordac\u00e9 el canto de mi propia sirena interior. Quise convencerme de que eleg\u00eda en libertad, pero tuvieron que pasar muchos a\u00f1os hasta que llegu\u00e9 a donde estoy ahora, en otra atalaya c\u00f3moda desde la que miro los \u00e1lbumes amarillentos en los que una ni\u00f1a de ojos vivos me mira sin comprender nada y pregunt\u00e1ndolo todo. <em>\u201c\u00a1C\u00f3mo has podido hacerme esto! \u00a1Las ilusiones de toda una vida\u2026!\u201d<\/em><\/strong><\/p>\n<p><strong>Ahora tan s\u00f3lo quiero creer que soy sincera conmigo misma cuando rechazo moverme en una direcci\u00f3n \u201cconveniente\u201d en lo social pero que no me conviene nada en lo emocional. La ilusi\u00f3n de formar una familia tipo tribu se fue al traste y de ese naufragio surgieron mis hijas a las que he provisto de una carga que no se merec\u00edan ni esperaban. \u00bf\u00a1Qui\u00e9n quiere ser hija de una madre reincidentemente divorciada!? <\/strong><\/p>\n<p><strong>Y lo poco que hago, lo poco que me muevo de aqu\u00ed para all\u00e1 buscando silencios o aire puro lo hago con ilusi\u00f3n\u2026o no lo hago en absoluto. Cada vez menos en la mochila, cada vez m\u00e1s en el coraz\u00f3n. Sin ilusi\u00f3n no voy ni de aqu\u00ed a la esquina a comprar pasteles, sin ilusi\u00f3n no acepto citas ni encuentros ni doy cenas en mi casa ni llamo a mis amigas; sin ilusi\u00f3n me quedo en puro hueso humillado, recordando a aquella ni\u00f1a que fui y que irradiaba luz, amor, vida.<\/strong><\/p>\n<p><strong>Vivir es una ardua tarea cuando ya no hay rutinas laborales que permiten emborronar el calendario sin m\u00e1s horizonte que el despertador cotidiano y la pel\u00edcula de la noche. Vivir cuesta, vivir cansa, vivir no es algo f\u00e1cil que pueda hacer cualquiera. Sobrevivir, s\u00ed. Pero ese es otro tema.<\/strong><\/p>\n<p><strong>Felices los felices.<\/strong><\/p>\n<p><strong>LaAlquimista<\/strong><\/p>\n<p>Te invito a visitar mi p\u00e1gina en Facebook.<\/p>\n<p><em>Por si alguien desea contactar:<\/em><\/p>\n<p><a href=\"https:\/\/www.facebook.com\/apartirdelos50\/\" rel=\"external nofollow\">https:\/\/www.facebook.com\/apartirdelos50\/<\/a><\/p>\n<p><a href=\"mailto:apartirdeloscincuenta@gmail.com\">apartirdeloscincuenta@gmail.com<\/a><\/p>\n<p>&nbsp;<\/p>\n<p>&nbsp;<\/p>\n<!-- AddThis Advanced Settings generic via filter on the_content --><!-- AddThis Share Buttons generic via filter on the_content -->","protected":false},"excerpt":{"rendered":"<p>&nbsp; A veces me encuentro con personas que dicen cosas que me ponen el alma patas arriba, una especie de asalto emocional inesperado, de esos que precisan un trago o un meneo para digerirlos.\u00a0\u00bfA qui\u00e9n no le habr\u00e1 ocurrido? Una mujer de mi edad, conocida por m\u00e1s se\u00f1as, dos besos sin fervor en una cafeter\u00eda, [&hellip;]<!-- AddThis Advanced Settings generic via filter on get_the_excerpt --><!-- AddThis Share Buttons generic via filter on get_the_excerpt --><\/p>\n","protected":false},"author":34,"featured_media":0,"comment_status":"open","ping_status":"closed","sticky":false,"template":"","format":"standard","meta":[],"categories":[9],"tags":[],"_links":{"self":[{"href":"https:\/\/blogs.diariovasco.com\/apartirdelos50\/wp-json\/wp\/v2\/posts\/9422"}],"collection":[{"href":"https:\/\/blogs.diariovasco.com\/apartirdelos50\/wp-json\/wp\/v2\/posts"}],"about":[{"href":"https:\/\/blogs.diariovasco.com\/apartirdelos50\/wp-json\/wp\/v2\/types\/post"}],"author":[{"embeddable":true,"href":"https:\/\/blogs.diariovasco.com\/apartirdelos50\/wp-json\/wp\/v2\/users\/34"}],"replies":[{"embeddable":true,"href":"https:\/\/blogs.diariovasco.com\/apartirdelos50\/wp-json\/wp\/v2\/comments?post=9422"}],"version-history":[{"count":3,"href":"https:\/\/blogs.diariovasco.com\/apartirdelos50\/wp-json\/wp\/v2\/posts\/9422\/revisions"}],"predecessor-version":[{"id":9428,"href":"https:\/\/blogs.diariovasco.com\/apartirdelos50\/wp-json\/wp\/v2\/posts\/9422\/revisions\/9428"}],"wp:attachment":[{"href":"https:\/\/blogs.diariovasco.com\/apartirdelos50\/wp-json\/wp\/v2\/media?parent=9422"}],"wp:term":[{"taxonomy":"category","embeddable":true,"href":"https:\/\/blogs.diariovasco.com\/apartirdelos50\/wp-json\/wp\/v2\/categories?post=9422"},{"taxonomy":"post_tag","embeddable":true,"href":"https:\/\/blogs.diariovasco.com\/apartirdelos50\/wp-json\/wp\/v2\/tags?post=9422"}],"curies":[{"name":"wp","href":"https:\/\/api.w.org\/{rel}","templated":true}]}}