{"id":9479,"date":"2024-02-27T07:59:37","date_gmt":"2024-02-27T06:59:37","guid":{"rendered":"https:\/\/blogs.diariovasco.com\/apartirdelos50\/?p=9479"},"modified":"2024-02-25T11:04:42","modified_gmt":"2024-02-25T10:04:42","slug":"amado-invierno-tambien-te-necesitamos","status":"publish","type":"post","link":"https:\/\/blogs.diariovasco.com\/apartirdelos50\/2024\/02\/27\/amado-invierno-tambien-te-necesitamos\/","title":{"rendered":"Amado invierno, tambi\u00e9n te necesitamos"},"content":{"rendered":"<p><a href=\"https:\/\/static-blogs.diariovasco.com\/wp-content\/uploads\/sites\/19\/2024\/02\/Donostia-neguan-1.jpg\"><img loading=\"lazy\" class=\"aligncenter size-full wp-image-9481\" src=\"https:\/\/static-blogs.diariovasco.com\/wp-content\/uploads\/sites\/19\/2024\/02\/Donostia-neguan-1.jpg\" alt=\"\" width=\"800\" height=\"531\" srcset=\"https:\/\/static-blogs.diariovasco.com\/wp-content\/uploads\/sites\/19\/2024\/02\/Donostia-neguan-1.jpg 800w, https:\/\/static-blogs.diariovasco.com\/wp-content\/uploads\/sites\/19\/2024\/02\/Donostia-neguan-1-300x199.jpg 300w, https:\/\/static-blogs.diariovasco.com\/wp-content\/uploads\/sites\/19\/2024\/02\/Donostia-neguan-1-768x510.jpg 768w\" sizes=\"(max-width: 800px) 100vw, 800px\" \/><\/a><\/p>\n<p>&nbsp;<\/p>\n<p><strong>Los que ya tenemos \u201cuna edad\u201d hemos casi olvidado aquellos tiempos en los que cualquier ciudadano ten\u00eda derecho a cuatro estaciones: primavera, verano, oto\u00f1o e invierno. Era algo que no suscitaba conversaciones de ascensor, hablar del tiempo, digo, porque el calendario marcaba inexorable la marcha del term\u00f3metro. Se pod\u00eda charlotear sobre si llev\u00e1bamos ya dos semanas viendo caer chuzos de punta (algo de lo m\u00e1s habitual en oto\u00f1o) o de si hac\u00eda un calor de castigo porque en pleno Agosto la temperatura sub\u00eda casi a los treinta grados en el norte, que es donde nac\u00ed. No hab\u00eda sorpresas ni se las esperaba.<\/strong><\/p>\n<p><strong>La siguiente generaci\u00f3n fue descubriendo que regalar un paraguas no siempre era buena idea y los j\u00f3venes o ni\u00f1os que vinieron con el nuevo siglo, acabar\u00e1n sus d\u00edas sin saber qu\u00e9 es eso de las \u201ccuatro estaciones\u201d \u2013como no sea musicalmente hablando-.<\/strong><\/p>\n<p><strong>Nos hemos acostumbrado a vivir como anta\u00f1o en Canarias donde casi siempre hac\u00eda bueno,-y por eso era costumbre ir a las islas de viaje de novios- y donde se esperaba que todo el a\u00f1o hiciera el mismo agradable y apacible buen tiempo, oblig\u00e1ndonos a los norte\u00f1os a sentir como si fueran un \u201ccastigo divino\u201d la lluvia, la nieve, el fr\u00edo, los vientos\u2026<\/strong><\/p>\n<p><strong>Sentir el invierno como algo connatural es un puro ejercicio de abrirse a la vida, a lo que nos trae o nos quita; aceptar lo que es simplemente porque ES, aunque nos rompa los planes que hab\u00edamos concebido, aunque nos moleste ponernos el abrigo y calzarnos las botas. \u00a1Qu\u00e9 f\u00e1cil ser\u00eda todo si hubiera un bot\u00f3n de \u201cpreselecci\u00f3n\u201d del tiempo, como tiene la lavadora! \u00a1Qu\u00e9 f\u00e1cil y\u2026qu\u00e9 aburrido!<\/strong><\/p>\n<p><strong>Me gusta Donosti cuando llueve y me gusta tambi\u00e9n con fr\u00edo, bruma, niebla e incluso nieve. Me gusta mi ciudad porque la he elegido para vivir en ella, -que pod\u00eda haberme marchado, como hicieron tantos- como un buen compa\u00f1ero de viaje, para gastar el cupo de mis d\u00edas aceptando lo que tenga que ser, pintando de colores un paisaje gris porque anhelo la primavera e inventando sirimiri fr\u00edo en verano porque me he saturado de sol y calor. Me gusta saber que puedo levantarme cada ma\u00f1ana y salir a la vida sin tener que quejarme del tiempo que hace.<\/strong><\/p>\n<p><strong>Hablar del tiempo, quejarse del tiempo, es como ser profundos insatisfechos que nunca estamos de acuerdo con nada, como si nuestra felicidad dependiera de las isobaras, como si la alegr\u00eda y lo trascendental estuviera fuera y no dentro. En aquellos a\u00f1os de mi juventud creo que acept\u00e1bamos la meteorolog\u00eda y sus cambios como algo absolutamente normal. Diluvios e inundaciones, sequ\u00edas y vientos saharianos; ten\u00edamos de todo repartido en cuatro estaciones al a\u00f1o.<\/strong><\/p>\n<p><strong>Ahora ya no se sabe bien. Se investiga y se dictamina \u2013hay quien dice que lo hacen los agoreros- un \u201ccambio clim\u00e1tico\u201d abrasador que arrasar\u00e1 apocal\u00edpticamente a todo el planeta por culpa de las emisiones perniciosas de gases t\u00f3xicos a la atm\u00f3sfera.<\/strong><\/p>\n<p><strong>Es terrible, vaya que s\u00ed. Con lo que nos quej\u00e1bamos de la lluvia hace unos a\u00f1os\u2026 En fin.<\/strong><\/p>\n<p><strong>Felices los felices.<\/strong><\/p>\n<p>LaAlquimista<\/p>\n<p>Te invito a visitar mi p\u00e1gina en Facebook.<\/p>\n<p><a href=\"https:\/\/www.facebook.com\/apartirdelos50\/\" rel=\"external nofollow\">https:\/\/www.facebook.com\/apartirdelos50\/<\/a><\/p>\n<p><em>Por si alguien desea contactar:<\/em><\/p>\n<p><a href=\"mailto:apartirdeloscincuenta@gmail.com\">apartirdeloscincuenta@gmail.com<\/a><\/p>\n<p>&nbsp;<\/p>\n<p>&nbsp;<\/p>\n<p>&nbsp;<\/p>\n<!-- AddThis Advanced Settings generic via filter on the_content --><!-- AddThis Share Buttons generic via filter on the_content -->","protected":false},"excerpt":{"rendered":"<p>&nbsp; Los que ya tenemos \u201cuna edad\u201d hemos casi olvidado aquellos tiempos en los que cualquier ciudadano ten\u00eda derecho a cuatro estaciones: primavera, verano, oto\u00f1o e invierno. Era algo que no suscitaba conversaciones de ascensor, hablar del tiempo, digo, porque el calendario marcaba inexorable la marcha del term\u00f3metro. Se pod\u00eda charlotear sobre si llev\u00e1bamos ya [&hellip;]<!-- AddThis Advanced Settings generic via filter on get_the_excerpt --><!-- AddThis Share Buttons generic via filter on get_the_excerpt --><\/p>\n","protected":false},"author":34,"featured_media":0,"comment_status":"open","ping_status":"closed","sticky":false,"template":"","format":"standard","meta":[],"categories":[2],"tags":[1230,1468,525],"_links":{"self":[{"href":"https:\/\/blogs.diariovasco.com\/apartirdelos50\/wp-json\/wp\/v2\/posts\/9479"}],"collection":[{"href":"https:\/\/blogs.diariovasco.com\/apartirdelos50\/wp-json\/wp\/v2\/posts"}],"about":[{"href":"https:\/\/blogs.diariovasco.com\/apartirdelos50\/wp-json\/wp\/v2\/types\/post"}],"author":[{"embeddable":true,"href":"https:\/\/blogs.diariovasco.com\/apartirdelos50\/wp-json\/wp\/v2\/users\/34"}],"replies":[{"embeddable":true,"href":"https:\/\/blogs.diariovasco.com\/apartirdelos50\/wp-json\/wp\/v2\/comments?post=9479"}],"version-history":[{"count":3,"href":"https:\/\/blogs.diariovasco.com\/apartirdelos50\/wp-json\/wp\/v2\/posts\/9479\/revisions"}],"predecessor-version":[{"id":9483,"href":"https:\/\/blogs.diariovasco.com\/apartirdelos50\/wp-json\/wp\/v2\/posts\/9479\/revisions\/9483"}],"wp:attachment":[{"href":"https:\/\/blogs.diariovasco.com\/apartirdelos50\/wp-json\/wp\/v2\/media?parent=9479"}],"wp:term":[{"taxonomy":"category","embeddable":true,"href":"https:\/\/blogs.diariovasco.com\/apartirdelos50\/wp-json\/wp\/v2\/categories?post=9479"},{"taxonomy":"post_tag","embeddable":true,"href":"https:\/\/blogs.diariovasco.com\/apartirdelos50\/wp-json\/wp\/v2\/tags?post=9479"}],"curies":[{"name":"wp","href":"https:\/\/api.w.org\/{rel}","templated":true}]}}