{"id":9940,"date":"2024-06-08T07:43:58","date_gmt":"2024-06-08T06:43:58","guid":{"rendered":"https:\/\/blogs.diariovasco.com\/apartirdelos50\/?p=9940"},"modified":"2024-06-08T07:43:58","modified_gmt":"2024-06-08T06:43:58","slug":"la-leyenda-de-molly-malone","status":"publish","type":"post","link":"https:\/\/blogs.diariovasco.com\/apartirdelos50\/2024\/06\/08\/la-leyenda-de-molly-malone\/","title":{"rendered":"La leyenda de Molly Malone"},"content":{"rendered":"<p><a href=\"https:\/\/static-blogs.diariovasco.com\/wp-content\/uploads\/sites\/19\/2024\/06\/Molly_Malone_073007.jpg\"><img loading=\"lazy\" src=\"https:\/\/static-blogs.diariovasco.com\/wp-content\/uploads\/sites\/19\/2024\/06\/Molly_Malone_073007.jpg\" alt=\"\" width=\"640\" height=\"595\" class=\"aligncenter size-full wp-image-9941\" srcset=\"https:\/\/static-blogs.diariovasco.com\/wp-content\/uploads\/sites\/19\/2024\/06\/Molly_Malone_073007.jpg 640w, https:\/\/static-blogs.diariovasco.com\/wp-content\/uploads\/sites\/19\/2024\/06\/Molly_Malone_073007-300x279.jpg 300w\" sizes=\"(max-width: 640px) 100vw, 640px\" \/><\/a><br \/>\nMolly Malone no se sabe si existi\u00f3 o es pura leyenda urbana en Dubl\u00edn, pero hay una franquicia con ese nombre que da \u201ccomida para guiris\u201d all\u00e1 donde vea viable su nicho de negocio. Es lo que es y tambi\u00e9n un buen apa\u00f1o a las siete de la tarde sobre todo porque haciendo honor a Miss Molly, ofertan mejillones en una salsa tipo chimichurri que est\u00e1n bastante buenos. All\u00e1 que me fui con un amigo donostiarra que tambi\u00e9n recala por estas playas para ensalzar el calorcito mientras en casa siguen con el plumas.<\/p>\n<p>https:\/\/es.wikipedia.org\/wiki\/Molly_Malone<br \/>\nLa sorpresa fue cuando se nos acerca una pizpireta camarera, con shorts y camisetita, y cuando le preguntamos que qu\u00e9 tienen para cenar responde \u2013sin ruborizarse-: \u201cOh, sorry, we only speack English.\u201d A mi amigo y a m\u00ed se nos empez\u00f3 a perfilar una mueca \u201cmodelomilei\u201d y sacamos la motosierra. \u201cOh, lo siento, esto es Espa\u00f1a y s\u00f3lo hablamos Espa\u00f1ol\u201d.<\/p>\n<p>La moza se sobresalt\u00f3 e hizo se\u00f1as a una compa\u00f1era, pizpireta tambi\u00e9n ella, con minifalda y top, que acudi\u00f3 rauda a desfacer el entuerto. \u201cBonsoir, qu\u2019est ce que Vous voulez manger?\u201d y, claro, jo jo jo, ya comenzamos a frotarnos las manos; hoy lo vamos a pasar guay, pensamos mi amigo y yo al un\u00edsono. As\u00ed que, con cara de obispo que no ha roto nunca un plato volvimos a decir en la lengua de Cervantes que nosotros \u201cs\u00f3lo hablamos espa\u00f1\u00f3\u201d.<\/p>\n<p>Se fue rauda y veloz la \u201ccheerleader\u201d y por fin, a la tercera va a la vencida, apareci\u00f3 la encargada \u2013vestida de encargada- y en un castellano con perfecto acento rumano nos comunic\u00f3 que el local es un \u201clocal para guiris\u201d y que por eso tal y cual\u2026 -\u201cAh, \u00bfpues acaso hay un letrero que ponga \u201cprohibido espa\u00f1oles y\/o catalanes\u201d?<br \/>\n-No, no, faltar\u00eda m\u00e1s, yo les atiendo, d\u00edganme qu\u00e9 desean\u2026<\/p>\n<p><a href=\"https:\/\/static-blogs.diariovasco.com\/wp-content\/uploads\/sites\/19\/2024\/04\/A-partir-de-los-50-2.jpg\"><img loading=\"lazy\" src=\"https:\/\/static-blogs.diariovasco.com\/wp-content\/uploads\/sites\/19\/2024\/04\/A-partir-de-los-50-2-300x300.jpg\" alt=\"\" width=\"300\" height=\"300\" class=\"alignright size-medium wp-image-9808\" srcset=\"https:\/\/static-blogs.diariovasco.com\/wp-content\/uploads\/sites\/19\/2024\/04\/A-partir-de-los-50-2-300x300.jpg 300w, https:\/\/static-blogs.diariovasco.com\/wp-content\/uploads\/sites\/19\/2024\/04\/A-partir-de-los-50-2-150x150.jpg 150w, https:\/\/static-blogs.diariovasco.com\/wp-content\/uploads\/sites\/19\/2024\/04\/A-partir-de-los-50-2.jpg 524w\" sizes=\"(max-width: 300px) 100vw, 300px\" \/><\/a>Y entre mejill\u00f3n y mejill\u00f3n, sepia y ensalada, conseguimos no dar la nota con nuestras carcajadas.<\/p>\n<p>En fin. Cosas veredes\u2026 y &#8220;de fuera vendr\u00e1n, que de tu casa te echar\u00e1n.&#8221;<\/p>\n<p>felices los felices.  <\/p>\n<p>LaAlquimista<\/p>\n<p>Te invito a visitar mi p\u00e1gina en Facebook.<br \/>\nhttps:\/\/www.facebook.com\/apartirdelos50\/<br \/>\nPor si alguien desea contactar:<br \/>\napartirdeloscincuenta@gmail.com<\/p>\n<!-- AddThis Advanced Settings generic via filter on the_content --><!-- AddThis Share Buttons generic via filter on the_content -->","protected":false},"excerpt":{"rendered":"<p>Molly Malone no se sabe si existi\u00f3 o es pura leyenda urbana en Dubl\u00edn, pero hay una franquicia con ese nombre que da \u201ccomida para guiris\u201d all\u00e1 donde vea viable su nicho de negocio. Es lo que es y tambi\u00e9n un buen apa\u00f1o a las siete de la tarde sobre todo porque haciendo honor a [&hellip;]<!-- AddThis Advanced Settings generic via filter on get_the_excerpt --><!-- AddThis Share Buttons generic via filter on get_the_excerpt --><\/p>\n","protected":false},"author":34,"featured_media":0,"comment_status":"open","ping_status":"closed","sticky":false,"template":"","format":"standard","meta":[],"categories":[1],"tags":[1504],"_links":{"self":[{"href":"https:\/\/blogs.diariovasco.com\/apartirdelos50\/wp-json\/wp\/v2\/posts\/9940"}],"collection":[{"href":"https:\/\/blogs.diariovasco.com\/apartirdelos50\/wp-json\/wp\/v2\/posts"}],"about":[{"href":"https:\/\/blogs.diariovasco.com\/apartirdelos50\/wp-json\/wp\/v2\/types\/post"}],"author":[{"embeddable":true,"href":"https:\/\/blogs.diariovasco.com\/apartirdelos50\/wp-json\/wp\/v2\/users\/34"}],"replies":[{"embeddable":true,"href":"https:\/\/blogs.diariovasco.com\/apartirdelos50\/wp-json\/wp\/v2\/comments?post=9940"}],"version-history":[{"count":1,"href":"https:\/\/blogs.diariovasco.com\/apartirdelos50\/wp-json\/wp\/v2\/posts\/9940\/revisions"}],"predecessor-version":[{"id":9942,"href":"https:\/\/blogs.diariovasco.com\/apartirdelos50\/wp-json\/wp\/v2\/posts\/9940\/revisions\/9942"}],"wp:attachment":[{"href":"https:\/\/blogs.diariovasco.com\/apartirdelos50\/wp-json\/wp\/v2\/media?parent=9940"}],"wp:term":[{"taxonomy":"category","embeddable":true,"href":"https:\/\/blogs.diariovasco.com\/apartirdelos50\/wp-json\/wp\/v2\/categories?post=9940"},{"taxonomy":"post_tag","embeddable":true,"href":"https:\/\/blogs.diariovasco.com\/apartirdelos50\/wp-json\/wp\/v2\/tags?post=9940"}],"curies":[{"name":"wp","href":"https:\/\/api.w.org\/{rel}","templated":true}]}}