{"id":9943,"date":"2024-06-09T06:50:40","date_gmt":"2024-06-09T05:50:40","guid":{"rendered":"https:\/\/blogs.diariovasco.com\/apartirdelos50\/?p=9943"},"modified":"2024-06-09T06:52:56","modified_gmt":"2024-06-09T05:52:56","slug":"unas-horas-de-silencio","status":"publish","type":"post","link":"https:\/\/blogs.diariovasco.com\/apartirdelos50\/2024\/06\/09\/unas-horas-de-silencio\/","title":{"rendered":"Unas horas de silencio"},"content":{"rendered":"<p><a href=\"https:\/\/static-blogs.diariovasco.com\/wp-content\/uploads\/sites\/19\/2024\/06\/447560333_10160313385987877_3077104419066487777_n.jpg\"><img loading=\"lazy\" src=\"https:\/\/static-blogs.diariovasco.com\/wp-content\/uploads\/sites\/19\/2024\/06\/447560333_10160313385987877_3077104419066487777_n.jpg\" alt=\"\" width=\"720\" height=\"960\" class=\"aligncenter size-full wp-image-9944\" srcset=\"https:\/\/static-blogs.diariovasco.com\/wp-content\/uploads\/sites\/19\/2024\/06\/447560333_10160313385987877_3077104419066487777_n.jpg 720w, https:\/\/static-blogs.diariovasco.com\/wp-content\/uploads\/sites\/19\/2024\/06\/447560333_10160313385987877_3077104419066487777_n-225x300.jpg 225w\" sizes=\"(max-width: 720px) 100vw, 720px\" \/><\/a><br \/>\nAyer fue un d\u00eda tranquilo, de esos que me sientan igual de bien que un masajito suave, cuando notas que te vas relajando de afuera hacia adentro, empezando por la piel algo seca, siguiendo por los m\u00fasculos bastante tensos y que el bienestar va extendi\u00e9ndose al interior del cuerpo y sobre todo a esa parte que no sale en las radiograf\u00edas pero que es donde se halla la paz, el silencio que me lo da todo.<\/p>\n<p>Ayer fue un d\u00eda tranquilo, sin m\u00e1s hablar que decirle la hora a un se\u00f1or que me la pregunt\u00f3 paseando por la playa; \u00e9l no llevaba m\u00f3vil, yo tampoco -\u00bfqui\u00e9n lleva reloj a estas alturas?- as\u00ed que nos quedamos parados mirando hacia arriba y calculando. -\u201cPues yo creo que sobre las doce porque el sol ya est\u00e1 muy alto\u201d, dijo \u00e9l. -\u201cPues yo creo que m\u00e1s cerca de la una porque me rugen las tripas\u201d, contest\u00e9 yo. Me mir\u00f3, como pensando en voz alta, \u201cvaya mujer m\u00e1s poco glamurosa\u201d y yo le sonre\u00ed con muchos dientes\u2026y ya. Fin de la interacci\u00f3n humana del d\u00eda.<br \/>\nSi es que llevo tres d\u00edas en \u201cmi otro mar\u201d y no he parado un minuto; que si el viaje y la tromba\/diluvio del s\u00e1bado, que si el festejo del domingo y las tonter\u00edas del lunes (llenar el frigo, ubicar mis trastos, saludar a los vecinos, cenar donde los guiris). <\/p>\n<p>Por fin me toca \u2013el martes- un d\u00eda de los que me gustan, demorado y remol\u00f3n, con buen paseo playero, pero sin ba\u00f1o todav\u00eda, que est\u00e1 el mar lleno de ca\u00f1as, maderas y dem\u00e1s residuos antinaturales, comiendo en la terraza bajo la buganvilla, haciendo un poco de siesta como corresponde a quienes ya s\u00f3lo mantenemos vicios no pecaminosos. <\/p>\n<p><a href=\"https:\/\/static-blogs.diariovasco.com\/wp-content\/uploads\/sites\/19\/2024\/05\/A-partir-de-los-50.jpg\"><img loading=\"lazy\" src=\"https:\/\/static-blogs.diariovasco.com\/wp-content\/uploads\/sites\/19\/2024\/05\/A-partir-de-los-50-300x225.jpg\" alt=\"\" width=\"300\" height=\"225\" class=\"alignleft size-medium wp-image-9827\" srcset=\"https:\/\/static-blogs.diariovasco.com\/wp-content\/uploads\/sites\/19\/2024\/05\/A-partir-de-los-50-300x225.jpg 300w, https:\/\/static-blogs.diariovasco.com\/wp-content\/uploads\/sites\/19\/2024\/05\/A-partir-de-los-50.jpg 719w\" sizes=\"(max-width: 300px) 100vw, 300px\" \/><\/a>He empezado a pintar de nuevo mis cuadritos playeros, cielo y mar. La sesi\u00f3n de lectura en el jard\u00edn, en ese \u201csol y sombra\u201d que da calorcito a ratos y refresca otros d\u00e1ndole un plus de calidad a la lectura.<\/p>\n<p>Acercarme al mar para ver la puesta del sol, magn\u00edfica y silenciosa, sin compartirla con nadie \u2013porque ni siquiera hice fotos aunque llevaba el m\u00f3vil-, me gusta ir en modo \u201cpensamientos libres\u201d de vez en cuando. La cena ligera, la noche liviana, el despertar contento.<br \/>\nVoy en busca de mi destino\u2026<\/p>\n<p>Felices los felices.<\/p>\n<p>LaAlquimista<br \/>\nTe invito a visitar mi p\u00e1gina en Facebook.<br \/>\nhttps:\/\/www.facebook.com\/apartirdelos50\/<br \/>\nPor si alguien desea contactar:<br \/>\napartirdeloscincuenta@gmail.com<\/p>\n<!-- AddThis Advanced Settings generic via filter on the_content --><!-- AddThis Share Buttons generic via filter on the_content -->","protected":false},"excerpt":{"rendered":"<p>Ayer fue un d\u00eda tranquilo, de esos que me sientan igual de bien que un masajito suave, cuando notas que te vas relajando de afuera hacia adentro, empezando por la piel algo seca, siguiendo por los m\u00fasculos bastante tensos y que el bienestar va extendi\u00e9ndose al interior del cuerpo y sobre todo a esa parte [&hellip;]<!-- AddThis Advanced Settings generic via filter on get_the_excerpt --><!-- AddThis Share Buttons generic via filter on get_the_excerpt --><\/p>\n","protected":false},"author":34,"featured_media":0,"comment_status":"open","ping_status":"closed","sticky":false,"template":"","format":"standard","meta":[],"categories":[1],"tags":[1505],"_links":{"self":[{"href":"https:\/\/blogs.diariovasco.com\/apartirdelos50\/wp-json\/wp\/v2\/posts\/9943"}],"collection":[{"href":"https:\/\/blogs.diariovasco.com\/apartirdelos50\/wp-json\/wp\/v2\/posts"}],"about":[{"href":"https:\/\/blogs.diariovasco.com\/apartirdelos50\/wp-json\/wp\/v2\/types\/post"}],"author":[{"embeddable":true,"href":"https:\/\/blogs.diariovasco.com\/apartirdelos50\/wp-json\/wp\/v2\/users\/34"}],"replies":[{"embeddable":true,"href":"https:\/\/blogs.diariovasco.com\/apartirdelos50\/wp-json\/wp\/v2\/comments?post=9943"}],"version-history":[{"count":1,"href":"https:\/\/blogs.diariovasco.com\/apartirdelos50\/wp-json\/wp\/v2\/posts\/9943\/revisions"}],"predecessor-version":[{"id":9945,"href":"https:\/\/blogs.diariovasco.com\/apartirdelos50\/wp-json\/wp\/v2\/posts\/9943\/revisions\/9945"}],"wp:attachment":[{"href":"https:\/\/blogs.diariovasco.com\/apartirdelos50\/wp-json\/wp\/v2\/media?parent=9943"}],"wp:term":[{"taxonomy":"category","embeddable":true,"href":"https:\/\/blogs.diariovasco.com\/apartirdelos50\/wp-json\/wp\/v2\/categories?post=9943"},{"taxonomy":"post_tag","embeddable":true,"href":"https:\/\/blogs.diariovasco.com\/apartirdelos50\/wp-json\/wp\/v2\/tags?post=9943"}],"curies":[{"name":"wp","href":"https:\/\/api.w.org\/{rel}","templated":true}]}}