{"id":9981,"date":"2024-06-18T06:12:15","date_gmt":"2024-06-18T05:12:15","guid":{"rendered":"https:\/\/blogs.diariovasco.com\/apartirdelos50\/?p=9981"},"modified":"2024-06-18T06:23:15","modified_gmt":"2024-06-18T05:23:15","slug":"al-mercadillo-con-honor","status":"publish","type":"post","link":"https:\/\/blogs.diariovasco.com\/apartirdelos50\/2024\/06\/18\/al-mercadillo-con-honor\/","title":{"rendered":"Al mercadillo con amor"},"content":{"rendered":"<p><a href=\"https:\/\/static-blogs.diariovasco.com\/wp-content\/uploads\/sites\/19\/2024\/06\/448126126_10160327838417877_5514314727500764019_n.jpg\"><img loading=\"lazy\" src=\"https:\/\/static-blogs.diariovasco.com\/wp-content\/uploads\/sites\/19\/2024\/06\/448126126_10160327838417877_5514314727500764019_n.jpg\" alt=\"\" width=\"540\" height=\"960\" class=\"aligncenter size-full wp-image-9983\" srcset=\"https:\/\/static-blogs.diariovasco.com\/wp-content\/uploads\/sites\/19\/2024\/06\/448126126_10160327838417877_5514314727500764019_n.jpg 540w, https:\/\/static-blogs.diariovasco.com\/wp-content\/uploads\/sites\/19\/2024\/06\/448126126_10160327838417877_5514314727500764019_n-169x300.jpg 169w\" sizes=\"(max-width: 540px) 100vw, 540px\" \/><\/a>Me gustan a rabiar los mercadillos de los pueblos grandes por lo que tienen de libro de texto de sociolog\u00eda aplicada. En pocos lugares encontraremos este \u201ctotum revolutum\u201d de deseos y necesidad. Deseos \u2013los de los turistas- de sacar la foto del pintoresquismo popular y comprar cuatro frusler\u00edas a precio conveniente (conveniente para ellos que traen euros europeos que valen m\u00e1s que los de aqu\u00ed). Necesidad \u2013la de los aut\u00f3ctonos de ocho apellidos catalanes y la de los integrados y empadronados- que pueden comprar el producto de proximidad a mitad de precio que en el Mercadona, el DIA, el Lidl o el Esclat que son las grandes superficies que pastorean por esta zona de la costa catalana. <\/p>\n<p>Los puestos de ropa vieja o de segunda mano \u2013eufemismo rid\u00edculo lo de llamarle \u201cvintage\u201d- con monta\u00f1as de textil a 2 \u00f3 3\u20ac, para ni\u00f1os, j\u00f3venes, madres y padres que hacen malabarismos para llegar a fin de mes.<\/p>\n<p><a href=\"https:\/\/static-blogs.diariovasco.com\/wp-content\/uploads\/sites\/19\/2024\/06\/448214240_10160327838442877_7896061400540381682_n.jpg\"><img loading=\"lazy\" src=\"https:\/\/static-blogs.diariovasco.com\/wp-content\/uploads\/sites\/19\/2024\/06\/448214240_10160327838442877_7896061400540381682_n-300x225.jpg\" alt=\"\" width=\"300\" height=\"225\" class=\"alignleft size-medium wp-image-9985\" srcset=\"https:\/\/static-blogs.diariovasco.com\/wp-content\/uploads\/sites\/19\/2024\/06\/448214240_10160327838442877_7896061400540381682_n-300x225.jpg 300w, https:\/\/static-blogs.diariovasco.com\/wp-content\/uploads\/sites\/19\/2024\/06\/448214240_10160327838442877_7896061400540381682_n-768x576.jpg 768w, https:\/\/static-blogs.diariovasco.com\/wp-content\/uploads\/sites\/19\/2024\/06\/448214240_10160327838442877_7896061400540381682_n.jpg 960w\" sizes=\"(max-width: 300px) 100vw, 300px\" \/><\/a>Y la ropa a estrenar, toda ella hecha en China, como en todas partes, tambi\u00e9n a mitad de precio que en las grandes cadenas textiles del pa\u00eds \u2013no digo m\u00e1s nombres porque me canso- y de la misma chuchurr\u00eda mala calidad.<\/p>\n<p>Algunos puestos hay con la ense\u00f1a \u201cHecho en Espa\u00f1a\u201d y es calzado patrio pero tambi\u00e9n de baj\u00edsima calidad, que aqu\u00ed somos capaces de hacer las mismas porquer\u00edas que en la P.R.C o en Vietnam o en Bangladesh.<\/p>\n<p>Pero yo voy por la gente \u2013y por las cerezas que en esta \u00e9poca est\u00e1n buen\u00edsimas y a buen precio-.<\/p>\n<p>La gente a la que miro y remiro y escucho y chafardeo lo m\u00e1s disimuladamente que puedo.<br \/>\nCasi el 80% son turistas que consideran el mercadillo como una atracci\u00f3n m\u00e1s de la zona. Compran mucho \u2013sobre todo regalos para los nietos, gorras y camisetas de equipos de f\u00fatbol pirateadas- y cuando se cansan se sientan a tomar un caf\u00e9 con leche y mojar churros. Que esa es otra, los churros del mercadillo, que endulzan con su aroma de az\u00facar glas y fritanga el espacio de sauna popular lleno de miles (y he dicho bien) de personas buscando su sentido de la vida. En el aparcamiento gigantesco cont\u00e9, multiplicando ancho por largo, m\u00e1s de cuatrocientos coches.<\/p>\n<p>Sigue de moda el t\u00f3pico del marido con cara de fastidio mientras la se\u00f1ora revuelve ropa, se prueba gafas de sol de a 5\u20ac -homologadas en Sud\u00e1n del Sur- y se hace con un bonito bolso s\u00faper-cuqui con un ligero toque franc\u00e9s por 8\u20ac de vell\u00f3n, lo que le cuesta en su ciudad de origen una bolsa de pl\u00e1stico para meter los puerros y las verduras.<\/p>\n<p><a href=\"https:\/\/static-blogs.diariovasco.com\/wp-content\/uploads\/sites\/19\/2024\/06\/448162678_10160327838432877_9210752876834542079_n.jpg\"><img loading=\"lazy\" src=\"https:\/\/static-blogs.diariovasco.com\/wp-content\/uploads\/sites\/19\/2024\/06\/448162678_10160327838432877_9210752876834542079_n-225x300.jpg\" alt=\"\" width=\"225\" height=\"300\" class=\"alignright size-medium wp-image-9986\" srcset=\"https:\/\/static-blogs.diariovasco.com\/wp-content\/uploads\/sites\/19\/2024\/06\/448162678_10160327838432877_9210752876834542079_n-225x300.jpg 225w, https:\/\/static-blogs.diariovasco.com\/wp-content\/uploads\/sites\/19\/2024\/06\/448162678_10160327838432877_9210752876834542079_n.jpg 720w\" sizes=\"(max-width: 225px) 100vw, 225px\" \/><\/a>Me siento a tomar una \u201cespigueta\u201d que es un bocadillo estrecho y largo bien untado en tomate y con prote\u00edna en su interior. por 1,80\u20ac y el riqu\u00edsimo \u201ctallat\u201d con su galletita de mantequilla por 1,20\u20ac. Como en casa, vamos, que dicen que no se est\u00e1 mejor en ninguna parte\u2026<\/p>\n<p>\u201cEch\u00e9 la ma\u00f1ana\u201d y me salt\u00e9 la playa, el largo paseo y el ba\u00f1o en el mar. A cambio, pegu\u00e9 la hebra con un franc\u00e9s de mi edad que se afanaba en la mesa de al lado se\u00f1alando mi almuerzo con ojos \u00e1vidos para que la camarera le sirviera lo mismo. \u00c9ramos la perfecta pareja de desconocidos que se encuentran en el mejor de los marcos posibles: con el glamour del \u201ctodo a 3\u20ac\u201d, ambientador de fritanga, en chanclas, pantal\u00f3n corto y gorra de los \u201cyorkers\u201d. Le ped\u00ed su n\u00famero de m\u00f3vil pero ni lo llevaba encima ni se lo sab\u00eda de memoria, as\u00ed que hemos quedado el mi\u00e9rcoles que viene en el mismo sitio y a la misma hora. De pel\u00edcula, vamos.<br \/>\nMe compr\u00e9 un traje de ba\u00f1o bastante bonito por 20\u20ac -obviamente, nuevecito- al que le hab\u00eda echado el ojo en mi ciudad, en una tienda franquiciada, por m\u00e1s del doble. Lo lav\u00e9 en cuanto llegu\u00e9 a casa, lo estren\u00e9 en la piscina y, oh, milagro, ni ha encogido ni deste\u00f1ido, ergo nadie me ha estafado.<\/p>\n<p><a href=\"https:\/\/static-blogs.diariovasco.com\/wp-content\/uploads\/sites\/19\/2024\/06\/448216654_10160327838407877_7748611313475141783_n.jpg\"><img loading=\"lazy\" src=\"https:\/\/static-blogs.diariovasco.com\/wp-content\/uploads\/sites\/19\/2024\/06\/448216654_10160327838407877_7748611313475141783_n-169x300.jpg\" alt=\"\" width=\"169\" height=\"300\" class=\"alignleft size-medium wp-image-9987\" srcset=\"https:\/\/static-blogs.diariovasco.com\/wp-content\/uploads\/sites\/19\/2024\/06\/448216654_10160327838407877_7748611313475141783_n-169x300.jpg 169w, https:\/\/static-blogs.diariovasco.com\/wp-content\/uploads\/sites\/19\/2024\/06\/448216654_10160327838407877_7748611313475141783_n.jpg 540w\" sizes=\"(max-width: 169px) 100vw, 169px\" \/><\/a>Gaia me esperaba en casa dormida en su camita. Somos el equipo perfecto.<\/p>\n<p>Felices las felices.<\/p>\n<p>LaAlquimista<\/p>\n<p>Te invito a visitar mi p\u00e1gina en Facebook.<br \/>\nhttps:\/\/www.facebook.com\/apartirdelos50\/<br \/>\nPor si alguien desea contactar:<br \/>\napartirdeloscincuenta@gmail.com<\/p>\n<!-- AddThis Advanced Settings generic via filter on the_content --><!-- AddThis Share Buttons generic via filter on the_content -->","protected":false},"excerpt":{"rendered":"<p>Me gustan a rabiar los mercadillos de los pueblos grandes por lo que tienen de libro de texto de sociolog\u00eda aplicada. En pocos lugares encontraremos este \u201ctotum revolutum\u201d de deseos y necesidad. Deseos \u2013los de los turistas- de sacar la foto del pintoresquismo popular y comprar cuatro frusler\u00edas a precio conveniente (conveniente para ellos que [&hellip;]<!-- AddThis Advanced Settings generic via filter on get_the_excerpt --><!-- AddThis Share Buttons generic via filter on get_the_excerpt --><\/p>\n","protected":false},"author":34,"featured_media":0,"comment_status":"open","ping_status":"closed","sticky":false,"template":"","format":"standard","meta":[],"categories":[2],"tags":[],"_links":{"self":[{"href":"https:\/\/blogs.diariovasco.com\/apartirdelos50\/wp-json\/wp\/v2\/posts\/9981"}],"collection":[{"href":"https:\/\/blogs.diariovasco.com\/apartirdelos50\/wp-json\/wp\/v2\/posts"}],"about":[{"href":"https:\/\/blogs.diariovasco.com\/apartirdelos50\/wp-json\/wp\/v2\/types\/post"}],"author":[{"embeddable":true,"href":"https:\/\/blogs.diariovasco.com\/apartirdelos50\/wp-json\/wp\/v2\/users\/34"}],"replies":[{"embeddable":true,"href":"https:\/\/blogs.diariovasco.com\/apartirdelos50\/wp-json\/wp\/v2\/comments?post=9981"}],"version-history":[{"count":4,"href":"https:\/\/blogs.diariovasco.com\/apartirdelos50\/wp-json\/wp\/v2\/posts\/9981\/revisions"}],"predecessor-version":[{"id":9994,"href":"https:\/\/blogs.diariovasco.com\/apartirdelos50\/wp-json\/wp\/v2\/posts\/9981\/revisions\/9994"}],"wp:attachment":[{"href":"https:\/\/blogs.diariovasco.com\/apartirdelos50\/wp-json\/wp\/v2\/media?parent=9981"}],"wp:term":[{"taxonomy":"category","embeddable":true,"href":"https:\/\/blogs.diariovasco.com\/apartirdelos50\/wp-json\/wp\/v2\/categories?post=9981"},{"taxonomy":"post_tag","embeddable":true,"href":"https:\/\/blogs.diariovasco.com\/apartirdelos50\/wp-json\/wp\/v2\/tags?post=9981"}],"curies":[{"name":"wp","href":"https:\/\/api.w.org\/{rel}","templated":true}]}}