{"id":9989,"date":"2024-06-19T06:52:34","date_gmt":"2024-06-19T05:52:34","guid":{"rendered":"https:\/\/blogs.diariovasco.com\/apartirdelos50\/?p=9989"},"modified":"2024-06-17T09:00:57","modified_gmt":"2024-06-17T08:00:57","slug":"yo-no-trabajo-aqui","status":"publish","type":"post","link":"https:\/\/blogs.diariovasco.com\/apartirdelos50\/2024\/06\/19\/yo-no-trabajo-aqui\/","title":{"rendered":"&#8220;Yo no trabajo aqu\u00ed&#8221;"},"content":{"rendered":"<p><a href=\"https:\/\/static-blogs.diariovasco.com\/wp-content\/uploads\/sites\/19\/2024\/06\/TOSHIBA-System7-selfcheckout.jpg\"><img loading=\"lazy\" src=\"https:\/\/static-blogs.diariovasco.com\/wp-content\/uploads\/sites\/19\/2024\/06\/TOSHIBA-System7-selfcheckout.jpg\" alt=\"\" width=\"450\" height=\"588\" class=\"aligncenter size-full wp-image-9990\" srcset=\"https:\/\/static-blogs.diariovasco.com\/wp-content\/uploads\/sites\/19\/2024\/06\/TOSHIBA-System7-selfcheckout.jpg 450w, https:\/\/static-blogs.diariovasco.com\/wp-content\/uploads\/sites\/19\/2024\/06\/TOSHIBA-System7-selfcheckout-230x300.jpg 230w\" sizes=\"(max-width: 450px) 100vw, 450px\" \/><\/a><br \/>\nAyer me salt\u00e9 la playa porque recib\u00eda la visita de gente querida capaz de hacerse 150kms. para venir a abrazarme y compartir conmigo unas horas. As\u00ed que fui de buena ma\u00f1ana al Esclat, que es un s\u00faper que tienen cosas de km.0, y sobre todo, pescado del bueno, del mar, bien elegido y preparado. Es caro en comparaci\u00f3n con otros de la zona, pero bien vale darse un poco de capricho cuando la ocasi\u00f3n lo merece.<br \/>\nA las diez de la ma\u00f1ana de un d\u00eda soleado y todav\u00eda fresco, est\u00e1bamos cuatro clientes con cara de despistados, que es lo que me pasa a m\u00ed cuando entro a un comercio y estoy pr\u00e1cticamente sola y todas las dependientas est\u00e1n pendientes de qu\u00e9 miro y qu\u00e9 toco.<br \/>\n\u201cVeni, vidi, vincit\u201d y en menos de un cuarto de hora ya estaba yo enfilando a las cajas para pagar. Ah\u00ed me tropec\u00e9 con el criterio vergonzoso del Consejo de Direcci\u00f3n, la Oficina de Recursos Humanos y la Directiva de Marketing del supermercado. Menos afluencia, menos servicio, ergo UNA CAJA ABIERTA nada m\u00e1s y diez clientes con sus carritos y cara de desesperaci\u00f3n esperando.<br \/>\nSin embargo, en la otra esquina, casi camufladas con la pared, estaban las cajas de \u201cautopago\u201d, ese invento del pitagor\u00edn de turno que ha decidido que el cliente haga el trabajo del empleado como si estuviera en n\u00f3mina.<\/p>\n<p><a href=\"https:\/\/static-blogs.diariovasco.com\/wp-content\/uploads\/sites\/19\/2024\/06\/17260869-riendo-grupo-de-ejecutivos-de-negocios-dando-un-pulgar-hacia-arriba-de-la-aprobaci\u00f3n-y-de-la.jpg\"><img loading=\"lazy\" src=\"https:\/\/static-blogs.diariovasco.com\/wp-content\/uploads\/sites\/19\/2024\/06\/17260869-riendo-grupo-de-ejecutivos-de-negocios-dando-un-pulgar-hacia-arriba-de-la-aprobaci\u00f3n-y-de-la-300x200.jpg\" alt=\"\" width=\"300\" height=\"200\" class=\"alignleft size-medium wp-image-9991\" srcset=\"https:\/\/static-blogs.diariovasco.com\/wp-content\/uploads\/sites\/19\/2024\/06\/17260869-riendo-grupo-de-ejecutivos-de-negocios-dando-un-pulgar-hacia-arriba-de-la-aprobaci\u00f3n-y-de-la-300x200.jpg 300w, https:\/\/static-blogs.diariovasco.com\/wp-content\/uploads\/sites\/19\/2024\/06\/17260869-riendo-grupo-de-ejecutivos-de-negocios-dando-un-pulgar-hacia-arriba-de-la-aprobaci\u00f3n-y-de-la-768x512.jpg 768w, https:\/\/static-blogs.diariovasco.com\/wp-content\/uploads\/sites\/19\/2024\/06\/17260869-riendo-grupo-de-ejecutivos-de-negocios-dando-un-pulgar-hacia-arriba-de-la-aprobaci\u00f3n-y-de-la-1024x682.jpg 1024w, https:\/\/static-blogs.diariovasco.com\/wp-content\/uploads\/sites\/19\/2024\/06\/17260869-riendo-grupo-de-ejecutivos-de-negocios-dando-un-pulgar-hacia-arriba-de-la-aprobaci\u00f3n-y-de-la.jpg 1300w\" sizes=\"(max-width: 300px) 100vw, 300px\" \/><\/a>Empec\u00e9 a poner las cosas sin ton ni son sobre la superficie inteligente que lee los c\u00f3digos de barra y seg\u00fan las leyes de Newton y las de la f\u00edsica cu\u00e1ntica, empezaron a pitar chiflidos y a encenderse luces porque con mi actitud estaba provocando el caos tecnol\u00f3gico pertinente. Adrede, adem\u00e1s, con la alevos\u00eda que provoca el abuso cuando te lo ponen delante. <\/p>\n<p>Como por arte de magia apareci\u00f3 una empleada \u2013pel\u00edn malencarada- a decirme: \u201cSenyora que ho est\u00e0 fent tot malament\u201d, a lo que respond\u00ed con mi mejor acento catal\u00e1n de vasca poliglota: \u201cSenyora\u2026\u00a1\u00e9s que jo no treballo aqu\u00ed!\u201d. Y dej\u00e9 que ella desfaciera mis entuertos. Una vez pagado todo y embolsado convenientemente, me desped\u00ed de ella como Fernando Fern\u00e1n G\u00f3mez, pero por lo bajini.<br \/>\n(En la \u00fanica caja abierta, segu\u00edan los carros llenos y pacientes haciendo la cola mientras sus portadores (casi todos hombres) miraban fijamente sus tel\u00e9fonos m\u00f3viles ajenos a cualquier otra circunstancia).<\/p>\n<p><a href=\"https:\/\/static-blogs.diariovasco.com\/wp-content\/uploads\/sites\/19\/2024\/06\/Salmon-salvaje.jpg\"><img loading=\"lazy\" src=\"https:\/\/static-blogs.diariovasco.com\/wp-content\/uploads\/sites\/19\/2024\/06\/Salmon-salvaje-193x300.jpg\" alt=\"\" width=\"193\" height=\"300\" class=\"alignright size-medium wp-image-9992\" srcset=\"https:\/\/static-blogs.diariovasco.com\/wp-content\/uploads\/sites\/19\/2024\/06\/Salmon-salvaje-193x300.jpg 193w, https:\/\/static-blogs.diariovasco.com\/wp-content\/uploads\/sites\/19\/2024\/06\/Salmon-salvaje-768x1196.jpg 768w, https:\/\/static-blogs.diariovasco.com\/wp-content\/uploads\/sites\/19\/2024\/06\/Salmon-salvaje-658x1024.jpg 658w, https:\/\/static-blogs.diariovasco.com\/wp-content\/uploads\/sites\/19\/2024\/06\/Salmon-salvaje.jpg 1056w\" sizes=\"(max-width: 193px) 100vw, 193px\" \/><\/a>Mis invitados apreciaron el esfuerzo culinario, alabaron mi peque\u00f1a guarida vacacional y me achicharraron las meninges explic\u00e1ndome \u2013seg\u00fan su punto de vista- la situaci\u00f3n pol\u00edtica catalana del momento actual. (Y yo que hubiera preferido charlar del sentido de la vida en general o del desencanto en particular). Al despedirnos \u2013casi a las nueve de la noche- les cont\u00e9 la an\u00e9cdota matutina del supermercado y la remat\u00e9 enganchando una moraleja con la otra: \u201cEs que yo no trabajo aqu\u00ed\u201d, les dije&#8230; y lo entendieron a la primera. Los vascos y los catalanes, ya se sabe que siempre nos hemos llevado bastante bien&#8230;<\/p>\n<p>Felices los felices (y el salm\u00f3n salvaje de Canad\u00e1 una delicatessen, las gambas blancas de Palam\u00f3s, gloria divina, y el queso de Idiaz\u00e1bal que hab\u00eda tra\u00eddo de Euskadi, ni te cuento)<\/p>\n<p>LaAlquimista<\/p>\n<p>Te invito a visitar mi p\u00e1gina en Facebook.<br \/>\nhttps:\/\/www.facebook.com\/apartirdelos50\/<br \/>\nPor si alguien desea contactar:<br \/>\napartirdeloscincuenta@gmail.com<\/p>\n<!-- AddThis Advanced Settings generic via filter on the_content --><!-- AddThis Share Buttons generic via filter on the_content -->","protected":false},"excerpt":{"rendered":"<p>Ayer me salt\u00e9 la playa porque recib\u00eda la visita de gente querida capaz de hacerse 150kms. para venir a abrazarme y compartir conmigo unas horas. As\u00ed que fui de buena ma\u00f1ana al Esclat, que es un s\u00faper que tienen cosas de km.0, y sobre todo, pescado del bueno, del mar, bien elegido y preparado. Es [&hellip;]<!-- AddThis Advanced Settings generic via filter on get_the_excerpt --><!-- AddThis Share Buttons generic via filter on get_the_excerpt --><\/p>\n","protected":false},"author":34,"featured_media":0,"comment_status":"open","ping_status":"closed","sticky":false,"template":"","format":"standard","meta":[],"categories":[2],"tags":[],"_links":{"self":[{"href":"https:\/\/blogs.diariovasco.com\/apartirdelos50\/wp-json\/wp\/v2\/posts\/9989"}],"collection":[{"href":"https:\/\/blogs.diariovasco.com\/apartirdelos50\/wp-json\/wp\/v2\/posts"}],"about":[{"href":"https:\/\/blogs.diariovasco.com\/apartirdelos50\/wp-json\/wp\/v2\/types\/post"}],"author":[{"embeddable":true,"href":"https:\/\/blogs.diariovasco.com\/apartirdelos50\/wp-json\/wp\/v2\/users\/34"}],"replies":[{"embeddable":true,"href":"https:\/\/blogs.diariovasco.com\/apartirdelos50\/wp-json\/wp\/v2\/comments?post=9989"}],"version-history":[{"count":1,"href":"https:\/\/blogs.diariovasco.com\/apartirdelos50\/wp-json\/wp\/v2\/posts\/9989\/revisions"}],"predecessor-version":[{"id":9993,"href":"https:\/\/blogs.diariovasco.com\/apartirdelos50\/wp-json\/wp\/v2\/posts\/9989\/revisions\/9993"}],"wp:attachment":[{"href":"https:\/\/blogs.diariovasco.com\/apartirdelos50\/wp-json\/wp\/v2\/media?parent=9989"}],"wp:term":[{"taxonomy":"category","embeddable":true,"href":"https:\/\/blogs.diariovasco.com\/apartirdelos50\/wp-json\/wp\/v2\/categories?post=9989"},{"taxonomy":"post_tag","embeddable":true,"href":"https:\/\/blogs.diariovasco.com\/apartirdelos50\/wp-json\/wp\/v2\/tags?post=9989"}],"curies":[{"name":"wp","href":"https:\/\/api.w.org\/{rel}","templated":true}]}}