{"id":192,"date":"2014-08-10T12:30:54","date_gmt":"2014-08-10T11:30:54","guid":{"rendered":"http:\/\/blogs.diariovasco.com\/banosinbarreras\/?p=192"},"modified":"2014-08-10T12:30:54","modified_gmt":"2014-08-10T11:30:54","slug":"visita-de-la-prensa-prentsa-idatziaren-bixita","status":"publish","type":"post","link":"https:\/\/blogs.diariovasco.com\/banosinbarreras\/2014\/08\/10\/visita-de-la-prensa-prentsa-idatziaren-bixita\/","title":{"rendered":"VISITA DE LA PRENSA\/ PRENTSA IDATZIAREN BIXITA"},"content":{"rendered":"<p>El pasado mi\u00e9rcoles un grupo de periodistas y fot\u00f3grafos de los principales peri\u00f3dicos de Gipuzkoa nos visitaron en la playa para hacer llegar a todos los ciudadanos de Gipuzkoa el programa que se lleva a cabo en la playa de Hondarribia mediante sus cr\u00f3nicas. Ademas de informarse hablando con usuarios,monitores y coordinacion, tambien tuvieron la ocasion de sacar instantaneas del trabajo que se realiza, tanto en agua como en arena. Prueba de ello es esta bonita foto de familia.<\/p>\n<p>Agradecer a Joel Iglesias, periodista de Diario Vasco, su gran labor en la cronica escrita ya que ha reflejado muy bien lo que el programa es y supone para los usuarios. Gracias!<\/p>\n<p>&nbsp;<\/p>\n<p><a href=\"\/banosinbarreras\/wp-content\/uploads\/sites\/20\/2014\/08\/10347637_812350455462048_4422182374068758308_n.jpg\"><img loading=\"lazy\" class=\"alignnone size-full wp-image-188\" title=\"10347637_812350455462048_4422182374068758308_n\" src=\"\/banosinbarreras\/wp-content\/uploads\/sites\/20\/2014\/08\/10347637_812350455462048_4422182374068758308_n.jpg\" alt=\"\" width=\"800\" height=\"600\" srcset=\"https:\/\/static-blogs.diariovasco.com\/wp-content\/uploads\/sites\/20\/2014\/08\/10347637_812350455462048_4422182374068758308_n.jpg 800w, https:\/\/static-blogs.diariovasco.com\/wp-content\/uploads\/sites\/20\/2014\/08\/10347637_812350455462048_4422182374068758308_n-300x225.jpg 300w, https:\/\/static-blogs.diariovasco.com\/wp-content\/uploads\/sites\/20\/2014\/08\/10347637_812350455462048_4422182374068758308_n-768x576.jpg 768w\" sizes=\"(max-width: 800px) 100vw, 800px\" \/><\/a><\/p>\n<p>&nbsp;<\/p>\n<p>Aurreko Asteazkenean Gipuzkoako egunkari garrantzitsuenetariko kazetari eta argazkilari talde bat \u00a0azaldu zen hondartzan, Gipuzkoako biztaleri guztiari Hondarribiko programaren inguruan berri emateko. Bezero, begirale eta koordinazioakin hitz egiteaz gain, uretan zein hondarretan egiten den lanari argazkiak ateratzeko aukera izan zuten. Bestela begira familian atera genuen argazki polit hau.<\/p>\n<p>Amaitzeko, Diario Vascoko Joel Iglesias kazetariari esker bereziak eman, oso ondo isolatua utzi baitu bere kronikan gure bezeroentzako zer den programa. Mila esker!<\/p>\n<p>&nbsp;<\/p>\n<p>&nbsp;<\/p>\n<p>&nbsp;<\/p>\n<p>&nbsp;<\/p>\n<!-- AddThis Advanced Settings generic via filter on the_content --><!-- AddThis Share Buttons generic via filter on the_content -->","protected":false},"excerpt":{"rendered":"<p>El pasado mi\u00e9rcoles un grupo de periodistas y fot\u00f3grafos de los principales peri\u00f3dicos de Gipuzkoa nos visitaron en la playa para hacer llegar a todos los ciudadanos de Gipuzkoa el programa que se lleva a cabo en la playa de Hondarribia mediante sus cr\u00f3nicas. Ademas de informarse hablando con usuarios,monitores y coordinacion, tambien tuvieron la [&hellip;]<!-- AddThis Advanced Settings generic via filter on get_the_excerpt --><!-- AddThis Share Buttons generic via filter on get_the_excerpt --><\/p>\n","protected":false},"author":36,"featured_media":0,"comment_status":"open","ping_status":"open","sticky":false,"template":"","format":"standard","meta":[],"categories":[2],"tags":[],"_links":{"self":[{"href":"https:\/\/blogs.diariovasco.com\/banosinbarreras\/wp-json\/wp\/v2\/posts\/192"}],"collection":[{"href":"https:\/\/blogs.diariovasco.com\/banosinbarreras\/wp-json\/wp\/v2\/posts"}],"about":[{"href":"https:\/\/blogs.diariovasco.com\/banosinbarreras\/wp-json\/wp\/v2\/types\/post"}],"author":[{"embeddable":true,"href":"https:\/\/blogs.diariovasco.com\/banosinbarreras\/wp-json\/wp\/v2\/users\/36"}],"replies":[{"embeddable":true,"href":"https:\/\/blogs.diariovasco.com\/banosinbarreras\/wp-json\/wp\/v2\/comments?post=192"}],"version-history":[{"count":0,"href":"https:\/\/blogs.diariovasco.com\/banosinbarreras\/wp-json\/wp\/v2\/posts\/192\/revisions"}],"wp:attachment":[{"href":"https:\/\/blogs.diariovasco.com\/banosinbarreras\/wp-json\/wp\/v2\/media?parent=192"}],"wp:term":[{"taxonomy":"category","embeddable":true,"href":"https:\/\/blogs.diariovasco.com\/banosinbarreras\/wp-json\/wp\/v2\/categories?post=192"},{"taxonomy":"post_tag","embeddable":true,"href":"https:\/\/blogs.diariovasco.com\/banosinbarreras\/wp-json\/wp\/v2\/tags?post=192"}],"curies":[{"name":"wp","href":"https:\/\/api.w.org\/{rel}","templated":true}]}}