{"id":33,"date":"2008-09-01T13:43:20","date_gmt":"2008-09-01T13:43:20","guid":{"rendered":"http:\/\/blogs.diariovasco.com\/banosinbarreras\/?p=33"},"modified":"2008-09-01T13:43:20","modified_gmt":"2008-09-01T13:43:20","slug":"title_780","status":"publish","type":"post","link":"https:\/\/blogs.diariovasco.com\/banosinbarreras\/2008\/09\/01\/title_780\/","title":{"rendered":"ORAINDIK BADA AUKERA ETORTZEKO"},"content":{"rendered":"<p><P><FONT face=Arial size=2>Oztoporik gabeko bainua programa amaitzear dago iada, baina oraindik egun batzuk daude Hondarribiako hondartzara etortzeko. Aurten, jende ugari hurbildu da Gipuzkoako Kirol Egokituen Federazioak martxan jarri duen programara. Momentuz seirehun zerbitzu inguru egin dituzte langileek, eta balorazioa oso ona da. Irailaren 10an amaituko da Oztoporik gabeko bainua, baina oraindik norbaitek etorri nahi badu, lasai egin dezake!!<\/FONT><\/P><br \/>\n<P>&nbsp;<\/P><br \/>\n<P><FONT color=#ff6600 size=3><STRONG>GOGORATU! ERRESERBA TELEFONOA: 651 902 666<\/STRONG><\/FONT><\/P><br \/>\n<P>&nbsp;<\/P><br \/>\n<P><IMG style=\"WIDTH: 332px; HEIGHT: 271px\" height=227 src=\"\/banosinbarreras\/wp-content\/uploads\/sites\/20\/DSC00420.JPG\" width=257 align=middle border=5><\/P><br \/>\n<P>&nbsp;<\/P><br \/>\n<P>&nbsp;<\/P><br \/>\n<P><FONT color=#0000ff size=4><STRONG>TODAVIA HAY TIEMPO PARA VENIR<\/STRONG><\/FONT><\/P><br \/>\n<P>&nbsp;<\/P><br \/>\n<P><FONT face=Arial size=2>El programa Ba\u00f1o sin barreras est\u00e1 llegando a su fin, pero todav\u00eda quedan algunos d\u00edas para poder disfrutar de la playa de Hondarribia. Este a\u00f1o ha participado mucha gente en el proyecto que ha lanzado por segunda vez la Federaci\u00f3n Guipuzcoana de Deporte Adaptado.&nbsp;Al menos se han llevado a cabo 600 servicios y la valoraci\u00f3n es muy positiva. El programa terminar\u00e1 el d\u00eda 10 de septiembre, pero&nbsp;en los d\u00edas que quedan pueden venir todos los que quieran tranquilamente.<\/FONT><\/P><br \/>\n<P><FONT face=Arial size=2><\/FONT>&nbsp;<\/P><br \/>\n<P><FONT face=Arial color=#ff6600 size=4><STRONG>\u00a1RECORDAD! TEL\u00c9FONO DE RESERVA: 651 902 666<\/STRONG><\/FONT><\/P><\/p>\n<!-- AddThis Advanced Settings generic via filter on the_content --><!-- AddThis Share Buttons generic via filter on the_content -->","protected":false},"excerpt":{"rendered":"<p>Oztoporik gabeko bainua programa amaitzear dago iada, baina oraindik egun batzuk daude Hondarribiako hondartzara etortzeko. Aurten, jende ugari hurbildu da Gipuzkoako Kirol Egokituen Federazioak martxan jarri duen programara. Momentuz seirehun zerbitzu inguru egin dituzte langileek, eta balorazioa oso ona da. Irailaren 10an amaituko da Oztoporik gabeko bainua, baina oraindik norbaitek etorri nahi badu, lasai egin [&hellip;]<!-- AddThis Advanced Settings generic via filter on get_the_excerpt --><!-- AddThis Share Buttons generic via filter on get_the_excerpt --><\/p>\n","protected":false},"author":35,"featured_media":0,"comment_status":"open","ping_status":"closed","sticky":false,"template":"","format":"standard","meta":[],"categories":[2],"tags":[4],"_links":{"self":[{"href":"https:\/\/blogs.diariovasco.com\/banosinbarreras\/wp-json\/wp\/v2\/posts\/33"}],"collection":[{"href":"https:\/\/blogs.diariovasco.com\/banosinbarreras\/wp-json\/wp\/v2\/posts"}],"about":[{"href":"https:\/\/blogs.diariovasco.com\/banosinbarreras\/wp-json\/wp\/v2\/types\/post"}],"author":[{"embeddable":true,"href":"https:\/\/blogs.diariovasco.com\/banosinbarreras\/wp-json\/wp\/v2\/users\/35"}],"replies":[{"embeddable":true,"href":"https:\/\/blogs.diariovasco.com\/banosinbarreras\/wp-json\/wp\/v2\/comments?post=33"}],"version-history":[{"count":0,"href":"https:\/\/blogs.diariovasco.com\/banosinbarreras\/wp-json\/wp\/v2\/posts\/33\/revisions"}],"wp:attachment":[{"href":"https:\/\/blogs.diariovasco.com\/banosinbarreras\/wp-json\/wp\/v2\/media?parent=33"}],"wp:term":[{"taxonomy":"category","embeddable":true,"href":"https:\/\/blogs.diariovasco.com\/banosinbarreras\/wp-json\/wp\/v2\/categories?post=33"},{"taxonomy":"post_tag","embeddable":true,"href":"https:\/\/blogs.diariovasco.com\/banosinbarreras\/wp-json\/wp\/v2\/tags?post=33"}],"curies":[{"name":"wp","href":"https:\/\/api.w.org\/{rel}","templated":true}]}}