{"id":1154,"date":"2014-07-02T18:22:17","date_gmt":"2014-07-02T17:22:17","guid":{"rendered":"http:\/\/blogs.diariovasco.com\/baratzean\/?p=1154"},"modified":"2014-07-02T18:22:17","modified_gmt":"2014-07-02T17:22:17","slug":"primeras-guindillas-de-la-temporada","status":"publish","type":"post","link":"https:\/\/blogs.diariovasco.com\/baratzean\/2014\/07\/02\/primeras-guindillas-de-la-temporada\/","title":{"rendered":"Primeras guindillas de la temporada"},"content":{"rendered":"<p><iframe loading=\"lazy\" width=\"500\" height=\"375\" src=\"https:\/\/www.youtube.com\/embed\/VV8IncmaUBU?feature=oembed\" frameborder=\"0\" allowfullscreen><\/iframe><br \/>\nEl domingo llev\u00e9 a casa la primera recogida de cosas ricas para comer, entre ella las primeras guindillas de la temporada. Aunque en el v\u00eddeo parece que son un poquito grandes no picaba ninguna. El tiempo que ha hecho hasta ahora no es como para que piquen ya la que las temperaturas est\u00e1n siendo muy buenas para ellas y adem\u00e1s est\u00e1n bien regadas con lo que est\u00e1 lloviendo. Esta variedad de guindilla es muy carnosa, con una piel fina y por tanto muy rica para comer. Ya he comentado en alguna ocasi\u00f3n que la semilla lleva en casa m\u00e1s de 50 a\u00f1os. Es una variedad que en realidad no s\u00e9 de d\u00f3nde procede, pero lo que s\u00ed puedo decir es que es diferente a la de Ibarra, tanto en sabor como en carnosa. Puede que la guindilla de Ibarra le gane algo en sabor (todo hay que decirlo) pero esta como digo es m\u00e1s carnosa y de piel m\u00e1s fina. Tambi\u00e9n podr\u00eda decir en su favor que le cuesta m\u00e1s desarrollar el picor que a la de Ibarra. En fin, que para gustos lo colores y a m\u00ed como me parece que es una guindilla ideal guardo la semilla, como mis antepasados, para que no haya manipulaciones gen\u00e9ticas, que hoy en d\u00eda es lo que se lleva en toda clase de semillas para que den m\u00e1s producci\u00f3n. En  el v\u00eddeo se puede observar c\u00f3mo las plantas han crecido bastante con estos d\u00edas de lluvia, y es que este agua le ha dado mucho arre\u00f3n a la huerta.<\/p>\n<!-- AddThis Advanced Settings generic via filter on the_content --><!-- AddThis Share Buttons generic via filter on the_content -->","protected":false},"excerpt":{"rendered":"<p>El domingo llev\u00e9 a casa la primera recogida de cosas ricas para comer, entre ella las primeras guindillas de la temporada. Aunque en el v\u00eddeo parece que son un poquito grandes no picaba ninguna. El tiempo que ha hecho hasta ahora no es como para que piquen ya la que las temperaturas est\u00e1n siendo muy [&hellip;]<!-- AddThis Advanced Settings generic via filter on get_the_excerpt --><!-- AddThis Share Buttons generic via filter on get_the_excerpt --><\/p>\n","protected":false},"author":25,"featured_media":0,"comment_status":"open","ping_status":"closed","sticky":false,"template":"","format":"standard","meta":[],"categories":[3],"tags":[],"_links":{"self":[{"href":"https:\/\/blogs.diariovasco.com\/baratzean\/wp-json\/wp\/v2\/posts\/1154"}],"collection":[{"href":"https:\/\/blogs.diariovasco.com\/baratzean\/wp-json\/wp\/v2\/posts"}],"about":[{"href":"https:\/\/blogs.diariovasco.com\/baratzean\/wp-json\/wp\/v2\/types\/post"}],"author":[{"embeddable":true,"href":"https:\/\/blogs.diariovasco.com\/baratzean\/wp-json\/wp\/v2\/users\/25"}],"replies":[{"embeddable":true,"href":"https:\/\/blogs.diariovasco.com\/baratzean\/wp-json\/wp\/v2\/comments?post=1154"}],"version-history":[{"count":0,"href":"https:\/\/blogs.diariovasco.com\/baratzean\/wp-json\/wp\/v2\/posts\/1154\/revisions"}],"wp:attachment":[{"href":"https:\/\/blogs.diariovasco.com\/baratzean\/wp-json\/wp\/v2\/media?parent=1154"}],"wp:term":[{"taxonomy":"category","embeddable":true,"href":"https:\/\/blogs.diariovasco.com\/baratzean\/wp-json\/wp\/v2\/categories?post=1154"},{"taxonomy":"post_tag","embeddable":true,"href":"https:\/\/blogs.diariovasco.com\/baratzean\/wp-json\/wp\/v2\/tags?post=1154"}],"curies":[{"name":"wp","href":"https:\/\/api.w.org\/{rel}","templated":true}]}}