{"id":1155,"date":"2014-07-03T18:21:03","date_gmt":"2014-07-03T17:21:03","guid":{"rendered":"http:\/\/blogs.diariovasco.com\/baratzean\/?p=1155"},"modified":"2014-07-03T18:21:03","modified_gmt":"2014-07-03T17:21:03","slug":"malformaciones-en-los-tomates","status":"publish","type":"post","link":"https:\/\/blogs.diariovasco.com\/baratzean\/2014\/07\/03\/malformaciones-en-los-tomates\/","title":{"rendered":"Malformaciones en los tomates"},"content":{"rendered":"<p><iframe loading=\"lazy\" width=\"500\" height=\"375\" src=\"https:\/\/www.youtube.com\/embed\/56Ym80nuhgg?feature=oembed\" frameborder=\"0\" allowfullscreen><\/iframe><br \/>\nHabr\u00e1 alg\u00fan fruto de la huerta que sea tan vulnerable como el tomate? Es que no hay cosa que no le afecte. Si llueve, porque no le viene bien, si hace fr\u00edo, tampoco, si bajan las temperaturas un poco m\u00e1s de lo normal, tambi\u00e9n lo acusan, y m\u00e1s y m\u00e1s y m\u00e1s&#8230; todo le viene mal. Bueno, se me olvidaba, si las temperaturas suben por encima de los 32 o 34 grados, se le cae la flor y se queman los frutos expuestos al sol&#8230; Vamos, que para cuando le viene un a\u00f1o a su agrado tiene que pasar casi una d\u00e9cada&#8230;<br \/>\nEstos granos que he puesto en el v\u00eddeo son el resultado del tiempo que tenemos. Bajas temperaturas, lluvia y dem\u00e1s. Un tanto por ciento muy elevado de la flor que estos d\u00edas cuaja a grano se ve malformado por estas inclemencias del tiempo y el resultado es el expuesto en el v\u00eddeo. Ahora, cuando son peque\u00f1os los granos, parece que no es demasiada la malformaci\u00f3n, pero luego en la medida en que se van haciendo m\u00e1s grandes no valen para nada, son horrorosos y muy poco aprovechables. El s\u00e1bado, que parece que puede levantar un poco el tiempo, pasar\u00e9 minuciosamente quitando todos aqu\u00e9llos que vea que est\u00e1n malformados porque para que se hagan grandes y chupen el alimento a otros, prefiero dejar a los que est\u00e9n bien formados y quitar el resto.<\/p>\n<!-- AddThis Advanced Settings generic via filter on the_content --><!-- AddThis Share Buttons generic via filter on the_content -->","protected":false},"excerpt":{"rendered":"<p>Habr\u00e1 alg\u00fan fruto de la huerta que sea tan vulnerable como el tomate? Es que no hay cosa que no le afecte. Si llueve, porque no le viene bien, si hace fr\u00edo, tampoco, si bajan las temperaturas un poco m\u00e1s de lo normal, tambi\u00e9n lo acusan, y m\u00e1s y m\u00e1s y m\u00e1s&#8230; todo le viene [&hellip;]<!-- AddThis Advanced Settings generic via filter on get_the_excerpt --><!-- AddThis Share Buttons generic via filter on get_the_excerpt --><\/p>\n","protected":false},"author":25,"featured_media":0,"comment_status":"open","ping_status":"closed","sticky":false,"template":"","format":"standard","meta":[],"categories":[3],"tags":[],"_links":{"self":[{"href":"https:\/\/blogs.diariovasco.com\/baratzean\/wp-json\/wp\/v2\/posts\/1155"}],"collection":[{"href":"https:\/\/blogs.diariovasco.com\/baratzean\/wp-json\/wp\/v2\/posts"}],"about":[{"href":"https:\/\/blogs.diariovasco.com\/baratzean\/wp-json\/wp\/v2\/types\/post"}],"author":[{"embeddable":true,"href":"https:\/\/blogs.diariovasco.com\/baratzean\/wp-json\/wp\/v2\/users\/25"}],"replies":[{"embeddable":true,"href":"https:\/\/blogs.diariovasco.com\/baratzean\/wp-json\/wp\/v2\/comments?post=1155"}],"version-history":[{"count":0,"href":"https:\/\/blogs.diariovasco.com\/baratzean\/wp-json\/wp\/v2\/posts\/1155\/revisions"}],"wp:attachment":[{"href":"https:\/\/blogs.diariovasco.com\/baratzean\/wp-json\/wp\/v2\/media?parent=1155"}],"wp:term":[{"taxonomy":"category","embeddable":true,"href":"https:\/\/blogs.diariovasco.com\/baratzean\/wp-json\/wp\/v2\/categories?post=1155"},{"taxonomy":"post_tag","embeddable":true,"href":"https:\/\/blogs.diariovasco.com\/baratzean\/wp-json\/wp\/v2\/tags?post=1155"}],"curies":[{"name":"wp","href":"https:\/\/api.w.org\/{rel}","templated":true}]}}