{"id":1166,"date":"2014-07-22T21:26:55","date_gmt":"2014-07-22T20:26:55","guid":{"rendered":"http:\/\/blogs.diariovasco.com\/baratzean\/?p=1166"},"modified":"2014-07-22T21:26:55","modified_gmt":"2014-07-22T20:26:55","slug":"siembra-de-vainas-3","status":"publish","type":"post","link":"https:\/\/blogs.diariovasco.com\/baratzean\/2014\/07\/22\/siembra-de-vainas-3\/","title":{"rendered":"Siembra de vainas"},"content":{"rendered":"<p><iframe loading=\"lazy\" width=\"500\" height=\"375\" src=\"https:\/\/www.youtube.com\/embed\/BUkMFhfSu1g?feature=oembed\" frameborder=\"0\" allowfullscreen><\/iframe><br \/>\nEste es el cuadro donde estaban las patatas. Como se puede observar en el v\u00eddeo, el menguante pasado (cuando libr\u00e9 la mitad del cuadro) r\u00e1pidamente sembr\u00e9 alubia negra y ahora que ya he terminado de sacar todas las patatas, he hecho la \u00faltima siembra de vainas. Si le acompa\u00f1a un poco el tiempo (factor este muy importante en el tema hort\u00edcola) podr\u00e9 recoger vainas hasta mediados de octubre, muy probablemente. Como he comentado en alguna ocasi\u00f3n, en el lugar donde han estado sembradas las patatas, la alubia y la vaina se dan muy bien. Tambi\u00e9n se puede ver el otro peque\u00f1o cuadro de vainas que sembr\u00e9 el menguante pasado, donde estaban los cogollos, vainas que ya est\u00e1n trepando por las ca\u00f1as.<\/p>\n<!-- AddThis Advanced Settings generic via filter on the_content --><!-- AddThis Share Buttons generic via filter on the_content -->","protected":false},"excerpt":{"rendered":"<p>Este es el cuadro donde estaban las patatas. Como se puede observar en el v\u00eddeo, el menguante pasado (cuando libr\u00e9 la mitad del cuadro) r\u00e1pidamente sembr\u00e9 alubia negra y ahora que ya he terminado de sacar todas las patatas, he hecho la \u00faltima siembra de vainas. Si le acompa\u00f1a un poco el tiempo (factor este [&hellip;]<!-- AddThis Advanced Settings generic via filter on get_the_excerpt --><!-- AddThis Share Buttons generic via filter on get_the_excerpt --><\/p>\n","protected":false},"author":25,"featured_media":0,"comment_status":"open","ping_status":"closed","sticky":false,"template":"","format":"standard","meta":[],"categories":[3],"tags":[],"_links":{"self":[{"href":"https:\/\/blogs.diariovasco.com\/baratzean\/wp-json\/wp\/v2\/posts\/1166"}],"collection":[{"href":"https:\/\/blogs.diariovasco.com\/baratzean\/wp-json\/wp\/v2\/posts"}],"about":[{"href":"https:\/\/blogs.diariovasco.com\/baratzean\/wp-json\/wp\/v2\/types\/post"}],"author":[{"embeddable":true,"href":"https:\/\/blogs.diariovasco.com\/baratzean\/wp-json\/wp\/v2\/users\/25"}],"replies":[{"embeddable":true,"href":"https:\/\/blogs.diariovasco.com\/baratzean\/wp-json\/wp\/v2\/comments?post=1166"}],"version-history":[{"count":0,"href":"https:\/\/blogs.diariovasco.com\/baratzean\/wp-json\/wp\/v2\/posts\/1166\/revisions"}],"wp:attachment":[{"href":"https:\/\/blogs.diariovasco.com\/baratzean\/wp-json\/wp\/v2\/media?parent=1166"}],"wp:term":[{"taxonomy":"category","embeddable":true,"href":"https:\/\/blogs.diariovasco.com\/baratzean\/wp-json\/wp\/v2\/categories?post=1166"},{"taxonomy":"post_tag","embeddable":true,"href":"https:\/\/blogs.diariovasco.com\/baratzean\/wp-json\/wp\/v2\/tags?post=1166"}],"curies":[{"name":"wp","href":"https:\/\/api.w.org\/{rel}","templated":true}]}}