{"id":1172,"date":"2014-08-04T18:52:58","date_gmt":"2014-08-04T17:52:58","guid":{"rendered":"http:\/\/blogs.diariovasco.com\/baratzean\/?p=1172"},"modified":"2014-08-04T18:52:58","modified_gmt":"2014-08-04T17:52:58","slug":"las-calabazas-8","status":"publish","type":"post","link":"https:\/\/blogs.diariovasco.com\/baratzean\/2014\/08\/04\/las-calabazas-8\/","title":{"rendered":"Las calabazas"},"content":{"rendered":"<p><iframe loading=\"lazy\" width=\"500\" height=\"375\" src=\"https:\/\/www.youtube.com\/embed\/HaGSQr7sEnA?feature=oembed\" frameborder=\"0\" allowfullscreen><\/iframe><br \/>\nLa semana pasada comentaba que este a\u00f1o los calabacines est\u00e1n muy hermosos y bonitos, que era un a\u00f1o muy bueno. Pues las calabazas no se quedan atr\u00e1s en cuanto a la fuerza que han cogido y lo bonitas que est\u00e1n. Han ocupado todo el terreno y no dejan que salga ni una hierba. Otra cosa es que, as\u00ed como los calabacines est\u00e1n dando mucho, las calabazas no tienen muchos frutos por el momento. En el v\u00eddeo se puede ver alguna. Ayer me met\u00ed con cuidado en el cuadro y apenas se ve\u00edan ejemplares y eso que otros a\u00f1os, para esta fecha ya suelen tener algunos majos. Ya veremos  lo que ocurre  de aqu\u00ed a septiembre, que es cuando se comienza a recogerlas. <\/p>\n<!-- AddThis Advanced Settings generic via filter on the_content --><!-- AddThis Share Buttons generic via filter on the_content -->","protected":false},"excerpt":{"rendered":"<p>La semana pasada comentaba que este a\u00f1o los calabacines est\u00e1n muy hermosos y bonitos, que era un a\u00f1o muy bueno. Pues las calabazas no se quedan atr\u00e1s en cuanto a la fuerza que han cogido y lo bonitas que est\u00e1n. Han ocupado todo el terreno y no dejan que salga ni una hierba. Otra cosa [&hellip;]<!-- AddThis Advanced Settings generic via filter on get_the_excerpt --><!-- AddThis Share Buttons generic via filter on get_the_excerpt --><\/p>\n","protected":false},"author":25,"featured_media":0,"comment_status":"open","ping_status":"closed","sticky":false,"template":"","format":"standard","meta":[],"categories":[3],"tags":[],"_links":{"self":[{"href":"https:\/\/blogs.diariovasco.com\/baratzean\/wp-json\/wp\/v2\/posts\/1172"}],"collection":[{"href":"https:\/\/blogs.diariovasco.com\/baratzean\/wp-json\/wp\/v2\/posts"}],"about":[{"href":"https:\/\/blogs.diariovasco.com\/baratzean\/wp-json\/wp\/v2\/types\/post"}],"author":[{"embeddable":true,"href":"https:\/\/blogs.diariovasco.com\/baratzean\/wp-json\/wp\/v2\/users\/25"}],"replies":[{"embeddable":true,"href":"https:\/\/blogs.diariovasco.com\/baratzean\/wp-json\/wp\/v2\/comments?post=1172"}],"version-history":[{"count":0,"href":"https:\/\/blogs.diariovasco.com\/baratzean\/wp-json\/wp\/v2\/posts\/1172\/revisions"}],"wp:attachment":[{"href":"https:\/\/blogs.diariovasco.com\/baratzean\/wp-json\/wp\/v2\/media?parent=1172"}],"wp:term":[{"taxonomy":"category","embeddable":true,"href":"https:\/\/blogs.diariovasco.com\/baratzean\/wp-json\/wp\/v2\/categories?post=1172"},{"taxonomy":"post_tag","embeddable":true,"href":"https:\/\/blogs.diariovasco.com\/baratzean\/wp-json\/wp\/v2\/tags?post=1172"}],"curies":[{"name":"wp","href":"https:\/\/api.w.org\/{rel}","templated":true}]}}