{"id":1173,"date":"2014-08-05T19:04:01","date_gmt":"2014-08-05T18:04:01","guid":{"rendered":"http:\/\/blogs.diariovasco.com\/baratzean\/?p=1173"},"modified":"2014-08-05T19:04:01","modified_gmt":"2014-08-05T18:04:01","slug":"la-alubia-negra-7","status":"publish","type":"post","link":"https:\/\/blogs.diariovasco.com\/baratzean\/2014\/08\/05\/la-alubia-negra-7\/","title":{"rendered":"La alubia negra"},"content":{"rendered":"<p><iframe loading=\"lazy\" width=\"500\" height=\"375\" src=\"https:\/\/www.youtube.com\/embed\/vxbbVhk9ZDI?feature=oembed\" frameborder=\"0\" allowfullscreen><\/iframe><br \/>\nEste a\u00f1o la alubia negra est\u00e1 muy bonita y frondosa, se ve que el tiempo que estamos teniendo le va muy bien. Le puse las ca\u00f1as muy altas para que trepara y poco a poco est\u00e1 llegando hasta arriba. He sembrado la misma variedad de alubia en dos menguantes diferentes. La del v\u00eddeo es la primera que sembr\u00e9 y como se puede observar ya est\u00e1 echando la flor, incluso tiene algunas lecas peque\u00f1as. La otra la sembr\u00e9 en el cuadro donde estaba la patata y viene mucho m\u00e1s retrasada, acaba de comenzar a trepar por las ca\u00f1as. A  \u00e9stas \u00faltimas tendr\u00e1 que acompa\u00f1arles un poco m\u00e1s el tiempo ya que hasta finales de octubre no madurar\u00e1n. <\/p>\n<!-- AddThis Advanced Settings generic via filter on the_content --><!-- AddThis Share Buttons generic via filter on the_content -->","protected":false},"excerpt":{"rendered":"<p>Este a\u00f1o la alubia negra est\u00e1 muy bonita y frondosa, se ve que el tiempo que estamos teniendo le va muy bien. Le puse las ca\u00f1as muy altas para que trepara y poco a poco est\u00e1 llegando hasta arriba. He sembrado la misma variedad de alubia en dos menguantes diferentes. La del v\u00eddeo es la [&hellip;]<!-- AddThis Advanced Settings generic via filter on get_the_excerpt --><!-- AddThis Share Buttons generic via filter on get_the_excerpt --><\/p>\n","protected":false},"author":25,"featured_media":0,"comment_status":"open","ping_status":"closed","sticky":false,"template":"","format":"standard","meta":[],"categories":[3],"tags":[],"_links":{"self":[{"href":"https:\/\/blogs.diariovasco.com\/baratzean\/wp-json\/wp\/v2\/posts\/1173"}],"collection":[{"href":"https:\/\/blogs.diariovasco.com\/baratzean\/wp-json\/wp\/v2\/posts"}],"about":[{"href":"https:\/\/blogs.diariovasco.com\/baratzean\/wp-json\/wp\/v2\/types\/post"}],"author":[{"embeddable":true,"href":"https:\/\/blogs.diariovasco.com\/baratzean\/wp-json\/wp\/v2\/users\/25"}],"replies":[{"embeddable":true,"href":"https:\/\/blogs.diariovasco.com\/baratzean\/wp-json\/wp\/v2\/comments?post=1173"}],"version-history":[{"count":0,"href":"https:\/\/blogs.diariovasco.com\/baratzean\/wp-json\/wp\/v2\/posts\/1173\/revisions"}],"wp:attachment":[{"href":"https:\/\/blogs.diariovasco.com\/baratzean\/wp-json\/wp\/v2\/media?parent=1173"}],"wp:term":[{"taxonomy":"category","embeddable":true,"href":"https:\/\/blogs.diariovasco.com\/baratzean\/wp-json\/wp\/v2\/categories?post=1173"},{"taxonomy":"post_tag","embeddable":true,"href":"https:\/\/blogs.diariovasco.com\/baratzean\/wp-json\/wp\/v2\/tags?post=1173"}],"curies":[{"name":"wp","href":"https:\/\/api.w.org\/{rel}","templated":true}]}}