{"id":1174,"date":"2014-08-07T18:49:51","date_gmt":"2014-08-07T17:49:51","guid":{"rendered":"http:\/\/blogs.diariovasco.com\/baratzean\/?p=1174"},"modified":"2014-08-07T18:49:51","modified_gmt":"2014-08-07T17:49:51","slug":"preparando-las-semillas-de-tomate-para-el-ano-que-viene","status":"publish","type":"post","link":"https:\/\/blogs.diariovasco.com\/baratzean\/2014\/08\/07\/preparando-las-semillas-de-tomate-para-el-ano-que-viene\/","title":{"rendered":"Preparando las semillas de tomate para el a\u00f1o que viene"},"content":{"rendered":"<p><iframe loading=\"lazy\" width=\"500\" height=\"375\" src=\"https:\/\/www.youtube.com\/embed\/Y9TFScJK6JU?feature=oembed\" frameborder=\"0\" allowfullscreen><\/iframe><br \/>\nTodos los a\u00f1os por esta \u00e9poca suelo preparar la semillas de tomate con las que har\u00e9 los semilleros el a\u00f1o que viene. Hay que recordar que solo vale la pena guardar la semilla de los tomates que no son h\u00edbridos, ya que la de \u00e9stos va degenerando. Yo suelo guardar tres variedades, \u2018Igeldo plano\u2019, Igeldo puntiagudo\u2019 y \u2018Verdes\u2019. Lo que hago es dejar unos tomates de los primeros escalones de la planta, los m\u00e1s bonitos y vistosos, hasta que maduran bien.  Luego les quito las pepitas, las deposito en un colador y en la fuente les quito la viscosidad. Luego las paso a un plato, separ\u00e1ndolas lo m\u00e1ximo posible y las pongo a secar al sol. Al d\u00eda siguiente las despego del plato con el mango de un cubierto (siempre algo que no corte) y las espolvoreo con los dedos para dejarlas bien sueltas. Las dejo otro par de d\u00edas al sol y por \u00faltimo las guardo en papel de aluminio.<\/p>\n<!-- AddThis Advanced Settings generic via filter on the_content --><!-- AddThis Share Buttons generic via filter on the_content -->","protected":false},"excerpt":{"rendered":"<p>Todos los a\u00f1os por esta \u00e9poca suelo preparar la semillas de tomate con las que har\u00e9 los semilleros el a\u00f1o que viene. Hay que recordar que solo vale la pena guardar la semilla de los tomates que no son h\u00edbridos, ya que la de \u00e9stos va degenerando. Yo suelo guardar tres variedades, \u2018Igeldo plano\u2019, Igeldo [&hellip;]<!-- AddThis Advanced Settings generic via filter on get_the_excerpt --><!-- AddThis Share Buttons generic via filter on get_the_excerpt --><\/p>\n","protected":false},"author":25,"featured_media":0,"comment_status":"open","ping_status":"closed","sticky":false,"template":"","format":"standard","meta":[],"categories":[3],"tags":[],"_links":{"self":[{"href":"https:\/\/blogs.diariovasco.com\/baratzean\/wp-json\/wp\/v2\/posts\/1174"}],"collection":[{"href":"https:\/\/blogs.diariovasco.com\/baratzean\/wp-json\/wp\/v2\/posts"}],"about":[{"href":"https:\/\/blogs.diariovasco.com\/baratzean\/wp-json\/wp\/v2\/types\/post"}],"author":[{"embeddable":true,"href":"https:\/\/blogs.diariovasco.com\/baratzean\/wp-json\/wp\/v2\/users\/25"}],"replies":[{"embeddable":true,"href":"https:\/\/blogs.diariovasco.com\/baratzean\/wp-json\/wp\/v2\/comments?post=1174"}],"version-history":[{"count":0,"href":"https:\/\/blogs.diariovasco.com\/baratzean\/wp-json\/wp\/v2\/posts\/1174\/revisions"}],"wp:attachment":[{"href":"https:\/\/blogs.diariovasco.com\/baratzean\/wp-json\/wp\/v2\/media?parent=1174"}],"wp:term":[{"taxonomy":"category","embeddable":true,"href":"https:\/\/blogs.diariovasco.com\/baratzean\/wp-json\/wp\/v2\/categories?post=1174"},{"taxonomy":"post_tag","embeddable":true,"href":"https:\/\/blogs.diariovasco.com\/baratzean\/wp-json\/wp\/v2\/tags?post=1174"}],"curies":[{"name":"wp","href":"https:\/\/api.w.org\/{rel}","templated":true}]}}