{"id":1175,"date":"2014-08-11T21:08:26","date_gmt":"2014-08-11T20:08:26","guid":{"rendered":"http:\/\/blogs.diariovasco.com\/baratzean\/?p=1175"},"modified":"2014-08-11T21:08:26","modified_gmt":"2014-08-11T20:08:26","slug":"la-uva-moscatel-2","status":"publish","type":"post","link":"https:\/\/blogs.diariovasco.com\/baratzean\/2014\/08\/11\/la-uva-moscatel-2\/","title":{"rendered":"La uva moscatel"},"content":{"rendered":"<p><iframe loading=\"lazy\" width=\"500\" height=\"375\" src=\"https:\/\/www.youtube.com\/embed\/yOUNscsKgW4?feature=oembed\" frameborder=\"0\" allowfullscreen><\/iframe><br \/>\nTengo una parra de uva moscatel en la huerta por delante de la txabola para que en verano haga sombra y la verdad es que cumple muy bien su cometido. Esta variedad de uva no s\u00e9 ni de d\u00f3nde viene, siempre la he conocido en casa. Primero en un sitio, luego en otro y en el que est\u00e1 ahora lleva como unos 10 a\u00f1os. Hace mucho estaba contra una pared y era donde mejor producci\u00f3n y calidad dabA. Al estar el terreno en orientaci\u00f3n sur y con la parra pegada contra la pared cog\u00eda mucho m\u00e1s calor y daba unos racimos de uva muy dulces. Ahora no le hago mucho caso. Desde hace unos a\u00f1os la fumigo contra el \u00b4Mildiu\u2019 cuando me sobra algo en la mochila despu\u00e9s de echar a los tomates. Este a\u00f1o no tiene demasiados racimos pero alguno de ellos esta muy hermoso, como el que se puede apreciar en el v\u00eddeo. Habr\u00e1 que esperar hasta finales de septiembre para poder degustar alguno de sus granos.<\/p>\n<!-- AddThis Advanced Settings generic via filter on the_content --><!-- AddThis Share Buttons generic via filter on the_content -->","protected":false},"excerpt":{"rendered":"<p>Tengo una parra de uva moscatel en la huerta por delante de la txabola para que en verano haga sombra y la verdad es que cumple muy bien su cometido. Esta variedad de uva no s\u00e9 ni de d\u00f3nde viene, siempre la he conocido en casa. Primero en un sitio, luego en otro y en [&hellip;]<!-- AddThis Advanced Settings generic via filter on get_the_excerpt --><!-- AddThis Share Buttons generic via filter on get_the_excerpt --><\/p>\n","protected":false},"author":25,"featured_media":0,"comment_status":"open","ping_status":"closed","sticky":false,"template":"","format":"standard","meta":[],"categories":[3],"tags":[],"_links":{"self":[{"href":"https:\/\/blogs.diariovasco.com\/baratzean\/wp-json\/wp\/v2\/posts\/1175"}],"collection":[{"href":"https:\/\/blogs.diariovasco.com\/baratzean\/wp-json\/wp\/v2\/posts"}],"about":[{"href":"https:\/\/blogs.diariovasco.com\/baratzean\/wp-json\/wp\/v2\/types\/post"}],"author":[{"embeddable":true,"href":"https:\/\/blogs.diariovasco.com\/baratzean\/wp-json\/wp\/v2\/users\/25"}],"replies":[{"embeddable":true,"href":"https:\/\/blogs.diariovasco.com\/baratzean\/wp-json\/wp\/v2\/comments?post=1175"}],"version-history":[{"count":0,"href":"https:\/\/blogs.diariovasco.com\/baratzean\/wp-json\/wp\/v2\/posts\/1175\/revisions"}],"wp:attachment":[{"href":"https:\/\/blogs.diariovasco.com\/baratzean\/wp-json\/wp\/v2\/media?parent=1175"}],"wp:term":[{"taxonomy":"category","embeddable":true,"href":"https:\/\/blogs.diariovasco.com\/baratzean\/wp-json\/wp\/v2\/categories?post=1175"},{"taxonomy":"post_tag","embeddable":true,"href":"https:\/\/blogs.diariovasco.com\/baratzean\/wp-json\/wp\/v2\/tags?post=1175"}],"curies":[{"name":"wp","href":"https:\/\/api.w.org\/{rel}","templated":true}]}}