{"id":1176,"date":"2014-08-12T18:41:59","date_gmt":"2014-08-12T17:41:59","guid":{"rendered":"http:\/\/blogs.diariovasco.com\/baratzean\/?p=1176"},"modified":"2014-08-12T18:41:59","modified_gmt":"2014-08-12T17:41:59","slug":"la-vaina-vieja","status":"publish","type":"post","link":"https:\/\/blogs.diariovasco.com\/baratzean\/2014\/08\/12\/la-vaina-vieja\/","title":{"rendered":"La vaina vieja"},"content":{"rendered":"<p><iframe loading=\"lazy\" width=\"500\" height=\"375\" src=\"https:\/\/www.youtube.com\/embed\/wItcX_nhUpY?feature=oembed\" frameborder=\"0\" allowfullscreen><\/iframe><br \/>\nLa vaina suele dar una segunda floraci\u00f3n y si el tiempo le acompa\u00f1a hay ocasiones en que se vuelve a recolectar. Este a\u00f1o est\u00e1 siendo especial para la vaina. Llueve a menudo y hace un poquito de calor, lo que a la vaina le viene que ni pintado y se podr\u00eda decir que es un a\u00f1o muy bueno en cuanto a recolecci\u00f3n. Hay a\u00f1os que en la segunda floraci\u00f3n hace bastante calor y entonces se suele estropear f\u00e1cilmente ya que las hojas est\u00e1n con algo de ro\u00f1a y contagia a las lecas, manch\u00e1ndose \u00e9stas tambi\u00e9n. En el v\u00eddeo se puede observar c\u00f3mo est\u00e1 floreciendo de nuevo la primera vaina que sembr\u00e9 y tambi\u00e9n bastantes lecas peque\u00f1as. <\/p>\n<!-- AddThis Advanced Settings generic via filter on the_content --><!-- AddThis Share Buttons generic via filter on the_content -->","protected":false},"excerpt":{"rendered":"<p>La vaina suele dar una segunda floraci\u00f3n y si el tiempo le acompa\u00f1a hay ocasiones en que se vuelve a recolectar. Este a\u00f1o est\u00e1 siendo especial para la vaina. Llueve a menudo y hace un poquito de calor, lo que a la vaina le viene que ni pintado y se podr\u00eda decir que es un [&hellip;]<!-- AddThis Advanced Settings generic via filter on get_the_excerpt --><!-- AddThis Share Buttons generic via filter on get_the_excerpt --><\/p>\n","protected":false},"author":25,"featured_media":0,"comment_status":"open","ping_status":"closed","sticky":false,"template":"","format":"standard","meta":[],"categories":[3],"tags":[],"_links":{"self":[{"href":"https:\/\/blogs.diariovasco.com\/baratzean\/wp-json\/wp\/v2\/posts\/1176"}],"collection":[{"href":"https:\/\/blogs.diariovasco.com\/baratzean\/wp-json\/wp\/v2\/posts"}],"about":[{"href":"https:\/\/blogs.diariovasco.com\/baratzean\/wp-json\/wp\/v2\/types\/post"}],"author":[{"embeddable":true,"href":"https:\/\/blogs.diariovasco.com\/baratzean\/wp-json\/wp\/v2\/users\/25"}],"replies":[{"embeddable":true,"href":"https:\/\/blogs.diariovasco.com\/baratzean\/wp-json\/wp\/v2\/comments?post=1176"}],"version-history":[{"count":0,"href":"https:\/\/blogs.diariovasco.com\/baratzean\/wp-json\/wp\/v2\/posts\/1176\/revisions"}],"wp:attachment":[{"href":"https:\/\/blogs.diariovasco.com\/baratzean\/wp-json\/wp\/v2\/media?parent=1176"}],"wp:term":[{"taxonomy":"category","embeddable":true,"href":"https:\/\/blogs.diariovasco.com\/baratzean\/wp-json\/wp\/v2\/categories?post=1176"},{"taxonomy":"post_tag","embeddable":true,"href":"https:\/\/blogs.diariovasco.com\/baratzean\/wp-json\/wp\/v2\/tags?post=1176"}],"curies":[{"name":"wp","href":"https:\/\/api.w.org\/{rel}","templated":true}]}}